{"id":10151,"date":"2025-02-14T12:47:03","date_gmt":"2025-02-14T11:47:03","guid":{"rendered":"https:\/\/www.citm.upc.edu\/blog\/?p=10151"},"modified":"2025-02-18T17:25:02","modified_gmt":"2025-02-18T16:25:02","slug":"lalumni-lara-fusalba-presenta-eclipse-a-lintegrated-systems-europe-ise-2025","status":"publish","type":"post","link":"https:\/\/www.citm.upc.edu\/blog\/lalumni-lara-fusalba-presenta-eclipse-a-lintegrated-systems-europe-ise-2025\/?lang=ca","title":{"rendered":"L&#8217;alumni Lara Fusalba presenta Eclipse a l&#8217;ISE 2025"},"content":{"rendered":"<p style=\"margin-bottom: 7.5pt;\"><strong>Lara Fusalba,<\/strong> alumni del grau en Disseny Digital i Tecnologies Multim\u00e8dia del CITM,<strong> ha presentat el seu projecte <em>Eclipse<\/em> a l\u2019ISE (Integrated Systems Europe) 2025<\/strong>, un dels esdeveniments m\u00e9s importants del sector tecnol\u00f2gic i audiovisual.<!--more--><\/p>\n<p style=\"margin-bottom: 7.5pt;\"><a href=\"https:\/\/www.citm.upc.edu\/blog\/wp-content\/uploads\/2025\/02\/Lara_Fusalba.jpeg\" target=\"_blank\" rel=\"noopener\"><img loading=\"lazy\" decoding=\"async\" class=\"alignleft wp-image-10155 size-medium\" src=\"https:\/\/www.citm.upc.edu\/blog\/wp-content\/uploads\/2025\/02\/Lara_Fusalba-300x169.jpeg\" alt=\"\" width=\"300\" height=\"169\" srcset=\"https:\/\/www.citm.upc.edu\/blog\/wp-content\/uploads\/2025\/02\/Lara_Fusalba-300x169.jpeg 300w, https:\/\/www.citm.upc.edu\/blog\/wp-content\/uploads\/2025\/02\/Lara_Fusalba-1024x576.jpeg 1024w, https:\/\/www.citm.upc.edu\/blog\/wp-content\/uploads\/2025\/02\/Lara_Fusalba-768x432.jpeg 768w, https:\/\/www.citm.upc.edu\/blog\/wp-content\/uploads\/2025\/02\/Lara_Fusalba-1536x864.jpeg 1536w, https:\/\/www.citm.upc.edu\/blog\/wp-content\/uploads\/2025\/02\/Lara_Fusalba.jpeg 1600w\" sizes=\"auto, (max-width: 300px) 100vw, 300px\" \/><\/a>El passat divendres 7 de febrer, entre les 11\u202fh i les 12:30\u202fh, la fira Integrated Systems Europe 2025 (ISE) va acollir la participaci\u00f3 de cinc joves per presentar els seus projectes de fi de grau en la categoria de tecnologia industrial, entre les quals es troba l\u2019obra de Lara Fusalba.<\/p>\n<p style=\"margin-bottom: 7.5pt;\">Els 5 projectes exposats han estat <strong>seleccionats pel Pitching Audiovisual Universitat-Ind\u00fastria 2024<\/strong>, organitzat pel Cl\u00faster Audiovisual de Catalunya el passat novembre com a acte central de la Setmana del Talent. Aquestes produccions audiovisuals exemplifiquen com <strong>la innovaci\u00f3 tecnol\u00f2gica pot integrar-se en les creacions art\u00edstiques<\/strong>, enriquint-les i dotant-les d\u2019una complexitat que transcendeix la percepci\u00f3 tradicional dels sentits.<\/p>\n<p style=\"margin-bottom: 7.5pt;\"><strong><em>Eclipse<\/em><\/strong>, de Lara Fusalba, \u00e9s un espectacle que <strong>fusiona dansa i tecnologia audiovisual d\u2019avantguarda<\/strong>, com el<em> videomapping<\/em> i la projecci\u00f3 hologr\u00e0fica. A trav\u00e9s d\u2019aquesta combinaci\u00f3, es dona forma visual a emocions abstractes i a la seva interacci\u00f3 amb els ballarins, tot explorant el conflicte intern d\u2019un personatge en la cerca de la seva pr\u00f2pia identitat.<\/p>\n<p style=\"margin-bottom: 7.5pt;\">El<strong> jurat<\/strong> de la secci\u00f3 Joves Talents i Tecnologia ha estat format per <strong>Ant\u00f2nia Folguera<\/strong>, comiss\u00e0ria del S\u00f3nar+D; <strong>Maria Gibert<\/strong>, coordinadora d&#8217;activitats audiovisuals del CCCB; i <strong>Ramon Morera<\/strong>, fundador i CEO de Produktia.<\/p>\n","protected":false},"excerpt":{"rendered":"<p>Lara Fusalba, alumni del grau en Disseny Digital i Tecnologies Multim\u00e8dia del CITM, ha presentat el seu projecte Eclipse a l\u2019ISE (Integrated Systems Europe) 2025, un dels esdeveniments m\u00e9s importants del sector tecnol\u00f2gic i audiovisual.<\/p>\n","protected":false},"author":2,"featured_media":10152,"comment_status":"closed","ping_status":"closed","sticky":false,"template":"","format":"standard","meta":{"footnotes":""},"categories":[18,14],"tags":[734,1423,1454,1453,1452,1051,1186,1071],"class_list":["post-10151","post","type-post","status-publish","format-standard","has-post-thumbnail","hentry","category-multimedia1","category-treballs-alumnes","tag-alumni-multimedia","tag-dansa","tag-dansa-i-multimedia","tag-eclipse","tag-lara-fusalba","tag-projectes-alumni","tag-talent-audiovisual","tag-videomapping"],"aioseo_notices":[],"_links":{"self":[{"href":"https:\/\/www.citm.upc.edu\/blog\/wp-json\/wp\/v2\/posts\/10151","targetHints":{"allow":["GET"]}}],"collection":[{"href":"https:\/\/www.citm.upc.edu\/blog\/wp-json\/wp\/v2\/posts"}],"about":[{"href":"https:\/\/www.citm.upc.edu\/blog\/wp-json\/wp\/v2\/types\/post"}],"author":[{"embeddable":true,"href":"https:\/\/www.citm.upc.edu\/blog\/wp-json\/wp\/v2\/users\/2"}],"replies":[{"embeddable":true,"href":"https:\/\/www.citm.upc.edu\/blog\/wp-json\/wp\/v2\/comments?post=10151"}],"version-history":[{"count":7,"href":"https:\/\/www.citm.upc.edu\/blog\/wp-json\/wp\/v2\/posts\/10151\/revisions"}],"predecessor-version":[{"id":10206,"href":"https:\/\/www.citm.upc.edu\/blog\/wp-json\/wp\/v2\/posts\/10151\/revisions\/10206"}],"wp:featuredmedia":[{"embeddable":true,"href":"https:\/\/www.citm.upc.edu\/blog\/wp-json\/wp\/v2\/media\/10152"}],"wp:attachment":[{"href":"https:\/\/www.citm.upc.edu\/blog\/wp-json\/wp\/v2\/media?parent=10151"}],"wp:term":[{"taxonomy":"category","embeddable":true,"href":"https:\/\/www.citm.upc.edu\/blog\/wp-json\/wp\/v2\/categories?post=10151"},{"taxonomy":"post_tag","embeddable":true,"href":"https:\/\/www.citm.upc.edu\/blog\/wp-json\/wp\/v2\/tags?post=10151"}],"curies":[{"name":"wp","href":"https:\/\/api.w.org\/{rel}","templated":true}]}}