{"id":102,"date":"2009-09-01T00:00:00","date_gmt":"2009-08-31T22:00:00","guid":{"rendered":"http:\/\/www.citm.upc.edu\/blog\/?p=102"},"modified":"2009-09-01T00:00:00","modified_gmt":"2009-08-31T22:00:00","slug":"grado-en-multimedia-y-grado-en-fotografia-y-creacion-digital-titulos-oficiales-adaptados-al-espacio-europeo-de-educacion-superior","status":"publish","type":"post","link":"https:\/\/www.citm.upc.edu\/blog\/grado-en-multimedia-y-grado-en-fotografia-y-creacion-digital-titulos-oficiales-adaptados-al-espacio-europeo-de-educacion-superior\/","title":{"rendered":"Grado en Multimedia y grado en Fotograf\u00eda y Creaci\u00f3n Digital: t\u00edtulos oficiales adaptados al espacio europeo de educaci\u00f3n superior"},"content":{"rendered":"<p>En agosto de 2009 recibimos las resoluciones del Ministerio de Educaci\u00f3n en las que se verificaban positivamente las propuestas del t\u00edtulo de grado en Multimedia y del t\u00edtulo de grado en Fotograf\u00eda y Creaci\u00f3n Digital.<\/p>\n<p>La Universitat Polit\u00e8cnica de Catalunya aprob\u00f3 en 1992 el primer plan de estudios del t\u00edtulo propio de grado en Fotograf\u00eda y, en 1997, el primer plan de estudios del t\u00edtulo propio de grado en Multimedia, que fue pionero en el Estado espa\u00f1ol.<\/p>\n<p>A partir de aquel momento y hasta ahora, los dos planes de estudios se han ido actualizando en varias ocasiones.<\/p>\n<p>En el a\u00f1o 2005 se aprobaron los planes de estudios adaptados al espacio europeo de educaci\u00f3n superior, todav\u00eda como t\u00edtulos propios, y, finalmente, en el a\u00f1o 2009 se han verificado favorablemente como t\u00edtulos oficiales adaptados al espacio europeo de educaci\u00f3n superior.<\/p>\n","protected":false},"excerpt":{"rendered":"<p>En agosto de 2009 recibimos las resoluciones del Ministerio de Educaci\u00f3n en las que se verificaban positivamente las propuestas del t\u00edtulo de grado en Multimedia y del t\u00edtulo de grado en Fotograf\u00eda y Creaci\u00f3n Digital. La Universitat Polit\u00e8cnica de Catalunya aprob\u00f3 en 1992 el primer plan de estudios del t\u00edtulo propio de grado en Fotograf\u00eda &#8230; <a title=\"Grado en Multimedia y grado en Fotograf\u00eda y Creaci\u00f3n Digital: t\u00edtulos oficiales adaptados al espacio europeo de educaci\u00f3n superior\" class=\"read-more\" href=\"https:\/\/www.citm.upc.edu\/blog\/grado-en-multimedia-y-grado-en-fotografia-y-creacion-digital-titulos-oficiales-adaptados-al-espacio-europeo-de-educacion-superior\/\" aria-label=\"Read more about Grado en Multimedia y grado en Fotograf\u00eda y Creaci\u00f3n Digital: t\u00edtulos oficiales adaptados al espacio europeo de educaci\u00f3n superior\">Leer m\u00e1s<\/a><\/p>\n","protected":false},"author":2,"featured_media":0,"comment_status":"open","ping_status":"open","sticky":false,"template":"","format":"standard","meta":{"footnotes":""},"categories":[1],"tags":[],"class_list":["post-102","post","type-post","status-publish","format-standard","hentry","category-uncategorized"],"aioseo_notices":[],"_links":{"self":[{"href":"https:\/\/www.citm.upc.edu\/blog\/wp-json\/wp\/v2\/posts\/102","targetHints":{"allow":["GET"]}}],"collection":[{"href":"https:\/\/www.citm.upc.edu\/blog\/wp-json\/wp\/v2\/posts"}],"about":[{"href":"https:\/\/www.citm.upc.edu\/blog\/wp-json\/wp\/v2\/types\/post"}],"author":[{"embeddable":true,"href":"https:\/\/www.citm.upc.edu\/blog\/wp-json\/wp\/v2\/users\/2"}],"replies":[{"embeddable":true,"href":"https:\/\/www.citm.upc.edu\/blog\/wp-json\/wp\/v2\/comments?post=102"}],"version-history":[{"count":0,"href":"https:\/\/www.citm.upc.edu\/blog\/wp-json\/wp\/v2\/posts\/102\/revisions"}],"wp:attachment":[{"href":"https:\/\/www.citm.upc.edu\/blog\/wp-json\/wp\/v2\/media?parent=102"}],"wp:term":[{"taxonomy":"category","embeddable":true,"href":"https:\/\/www.citm.upc.edu\/blog\/wp-json\/wp\/v2\/categories?post=102"},{"taxonomy":"post_tag","embeddable":true,"href":"https:\/\/www.citm.upc.edu\/blog\/wp-json\/wp\/v2\/tags?post=102"}],"curies":[{"name":"wp","href":"https:\/\/api.w.org\/{rel}","templated":true}]}}