{"id":10233,"date":"2025-02-25T10:30:40","date_gmt":"2025-02-25T09:30:40","guid":{"rendered":"https:\/\/www.citm.upc.edu\/blog\/?p=10233"},"modified":"2025-02-25T10:34:44","modified_gmt":"2025-02-25T09:34:44","slug":"la-upc-deixa-de-publicar-a-la-xarxa-social-x","status":"publish","type":"post","link":"https:\/\/www.citm.upc.edu\/blog\/la-upc-deixa-de-publicar-a-la-xarxa-social-x\/?lang=ca","title":{"rendered":"La UPC deixa de publicar a la xarxa social X"},"content":{"rendered":"<p>El Consell de Govern de la UPC ha aprovat, el 19 de febrer, per consens de tots els membres, <strong>deixar de publicar als perfils institucionals de la Universitat a la xarxa social X<\/strong>. La decisi\u00f3 respon a la voluntat de la UPC de mantenir la seva comunicaci\u00f3 en entorns que garanteixin la qualitat i la veracitat de la informaci\u00f3. El Centre de la Imatge i la Tecnologia Multim\u00e8dia, com a centre docent adscrit a la UPC, seguir\u00e0 les recomanacions de la Universitat respecte a l\u2019\u00fas de la xarxa social X.<!--more--><\/p>\n<p><em>Font: Universitat Polit\u00e8cnica de Catalunya \u2013 BarcelonaTech (UPC)<br \/>\n<\/em><\/p>\n<div id=\"parent-fieldname-text\" class=\"composite-description\">\n<p>Des del 2009, la Universitat Polit\u00e8cnica de Catalunya \u2013 BarcelonaTech (UPC) ha utilitzat Twitter (ara X) com a eina de difusi\u00f3 de continguts institucionals, amb un perfil principal, @la_UPC, que ha arribat als 36.500 seguidors. No obstant aix\u00f2, els canvis en la gesti\u00f3 de la plataforma i la manca de control sobre la veracitat de la informaci\u00f3 han motivat que el Consell de Govern de la UPC hagi aprovat cessar l\u2019activitat dels perfils institucionals de la UPC a la xarxa social X. La decisi\u00f3 s\u2019ha pres en la sessi\u00f3 que ha tingut lloc el 19 de febrer, seguint l\u2019exemple d\u2019altres institucions acad\u00e8miques i cient\u00edfiques europees.<\/p>\n<p>El rector, Daniel Crespo, ha explicat que la Universitat pren aquesta decisi\u00f3 perqu\u00e8 ha considerat que aquest canal \u201cest\u00e0 patint una deriva inacceptable en la seva funci\u00f3 de xarxa social i de comunicaci\u00f3\u201d. I ha afegit que \u201cmarxem d\u2019X perqu\u00e8 la seva gesti\u00f3 \u00e9s contr\u00e0ria als principis i valors de la UPC, que es basen en la llibertat d\u2019expressi\u00f3, el respecte, l\u2019\u00e8tica i la responsabilitat social\u201d.<\/p>\n<p>L\u2019abril de 2022 es produeix un canvi en la propietat de Twitter, que passa a anomenar-se X, i que porta aparellat un canvi en les pol\u00edtiques de control de la veracitat de les publicacions. Uns canvis que, segons l\u2019acord, han portat la xarxa a allunyar-se dels valors democr\u00e0tics i a renunciar al control sobre la veracitat i la qualitat de la informaci\u00f3, en una gesti\u00f3 mancada de l\u2019\u00e8tica m\u00e9s elemental. Aquests fets, segons l\u2019acord, s\u00f3n contraris als principis i valors de la UPC, com l\u2019educaci\u00f3 vera\u00e7, la llibertat, el respecte, l\u2019\u00e8tica i la responsabilitat social. L\u2019acord tamb\u00e9 especifica que la decisi\u00f3 de deixar de publicar a X s\u2019est\u00e9n a totes les unitats i grups amb perfils institucionals vinculats a la Universitat.<\/p>\n<p>Aix\u00ed mateix, la Universitat mantindr\u00e0 i refor\u00e7ar\u00e0 la seva activitat a la resta de xarxes socials en qu\u00e8 ja t\u00e9 pres\u00e8ncia. De fet, des del passat mes de gener, la UPC compta amb un perfil institucional a la xarxa Bluesky, des d\u2019on es difon l\u2019activitat institucional i de doc\u00e8ncia, recerca i innovaci\u00f3 de la Universitat, creant i dinamitzant un nou espai de trobada i d\u2019intercanvi d\u2019idees. El<strong> CITM<\/strong> tamb\u00e9 ha creat el seu <strong>propi canal de Bluesky<\/strong> a: <a href=\"https:\/\/bsky.app\/profile\/citm-upc.bsky.social\" target=\"_blank\" rel=\"noopener\"><strong>https:\/\/bsky.app\/profile\/citm-upc.bsky.social<\/strong><\/a>.<\/p>\n<p>La UPC tamb\u00e9 est\u00e0 present a Facebook, Instagram, LinkedIn, TikTok i YouTube, canals des d\u2019on es dona a con\u00e8ixer l\u2019actualitat de la Universitat i dels serveis i les activitats de recerca, la transfer\u00e8ncia de coneixement i la doc\u00e8ncia que s\u2019hi duen a terme. En aquests canals es difonen els valors i la marca UPC, posicionant-la com a universitat p\u00fablica referent en enginyeria, arquitectura, ci\u00e8ncies i tecnologia, i es dinamitza i crea comunitat.<\/p>\n<\/div>\n","protected":false},"excerpt":{"rendered":"<p>El Consell de Govern de la UPC ha aprovat, el 19 de febrer, per consens de tots els membres, deixar de publicar als perfils institucionals de la Universitat a la xarxa social X. La decisi\u00f3 respon a la voluntat de la UPC de mantenir la seva comunicaci\u00f3 en entorns que garanteixin la qualitat i la &#8230; <a title=\"La UPC deixa de publicar a la xarxa social X\" class=\"read-more\" href=\"https:\/\/www.citm.upc.edu\/blog\/la-upc-deixa-de-publicar-a-la-xarxa-social-x\/?lang=ca\" aria-label=\"Read more about La UPC deixa de publicar a la xarxa social X\">Leer m\u00e1s<\/a><\/p>\n","protected":false},"author":2,"featured_media":10236,"comment_status":"closed","ping_status":"closed","sticky":false,"template":"","format":"standard","meta":{"footnotes":""},"categories":[104],"tags":[1460,1459,358],"class_list":["post-10233","post","type-post","status-publish","format-standard","has-post-thumbnail","hentry","category-institucional","tag-institucional","tag-xarxa-x","tag-xarxes-socials"],"aioseo_notices":[],"_links":{"self":[{"href":"https:\/\/www.citm.upc.edu\/blog\/wp-json\/wp\/v2\/posts\/10233","targetHints":{"allow":["GET"]}}],"collection":[{"href":"https:\/\/www.citm.upc.edu\/blog\/wp-json\/wp\/v2\/posts"}],"about":[{"href":"https:\/\/www.citm.upc.edu\/blog\/wp-json\/wp\/v2\/types\/post"}],"author":[{"embeddable":true,"href":"https:\/\/www.citm.upc.edu\/blog\/wp-json\/wp\/v2\/users\/2"}],"replies":[{"embeddable":true,"href":"https:\/\/www.citm.upc.edu\/blog\/wp-json\/wp\/v2\/comments?post=10233"}],"version-history":[{"count":3,"href":"https:\/\/www.citm.upc.edu\/blog\/wp-json\/wp\/v2\/posts\/10233\/revisions"}],"predecessor-version":[{"id":10238,"href":"https:\/\/www.citm.upc.edu\/blog\/wp-json\/wp\/v2\/posts\/10233\/revisions\/10238"}],"wp:featuredmedia":[{"embeddable":true,"href":"https:\/\/www.citm.upc.edu\/blog\/wp-json\/wp\/v2\/media\/10236"}],"wp:attachment":[{"href":"https:\/\/www.citm.upc.edu\/blog\/wp-json\/wp\/v2\/media?parent=10233"}],"wp:term":[{"taxonomy":"category","embeddable":true,"href":"https:\/\/www.citm.upc.edu\/blog\/wp-json\/wp\/v2\/categories?post=10233"},{"taxonomy":"post_tag","embeddable":true,"href":"https:\/\/www.citm.upc.edu\/blog\/wp-json\/wp\/v2\/tags?post=10233"}],"curies":[{"name":"wp","href":"https:\/\/api.w.org\/{rel}","templated":true}]}}