{"id":10264,"date":"2025-03-10T12:14:28","date_gmt":"2025-03-10T11:14:28","guid":{"rendered":"https:\/\/www.citm.upc.edu\/blog\/?p=10264"},"modified":"2025-03-10T12:14:28","modified_gmt":"2025-03-10T11:14:28","slug":"el-citm-ha-participado-en-animac-2025","status":"publish","type":"post","link":"https:\/\/www.citm.upc.edu\/blog\/el-citm-ha-participado-en-animac-2025\/","title":{"rendered":"El CITM ha participado en ANIMAC 2025"},"content":{"rendered":"<p>Este a\u00f1o, el CITM ha estado presente en la 29\u00aa edici\u00f3n de <strong><a href=\"https:\/\/animac.paeria.cat\/\" target=\"_blank\" rel=\"noopener\">ANIMAC, la Muestra Internacional de Cine de Animaci\u00f3n de Catalu\u00f1a<\/a>,<\/strong> celebrada en Lleida entre los d\u00edas 20 y 23 de febrero. El festival se convierte a\u00f1o tras a\u00f1o en una cita imprescindible para los amantes de la animaci\u00f3n, con una selecci\u00f3n de mejores cortometrajes y largometrajes, conferencias, talleres y otras actividades paralelas.<strong><!--more--><\/strong><\/p>\n<p><strong><a href=\"https:\/\/www.citm.upc.edu\/blog\/wp-content\/uploads\/2025\/03\/CITM_Animac-300x196.jpg\" target=\"_blank\" rel=\"noopener\"><img loading=\"lazy\" decoding=\"async\" class=\"alignleft wp-image-10259 size-medium\" src=\"https:\/\/www.citm.upc.edu\/blog\/wp-content\/uploads\/2025\/03\/CITM_Animac-300x196.jpg\" alt=\"\" width=\"300\" height=\"196\" srcset=\"https:\/\/www.citm.upc.edu\/blog\/wp-content\/uploads\/2025\/03\/CITM_Animac-300x196.jpg 300w, https:\/\/www.citm.upc.edu\/blog\/wp-content\/uploads\/2025\/03\/CITM_Animac-1024x671.jpg 1024w, https:\/\/www.citm.upc.edu\/blog\/wp-content\/uploads\/2025\/03\/CITM_Animac-768x503.jpg 768w, https:\/\/www.citm.upc.edu\/blog\/wp-content\/uploads\/2025\/03\/CITM_Animac-1536x1006.jpg 1536w, https:\/\/www.citm.upc.edu\/blog\/wp-content\/uploads\/2025\/03\/CITM_Animac-2048x1341.jpg 2048w\" sizes=\"auto, (max-width: 300px) 100vw, 300px\" \/><\/a>El estudiantado del CITM, inmerso en la experiencia ANIMAC<\/strong><\/p>\n<p>Alumnos del grado en Dise\u00f1o, Animaci\u00f3n y Arte Digital han tenido la oportunidad de vivir esta experiencia de primera mano, acompa\u00f1ados por el coordinador del grado, Josep Torell\u00f3. Durante su visita, han podido disfrutar de proyecciones, participar en actividades y conectarse con profesionales del sector. Adem\u00e1s, el CITM ha contado con un estand propio, en el que los estudiantes han tenido la ocasi\u00f3n de mostrar sus proyectos al p\u00fablico, compartiendo su talento y su creatividad con otros asistentes y expertos de la industria.<\/p>\n<p><strong><a href=\"https:\/\/www.citm.upc.edu\/blog\/wp-content\/uploads\/2025\/03\/Amora_Gardens-300x236.jpg\" target=\"_blank\" rel=\"noopener\"><img loading=\"lazy\" decoding=\"async\" class=\"alignleft wp-image-10261 size-medium\" src=\"https:\/\/www.citm.upc.edu\/blog\/wp-content\/uploads\/2025\/03\/Amora_Gardens-300x236.jpg\" alt=\"\" width=\"300\" height=\"236\" srcset=\"https:\/\/www.citm.upc.edu\/blog\/wp-content\/uploads\/2025\/03\/Amora_Gardens-300x236.jpg 300w, https:\/\/www.citm.upc.edu\/blog\/wp-content\/uploads\/2025\/03\/Amora_Gardens-1024x807.jpg 1024w, https:\/\/www.citm.upc.edu\/blog\/wp-content\/uploads\/2025\/03\/Amora_Gardens-768x605.jpg 768w, https:\/\/www.citm.upc.edu\/blog\/wp-content\/uploads\/2025\/03\/Amora_Gardens-1536x1210.jpg 1536w, https:\/\/www.citm.upc.edu\/blog\/wp-content\/uploads\/2025\/03\/Amora_Gardens-2048x1613.jpg 2048w\" sizes=\"auto, (max-width: 300px) 100vw, 300px\" \/><\/a>Un proyecto de alumni CITM, seleccionado en el Incubator 2025<\/strong><\/p>\n<p>Uno de los momentos m\u00e1s destacados de la participaci\u00f3n del CITM en ANIMAC ha sido la selecci\u00f3n del <strong>proyecto <em>Visit the Garden<\/em> de Leire Ozaita<\/strong>, alumni del grado en Dise\u00f1o, Animaci\u00f3n y Arte Digital, para el Incubator 2025. Esta secci\u00f3n especial del festival est\u00e1 destinada a proyectos de animaci\u00f3n en desarrollo y permite a los artistas presentar sus obras delante de un panel. El objetivo es obtener <em>feedback<\/em> valioso para mejorar el proyecto y potenciar su proyecci\u00f3n en la industria. Ser seleccionada para Incubator 2025 supone un reconocimiento al talento emergente y una oportunidad \u00fanica para recibir asesoramiento de expertos, establecer contactos e impulsar el proyecto hacia su materializaci\u00f3n.<\/p>\n","protected":false},"excerpt":{"rendered":"<p>Este a\u00f1o, el CITM ha estado presente en la 29\u00aa edici\u00f3n de ANIMAC, la Muestra Internacional de Cine de Animaci\u00f3n de Catalu\u00f1a, celebrada en Lleida entre los d\u00edas 20 y 23 de febrero. El festival se convierte a\u00f1o tras a\u00f1o en una cita imprescindible para los amantes de la animaci\u00f3n, con una selecci\u00f3n de mejores &#8230; <a title=\"El CITM ha participado en ANIMAC 2025\" class=\"read-more\" href=\"https:\/\/www.citm.upc.edu\/blog\/el-citm-ha-participado-en-animac-2025\/\" aria-label=\"Read more about El CITM ha participado en ANIMAC 2025\">Leer m\u00e1s<\/a><\/p>\n","protected":false},"author":2,"featured_media":10257,"comment_status":"closed","ping_status":"closed","sticky":false,"template":"","format":"standard","meta":{"footnotes":""},"categories":[23,108],"tags":[1467,250,1466,1465,421],"class_list":["post-10264","post","type-post","status-publish","format-standard","has-post-thumbnail","hentry","category-animacion-digital","category-institucional-2","tag-animac-2","tag-animacion","tag-festival-animac","tag-festival-animacion","tag-grado-en-animacion"],"aioseo_notices":[],"_links":{"self":[{"href":"https:\/\/www.citm.upc.edu\/blog\/wp-json\/wp\/v2\/posts\/10264","targetHints":{"allow":["GET"]}}],"collection":[{"href":"https:\/\/www.citm.upc.edu\/blog\/wp-json\/wp\/v2\/posts"}],"about":[{"href":"https:\/\/www.citm.upc.edu\/blog\/wp-json\/wp\/v2\/types\/post"}],"author":[{"embeddable":true,"href":"https:\/\/www.citm.upc.edu\/blog\/wp-json\/wp\/v2\/users\/2"}],"replies":[{"embeddable":true,"href":"https:\/\/www.citm.upc.edu\/blog\/wp-json\/wp\/v2\/comments?post=10264"}],"version-history":[{"count":1,"href":"https:\/\/www.citm.upc.edu\/blog\/wp-json\/wp\/v2\/posts\/10264\/revisions"}],"predecessor-version":[{"id":10265,"href":"https:\/\/www.citm.upc.edu\/blog\/wp-json\/wp\/v2\/posts\/10264\/revisions\/10265"}],"wp:featuredmedia":[{"embeddable":true,"href":"https:\/\/www.citm.upc.edu\/blog\/wp-json\/wp\/v2\/media\/10257"}],"wp:attachment":[{"href":"https:\/\/www.citm.upc.edu\/blog\/wp-json\/wp\/v2\/media?parent=10264"}],"wp:term":[{"taxonomy":"category","embeddable":true,"href":"https:\/\/www.citm.upc.edu\/blog\/wp-json\/wp\/v2\/categories?post=10264"},{"taxonomy":"post_tag","embeddable":true,"href":"https:\/\/www.citm.upc.edu\/blog\/wp-json\/wp\/v2\/tags?post=10264"}],"curies":[{"name":"wp","href":"https:\/\/api.w.org\/{rel}","templated":true}]}}