{"id":10509,"date":"2025-06-11T17:22:36","date_gmt":"2025-06-11T15:22:36","guid":{"rendered":"https:\/\/www.citm.upc.edu\/blog\/?p=10509"},"modified":"2025-06-11T17:23:43","modified_gmt":"2025-06-11T15:23:43","slug":"lanzamos-nuevo-doctorado-en-diseno-en-la-upc","status":"publish","type":"post","link":"https:\/\/www.citm.upc.edu\/blog\/lanzamos-nuevo-doctorado-en-diseno-en-la-upc\/","title":{"rendered":"Lanzamos nuevo doctorado en Dise\u00f1o en la UPC"},"content":{"rendered":"<p>El Centro de la Imagen y la Tecnolog\u00eda Multimedia (CITM), en colaboraci\u00f3n con el Departamento de Ingenier\u00eda Gr\u00e1fica y de Dise\u00f1o (DEGD) y el Departamento de Representaci\u00f3n Arquitect\u00f3nica (RA) de la Universitat Polit\u00e8cnica de Catalunya (UPC), impulsamos conjuntamente un <strong>nuevo programa de doctorado centrado en la investigaci\u00f3n en dise\u00f1o<\/strong>, desde una dimensi\u00f3n sist\u00e9mica, global e interdisciplinaria.<!--more--><\/p>\n<p>Este programa supone un paso decisivo hacia el r<strong>econocimiento del dise\u00f1o como un \u00e1rea de conocimiento con entidad propia<\/strong>. En un contexto en el que el dise\u00f1o se consolida como un activo estrat\u00e9gico para la competitividad empresarial con un impacto social cada vez mayor, este doctorado apuesta por un enfoque transversal que integra sus dimensiones human\u00edsticas, ambientales y tecnol\u00f3gicas.<\/p>\n<p><strong>Una visi\u00f3n amplia y transformadora del dise\u00f1o digital<\/strong><\/p>\n<p>El nuevo programa quiere dar respuesta a la creciente necesidad de profesionales e investigadores capaces de abordar los retos contempor\u00e1neos del dise\u00f1o desde una mirada cr\u00edtica y creativa, que tenga en cuenta tanto los aspectos human\u00edsticos y ambientales como los tecnol\u00f3gicos.<\/p>\n<p>Los <strong>\u00e1mbitos de investigaci\u00f3n del programa de doctorado en Dise\u00f1o UPC vinculados al CITM<\/strong> se centran en el <strong>dise\u00f1o de experiencias digitales y las tecnolog\u00edas creativas<\/strong>. El dise\u00f1o ofrece nuevas perspectivas cr\u00edticas y est\u00e9ticas para la transformaci\u00f3n tecnol\u00f3gica y cultural de la era digital. En este sentido, tienen cabida las investigaciones en experiencias inmersivas, estudios sobre videojuegos, animaci\u00f3n, experiencia de usuario, as\u00ed como nuevas aproximaciones creativas a las tecnolog\u00edas, centradas en factores humanos, human\u00edsticos y art\u00edsticos, o los nuevos enfoques inclusivos y sostenibles. Todo ello, analizando de forma cr\u00edtica los ecosistemas sociales y comunicativos digitales del presente y del futuro.<\/p>\n<p>En concreto, en estos \u00e1mbitos:<\/p>\n<ul>\n<li><strong>Dise\u00f1o de interficies<\/strong>.<\/li>\n<li>Dise\u00f1o digital y <strong>nuevos formatos<\/strong> (videojuegos, narrativas, animaci\u00f3n, datos, arte).<\/li>\n<li><strong>Innovaci\u00f3n y dise\u00f1o a trav\u00e9s del arte<\/strong>. Arte, ciencia, tecnolog\u00eda y sociedad.<\/li>\n<li>Dise\u00f1o de <strong>experiencias digitales inclusivas<\/strong> centradas en las personas.<\/li>\n<li><strong>Tecnolog\u00edas creativas<\/strong> y dise\u00f1o.<\/li>\n<\/ul>\n<p>Al plantearse como un programa interdisciplinario en colaboraci\u00f3n con otros dos departamentos de la UPC, los \u00e1mbitos de conocimiento vinculados a lo digital tambi\u00e9n posibilitan nuevos espacios de investigaci\u00f3n en dise\u00f1o tales como:<\/p>\n<ul>\n<li><strong>Dise\u00f1o para sistemas sostenibles y colaborativos contempor\u00e1neos.<\/strong><\/li>\n<li><strong>Investigaci\u00f3n en dise\u00f1o arquitect\u00f3nico<\/strong>.<\/li>\n<li><strong>Realidad y futuro, representaci\u00f3n y materialidad a trav\u00e9s del dise\u00f1o<\/strong>.<\/li>\n<\/ul>\n<p><a href=\"https:\/\/www.citm.upc.edu\/blog\/wp-content\/uploads\/2023\/02\/Dicode-300x80.png\" target=\"_blank\" rel=\"noopener\"><img loading=\"lazy\" decoding=\"async\" class=\"alignleft wp-image-6930 size-medium\" src=\"https:\/\/www.citm.upc.edu\/blog\/wp-content\/uploads\/2023\/02\/Dicode-300x80.png\" alt=\"\" width=\"300\" height=\"80\" srcset=\"https:\/\/www.citm.upc.edu\/blog\/wp-content\/uploads\/2023\/02\/Dicode-300x80.png 300w, https:\/\/www.citm.upc.edu\/blog\/wp-content\/uploads\/2023\/02\/Dicode-1024x272.png 1024w, https:\/\/www.citm.upc.edu\/blog\/wp-content\/uploads\/2023\/02\/Dicode-768x204.png 768w, https:\/\/www.citm.upc.edu\/blog\/wp-content\/uploads\/2023\/02\/Dicode.png 1422w\" sizes=\"auto, (max-width: 300px) 100vw, 300px\" \/><\/a>Los proyectos de investigaci\u00f3n de este nuevo programa vinculados a los \u00e1mbitos de conocimiento del CITM se inscriben dentro del grupo de investigaci\u00f3n del Centro, el <a href=\"https:\/\/www.citm.upc.edu\/esp\/recerca\/grup\/\" target=\"_blank\" rel=\"noopener\"><strong>DiCode<\/strong><\/a> <strong>(<i>Digital Cultures and Creative Technologies Research Group<\/i>).<\/strong><\/p>\n<p>El doctorado ofrece una oportunidad \u00fanica para quienes est\u00e9n interesados en transformar el mundo a trav\u00e9s del dise\u00f1o, entendi\u00e9ndolo no solo como una disciplina creativa, sino como una herramienta para repensar sistemas e imaginar escenarios futuros que mejoren el bienestar de las personas. Desde el CITM, sumarnos a esta iniciativa refuerza nuestro compromiso con una investigaci\u00f3n aplicada, con impacto y transformaci\u00f3n social, y abierta al mundo.<\/p>\n<p>Para m\u00e1s informaci\u00f3n sobre el programa y los requisitos de acceso, se puede consultar la web de la ETSAB:<\/p>\n<p><a href=\"https:\/\/etsab.upc.edu\/es\/estudis\/Doctorat\/acces-i-admissio\" target=\"_blank\" rel=\"noopener\"><strong>Programa de Doctorado en Dise\u00f1o en la UPC<\/strong><\/a><\/p>\n","protected":false},"excerpt":{"rendered":"<p>El Centro de la Imagen y la Tecnolog\u00eda Multimedia (CITM), en colaboraci\u00f3n con el Departamento de Ingenier\u00eda Gr\u00e1fica y de Dise\u00f1o (DEGD) y el Departamento de Representaci\u00f3n Arquitect\u00f3nica (RA) de la Universitat Polit\u00e8cnica de Catalunya (UPC), impulsamos conjuntamente un nuevo programa de doctorado centrado en la investigaci\u00f3n en dise\u00f1o, desde una dimensi\u00f3n sist\u00e9mica, global e &#8230; <a title=\"Lanzamos nuevo doctorado en Dise\u00f1o en la UPC\" class=\"read-more\" href=\"https:\/\/www.citm.upc.edu\/blog\/lanzamos-nuevo-doctorado-en-diseno-en-la-upc\/\" aria-label=\"Read more about Lanzamos nuevo doctorado en Dise\u00f1o en la UPC\">Leer m\u00e1s<\/a><\/p>\n","protected":false},"author":2,"featured_media":10507,"comment_status":"closed","ping_status":"closed","sticky":false,"template":"","format":"standard","meta":{"footnotes":""},"categories":[812],"tags":[1302,276,1552,1551,1301,1553,1554],"class_list":["post-10509","post","type-post","status-publish","format-standard","has-post-thumbnail","hentry","category-investigacion","tag-dicode-2","tag-diseno","tag-doctorado","tag-doctorado-en-diseno","tag-grupo-de-investigacion-citm","tag-investigacion-en-diseno","tag-investigacion-upc"],"aioseo_notices":[],"_links":{"self":[{"href":"https:\/\/www.citm.upc.edu\/blog\/wp-json\/wp\/v2\/posts\/10509","targetHints":{"allow":["GET"]}}],"collection":[{"href":"https:\/\/www.citm.upc.edu\/blog\/wp-json\/wp\/v2\/posts"}],"about":[{"href":"https:\/\/www.citm.upc.edu\/blog\/wp-json\/wp\/v2\/types\/post"}],"author":[{"embeddable":true,"href":"https:\/\/www.citm.upc.edu\/blog\/wp-json\/wp\/v2\/users\/2"}],"replies":[{"embeddable":true,"href":"https:\/\/www.citm.upc.edu\/blog\/wp-json\/wp\/v2\/comments?post=10509"}],"version-history":[{"count":3,"href":"https:\/\/www.citm.upc.edu\/blog\/wp-json\/wp\/v2\/posts\/10509\/revisions"}],"predecessor-version":[{"id":10512,"href":"https:\/\/www.citm.upc.edu\/blog\/wp-json\/wp\/v2\/posts\/10509\/revisions\/10512"}],"wp:featuredmedia":[{"embeddable":true,"href":"https:\/\/www.citm.upc.edu\/blog\/wp-json\/wp\/v2\/media\/10507"}],"wp:attachment":[{"href":"https:\/\/www.citm.upc.edu\/blog\/wp-json\/wp\/v2\/media?parent=10509"}],"wp:term":[{"taxonomy":"category","embeddable":true,"href":"https:\/\/www.citm.upc.edu\/blog\/wp-json\/wp\/v2\/categories?post=10509"},{"taxonomy":"post_tag","embeddable":true,"href":"https:\/\/www.citm.upc.edu\/blog\/wp-json\/wp\/v2\/tags?post=10509"}],"curies":[{"name":"wp","href":"https:\/\/api.w.org\/{rel}","templated":true}]}}