{"id":10533,"date":"2025-07-02T11:10:39","date_gmt":"2025-07-02T09:10:39","guid":{"rendered":"https:\/\/www.citm.upc.edu\/blog\/?p=10533"},"modified":"2025-07-14T10:02:44","modified_gmt":"2025-07-14T08:02:44","slug":"el-12-de-juliol-segueix-lacte-de-graduacio-citm-en-directe","status":"publish","type":"post","link":"https:\/\/www.citm.upc.edu\/blog\/el-12-de-juliol-segueix-lacte-de-graduacio-citm-en-directe\/?lang=ca","title":{"rendered":"El 12 de juliol, segueix l&#8217;acte de graduaci\u00f3 CITM en directe!"},"content":{"rendered":"<p>El pr\u00f2xim dissabte 12 de juliol celebrem la <strong>festa de graduaci\u00f3 CITM del curs 2024-2025<\/strong>. Els nostres estudiants tanquen la seva etapa formativa al Centre i volem celebrar-ho en companyia de familiars, amics i tota la comunitat CITM. L\u2019acte tindr\u00e0 lloc a les 17.30 h, a l\u2019Auditori de l\u2019edifici V\u00e8rtex de la UPC (Barcelona). Tot i que l\u2019assist\u00e8ncia presencial est\u00e0 reservada per a estudiants i familiars, qualsevol persona podr\u00e0 seguir-ho en directe per <em>streaming<\/em> via YouTube.<!--more--><\/p>\n<p>L\u2019acte de graduaci\u00f3 d\u2019enguany estar\u00e0 apadrinat per <strong>Sergi Sag\u00e0s<\/strong>, Chief Executive Officer en Neural Tech i destacat professional del sector creatiu i digital. Tot seguit, les diferents intervencions d\u2019alumnes ens convidaran a compartir les seves experi\u00e8ncies i viv\u00e8ncies durant el pas pel Centre. Per finalitzar, es lliuraran els diplomes acreditatius i els reconeixements als millors Treballs de Fi de Grau (TFG).<\/p>\n<p>\ud83d\udcfa Apunteu-vos en aquest<strong><a href=\"https:\/\/www.citm.upc.edu\/cat\/agenda\/oracle\/3793\/\" target=\"_blank\" rel=\"noopener\"> formulari per aconseguir l\u2019enlla\u00e7 de YouTube<\/a> <\/strong>i seguir l\u2019acte en directe!<\/p>\n<p>Esperem que sigui una celebraci\u00f3 especial, com l\u2019ocasi\u00f3 mereix, i que gaudim, tots junts, d\u2019aquesta nova etapa que comen\u00e7a per al nostre alumnat.<\/p>\n<p><strong>Vols recordar com va ser la festa de l\u2019any passat?<\/strong><\/p>\n<p><a href=\"https:\/\/vimeo.com\/984789297\" target=\"_blank\" rel=\"noopener\"><img loading=\"lazy\" decoding=\"async\" class=\"alignleft wp-image-9566\" src=\"https:\/\/www.citm.upc.edu\/blog\/wp-content\/uploads\/2024\/07\/ActeGraduacio_CITM-1024x566.jpg\" alt=\"\" width=\"782\" height=\"381\" \/><\/a><\/p>\n<p>&nbsp;<\/p>\n","protected":false},"excerpt":{"rendered":"<p>El pr\u00f2xim dissabte 12 de juliol celebrem la festa de graduaci\u00f3 CITM del curs 2024-2025. Els nostres estudiants tanquen la seva etapa formativa al Centre i volem celebrar-ho en companyia de familiars, amics i tota la comunitat CITM. L\u2019acte tindr\u00e0 lloc a les 17.30 h, a l\u2019Auditori de l\u2019edifici V\u00e8rtex de la UPC (Barcelona). Tot &#8230; <a title=\"El 12 de juliol, segueix l&#8217;acte de graduaci\u00f3 CITM en directe!\" class=\"read-more\" href=\"https:\/\/www.citm.upc.edu\/blog\/el-12-de-juliol-segueix-lacte-de-graduacio-citm-en-directe\/?lang=ca\" aria-label=\"Read more about El 12 de juliol, segueix l&#8217;acte de graduaci\u00f3 CITM en directe!\">Leer m\u00e1s<\/a><\/p>\n","protected":false},"author":2,"featured_media":10536,"comment_status":"closed","ping_status":"closed","sticky":false,"template":"","format":"standard","meta":{"footnotes":""},"categories":[22,18,12],"tags":[289,1560,1331,204,1561],"class_list":["post-10533","post","type-post","status-publish","format-standard","has-post-thumbnail","hentry","category-animacio-digital","category-multimedia1","category-videojocs","tag-acte-graduacio","tag-acte-graduacio-en-streaming","tag-festa-graduacio-citm","tag-graus-citm","tag-graus-oficials-citm"],"aioseo_notices":[],"_links":{"self":[{"href":"https:\/\/www.citm.upc.edu\/blog\/wp-json\/wp\/v2\/posts\/10533","targetHints":{"allow":["GET"]}}],"collection":[{"href":"https:\/\/www.citm.upc.edu\/blog\/wp-json\/wp\/v2\/posts"}],"about":[{"href":"https:\/\/www.citm.upc.edu\/blog\/wp-json\/wp\/v2\/types\/post"}],"author":[{"embeddable":true,"href":"https:\/\/www.citm.upc.edu\/blog\/wp-json\/wp\/v2\/users\/2"}],"replies":[{"embeddable":true,"href":"https:\/\/www.citm.upc.edu\/blog\/wp-json\/wp\/v2\/comments?post=10533"}],"version-history":[{"count":4,"href":"https:\/\/www.citm.upc.edu\/blog\/wp-json\/wp\/v2\/posts\/10533\/revisions"}],"predecessor-version":[{"id":10539,"href":"https:\/\/www.citm.upc.edu\/blog\/wp-json\/wp\/v2\/posts\/10533\/revisions\/10539"}],"wp:featuredmedia":[{"embeddable":true,"href":"https:\/\/www.citm.upc.edu\/blog\/wp-json\/wp\/v2\/media\/10536"}],"wp:attachment":[{"href":"https:\/\/www.citm.upc.edu\/blog\/wp-json\/wp\/v2\/media?parent=10533"}],"wp:term":[{"taxonomy":"category","embeddable":true,"href":"https:\/\/www.citm.upc.edu\/blog\/wp-json\/wp\/v2\/categories?post=10533"},{"taxonomy":"post_tag","embeddable":true,"href":"https:\/\/www.citm.upc.edu\/blog\/wp-json\/wp\/v2\/tags?post=10533"}],"curies":[{"name":"wp","href":"https:\/\/api.w.org\/{rel}","templated":true}]}}