{"id":1058,"date":"2014-09-08T10:37:48","date_gmt":"2014-09-08T08:37:48","guid":{"rendered":"http:\/\/www.citm.upc.edu\/blog\/?p=1058"},"modified":"2014-10-20T13:43:30","modified_gmt":"2014-10-20T11:43:30","slug":"vols-aprendre-com-es-crea-la-imatge-de-les-grans-campanyes-de-publicitat-vine-al-nou-creative-citm","status":"publish","type":"post","link":"https:\/\/www.citm.upc.edu\/blog\/vols-aprendre-com-es-crea-la-imatge-de-les-grans-campanyes-de-publicitat-vine-al-nou-creative-citm\/?lang=ca","title":{"rendered":"Vols aprendre com es crea la imatge de les grans campanyes de publicitat? Vine al nou Creative CITM!"},"content":{"rendered":"<p>Si sempre t\u2019has preguntat com es creen a nivell gr\u00e0fic les campanyes de publicitat, com es retoquen les imatges i amb quines eines s\u2019aconsegueixen aquests espectaculars efectes, no et pots perdre el proper 18 de setembre, a les 18h, el proper Creative CITM<strong> \u00abEl Retoc Publicitari en l&#8217;Actualitat\u00bb<\/strong>, amb els dos socis d\u2019<strong>Haut Touch Retouching Studio<\/strong>, una de les ag\u00e8ncies de retoc digital d\u2019imatge m\u00e9s prestigioses.<!--more--><\/p>\n<p><a href=\"https:\/\/www.citm.upc.edu\/blog\/wp-content\/uploads\/2014\/09\/Tiempo-Zephir_Capcalera.jpg\"><img loading=\"lazy\" decoding=\"async\" class=\"alignleft wp-image-1060 size-medium\" src=\"https:\/\/www.citm.upc.edu\/blog\/wp-content\/uploads\/2014\/09\/Tiempo-Zephir_Capcalera-212x300.jpg\" alt=\"Tiempo Zephir Haut Touch\" width=\"212\" height=\"300\" srcset=\"https:\/\/www.citm.upc.edu\/blog\/wp-content\/uploads\/2014\/09\/Tiempo-Zephir_Capcalera-212x300.jpg 212w, https:\/\/www.citm.upc.edu\/blog\/wp-content\/uploads\/2014\/09\/Tiempo-Zephir_Capcalera.jpg 640w\" sizes=\"auto, (max-width: 212px) 100vw, 212px\" \/><\/a><a title=\"Haut Touch\" href=\"http:\/\/haut-touch.com\/\" target=\"_blank\">Haut Touch<\/a> est\u00e0 darrere de la imatge de les campanyes de publicitat de marques tan reconegudes com l&#8217;aerol\u00ednia <strong>Vueling,<\/strong> la revista <strong>Women&#8217;s Health,<\/strong> el diari <strong>El Pa\u00eds<\/strong>, el perfum <strong>Massimo Dutti<\/strong> o la firma de joieria <strong>Tous<\/strong>, entre moltes altres. Fes-li una ullada als <a title=\"Darrers Treballs Haut Touch\" href=\"http:\/\/haut-touch.com\/category\/ultimos-trabajos\/\" target=\"_blank\">darrers treballs<\/a> de l\u2019ag\u00e8ncia Haut Touch.<\/p>\n<p>Els dos socis Xavi Carreras y Dani Ca\u00f1o explicaran, amb exemples pr\u00e0ctics de casos reals de l\u2019ag\u00e8ncia, quin \u00e9s el dia a dia d\u2019un estudi d\u2019aquestes caracter\u00edstiques, les din\u00e0miques de treball, quina \u00e9s la <strong>relaci\u00f3 amb els clients (ag\u00e8ncies de publicitat i fot\u00f2grafs)<\/strong> i quines eines i t\u00e8cniques utilitzen per aconseguir aquests resultats incre\u00efbles.<\/p>\n<p><strong>No t\u2019ho perdis! <\/strong><\/p>\n<p><a title=\"Inscripci\u00f3 Creative CITM Retoc Publicitari\" href=\"http:\/\/www.citm.upc.edu\/cat\/agenda\/2014\/09\/18\/creative-citm-el-retoc-publicitari-en-lactualitat\/620\/assistir\/\" target=\"_blank\"><strong>INSCRIU-TE! <\/strong><\/a><\/p>\n<p>&nbsp;<\/p>\n","protected":false},"excerpt":{"rendered":"<p>Si sempre t\u2019has preguntat com es creen a nivell gr\u00e0fic les campanyes de publicitat, com es retoquen les imatges i amb quines eines s\u2019aconsegueixen aquests espectaculars efectes, no et pots perdre el proper 18 de setembre, a les 18h, el proper Creative CITM \u00abEl Retoc Publicitari en l&#8217;Actualitat\u00bb, amb els dos socis d\u2019Haut Touch Retouching &#8230; <a title=\"Vols aprendre com es crea la imatge de les grans campanyes de publicitat? Vine al nou Creative CITM!\" class=\"read-more\" href=\"https:\/\/www.citm.upc.edu\/blog\/vols-aprendre-com-es-crea-la-imatge-de-les-grans-campanyes-de-publicitat-vine-al-nou-creative-citm\/?lang=ca\" aria-label=\"Read more about Vols aprendre com es crea la imatge de les grans campanyes de publicitat? Vine al nou Creative CITM!\">Leer m\u00e1s<\/a><\/p>\n","protected":false},"author":2,"featured_media":1060,"comment_status":"open","ping_status":"open","sticky":false,"template":"","format":"standard","meta":{"footnotes":""},"categories":[2],"tags":[47],"class_list":["post-1058","post","type-post","status-publish","format-standard","has-post-thumbnail","hentry","category-uncategorized-ca","tag-fotografia-digital"],"aioseo_notices":[],"_links":{"self":[{"href":"https:\/\/www.citm.upc.edu\/blog\/wp-json\/wp\/v2\/posts\/1058","targetHints":{"allow":["GET"]}}],"collection":[{"href":"https:\/\/www.citm.upc.edu\/blog\/wp-json\/wp\/v2\/posts"}],"about":[{"href":"https:\/\/www.citm.upc.edu\/blog\/wp-json\/wp\/v2\/types\/post"}],"author":[{"embeddable":true,"href":"https:\/\/www.citm.upc.edu\/blog\/wp-json\/wp\/v2\/users\/2"}],"replies":[{"embeddable":true,"href":"https:\/\/www.citm.upc.edu\/blog\/wp-json\/wp\/v2\/comments?post=1058"}],"version-history":[{"count":2,"href":"https:\/\/www.citm.upc.edu\/blog\/wp-json\/wp\/v2\/posts\/1058\/revisions"}],"predecessor-version":[{"id":1063,"href":"https:\/\/www.citm.upc.edu\/blog\/wp-json\/wp\/v2\/posts\/1058\/revisions\/1063"}],"wp:featuredmedia":[{"embeddable":true,"href":"https:\/\/www.citm.upc.edu\/blog\/wp-json\/wp\/v2\/media\/1060"}],"wp:attachment":[{"href":"https:\/\/www.citm.upc.edu\/blog\/wp-json\/wp\/v2\/media?parent=1058"}],"wp:term":[{"taxonomy":"category","embeddable":true,"href":"https:\/\/www.citm.upc.edu\/blog\/wp-json\/wp\/v2\/categories?post=1058"},{"taxonomy":"post_tag","embeddable":true,"href":"https:\/\/www.citm.upc.edu\/blog\/wp-json\/wp\/v2\/tags?post=1058"}],"curies":[{"name":"wp","href":"https:\/\/api.w.org\/{rel}","templated":true}]}}