{"id":10612,"date":"2025-07-29T13:05:26","date_gmt":"2025-07-29T11:05:26","guid":{"rendered":"https:\/\/www.citm.upc.edu\/blog\/?p=10612"},"modified":"2025-07-29T13:36:43","modified_gmt":"2025-07-29T11:36:43","slug":"festa-de-graduacio-citm-2025","status":"publish","type":"post","link":"https:\/\/www.citm.upc.edu\/blog\/festa-de-graduacio-citm-2025\/?lang=ca","title":{"rendered":"El CITM celebra la gran festa de graduaci\u00f3 2025"},"content":{"rendered":"<p>El Centre de la Imatge i la Tecnologia Multim\u00e8dia (CITM) va celebrar el dissabte 12 de juliol, a l\u2019edifici V\u00e8rtex de la UPC, la <strong>gran festa de graduaci\u00f3 del curs 2024-2025<\/strong>. Una jornada plena d\u2019emoci\u00f3 per acomiadar una etapa acad\u00e8mica i donar la benvinguda a la nova etapa professional que inicien els nostres graduats i graduades.<!--more--><\/p>\n<p>L\u2019acte, condu\u00eft per \u00a0la comunicadora i cap de Cultura a RAC1 Maria Cus\u00f3, es va celebrar de forma presencial al V\u00e8rtex UPC per als estudiants i les seves fam\u00edlies, per\u00f2 tamb\u00e9 es va poder seguir en <em>streaming <\/em>a trav\u00e9s de YouTube.<\/p>\n<p><a href=\"https:\/\/www.citm.upc.edu\/blog\/wp-content\/uploads\/2025\/07\/54675643269_3ff8de8edf_k.jpg\" target=\"_blank\" rel=\"noopener\"><img loading=\"lazy\" decoding=\"async\" class=\"alignleft wp-image-10615 size-medium\" src=\"https:\/\/www.citm.upc.edu\/blog\/wp-content\/uploads\/2025\/07\/54675643269_3ff8de8edf_k-200x300.jpg\" alt=\"\" width=\"200\" height=\"300\" srcset=\"https:\/\/www.citm.upc.edu\/blog\/wp-content\/uploads\/2025\/07\/54675643269_3ff8de8edf_k-200x300.jpg 200w, https:\/\/www.citm.upc.edu\/blog\/wp-content\/uploads\/2025\/07\/54675643269_3ff8de8edf_k-683x1024.jpg 683w, https:\/\/www.citm.upc.edu\/blog\/wp-content\/uploads\/2025\/07\/54675643269_3ff8de8edf_k-768x1152.jpg 768w, https:\/\/www.citm.upc.edu\/blog\/wp-content\/uploads\/2025\/07\/54675643269_3ff8de8edf_k-1024x1536.jpg 1024w, https:\/\/www.citm.upc.edu\/blog\/wp-content\/uploads\/2025\/07\/54675643269_3ff8de8edf_k.jpg 1365w\" sizes=\"auto, (max-width: 200px) 100vw, 200px\" \/><\/a>La cerim\u00f2nia es va iniciar amb la <strong>benvinguda del director del Centre, Carles Sora<\/strong>, qui va fer un rep\u00e0s dels moments m\u00e9s rellevants del curs 2024-2025, que arriba amb aquest acte al seu punt final. En el seu discurs, va destacar iniciatives com la celebraci\u00f3 dels 10 anys dels estudis en Videojocs al CITM, la incubadora de projectes d\u2019emprenedoria pr\u00f2pia del Centre i el llan\u00e7ament d\u2019un programa de Doctorat en Disseny a la UPC. Pel que fa a nova oferta formativa, va destacar la creaci\u00f3 del postgrau en Technical Artist for Videogames, amb la col\u00b7laboraci\u00f3 de Social Point, i la nova microcredencial universit\u00e0ria en Producci\u00f3 Virtual: Stagecrafting amb Unreal Engine i Pantalles LED, juntament amb el Terrassa Film Lab \u2013 Parc Audiovisual de Catalunya. En el seu discurs tamb\u00e9 va fer una profunda reflexi\u00f3 de fons sobre l\u2019impacte creixent de la intel\u00b7lig\u00e8ncia artificial generativa en les ind\u00fastries creatives, subratllant la import\u00e0ncia de mantenir un esperit cr\u00edtic i creatiu davant aquest nou escenari.<\/p>\n<p><a href=\"https:\/\/www.citm.upc.edu\/blog\/wp-content\/uploads\/2025\/07\/54674578327_496b58ec62_k.jpg\" target=\"_blank\" rel=\"noopener\"><img loading=\"lazy\" decoding=\"async\" class=\"alignleft wp-image-10617 size-medium\" src=\"https:\/\/www.citm.upc.edu\/blog\/wp-content\/uploads\/2025\/07\/54674578327_496b58ec62_k-300x200.jpg\" alt=\"\" width=\"300\" height=\"200\" srcset=\"https:\/\/www.citm.upc.edu\/blog\/wp-content\/uploads\/2025\/07\/54674578327_496b58ec62_k-300x200.jpg 300w, https:\/\/www.citm.upc.edu\/blog\/wp-content\/uploads\/2025\/07\/54674578327_496b58ec62_k-1024x683.jpg 1024w, https:\/\/www.citm.upc.edu\/blog\/wp-content\/uploads\/2025\/07\/54674578327_496b58ec62_k-768x512.jpg 768w, https:\/\/www.citm.upc.edu\/blog\/wp-content\/uploads\/2025\/07\/54674578327_496b58ec62_k-1536x1024.jpg 1536w, https:\/\/www.citm.upc.edu\/blog\/wp-content\/uploads\/2025\/07\/54674578327_496b58ec62_k.jpg 2048w\" sizes=\"auto, (max-width: 300px) 100vw, 300px\" \/><\/a>Tot seguit, va intervenir el <strong>padr\u00ed de la promoci\u00f3 2024-2025<\/strong>, <strong>Sergi Sag\u00e0s<\/strong>, expert en tecnologies creatives i actual Chief Innovation Officer a Hyperreal. Amb una llarga traject\u00f2ria en el sector de les ind\u00fastries digitals, va compartir les cinc etapes clau de la seva carrera: els inicis a la FIB i a Anim\u00e1tica, el pas per Walt Disney en animaci\u00f3, la innovaci\u00f3 en efectes visuals a Imageworks (Sony Pictures), l\u2019R+D en tecnologies creatives a Mediapro, i finalment la seva aventura emprenedora com a fundador d\u2019Hyperreal. Una intervenci\u00f3 plena de consells pr\u00e0ctics i reflexions per encarar els primers passos en el m\u00f3n professional.<\/p>\n<p><a href=\"https:\/\/www.citm.upc.edu\/blog\/wp-content\/uploads\/2025\/07\/54675638918_bddcfba3b9_k.jpg\" target=\"_blank\" rel=\"noopener\"><img loading=\"lazy\" decoding=\"async\" class=\"alignleft wp-image-10619 size-medium\" src=\"https:\/\/www.citm.upc.edu\/blog\/wp-content\/uploads\/2025\/07\/54675638918_bddcfba3b9_k-300x200.jpg\" alt=\"\" width=\"300\" height=\"200\" srcset=\"https:\/\/www.citm.upc.edu\/blog\/wp-content\/uploads\/2025\/07\/54675638918_bddcfba3b9_k-300x200.jpg 300w, https:\/\/www.citm.upc.edu\/blog\/wp-content\/uploads\/2025\/07\/54675638918_bddcfba3b9_k-1024x683.jpg 1024w, https:\/\/www.citm.upc.edu\/blog\/wp-content\/uploads\/2025\/07\/54675638918_bddcfba3b9_k-768x512.jpg 768w, https:\/\/www.citm.upc.edu\/blog\/wp-content\/uploads\/2025\/07\/54675638918_bddcfba3b9_k-1536x1024.jpg 1536w, https:\/\/www.citm.upc.edu\/blog\/wp-content\/uploads\/2025\/07\/54675638918_bddcfba3b9_k.jpg 2048w\" sizes=\"auto, (max-width: 300px) 100vw, 300px\" \/><\/a>El protagonisme va passar, despr\u00e9s, als veritables homenatjats del dia: els <strong>graduats i graduades del curs 2024-2025<\/strong>, que amb humor, emoci\u00f3 i complicitat van recordar el seu pas pel CITM. Hi van intervenir:<\/p>\n<ul>\n<li><strong>Elna Prat i Unai Laguarta<\/strong>, del grau en Multim\u00e8dia.<\/li>\n<li><strong>Pau Argiz i Arnau Gonz\u00e1lez<\/strong>, del grau en Disseny i Desenvolupament de Videojocs (Terrassa).<\/li>\n<li><strong>J\u00falia Serra i Ariadna Sevcik<\/strong>, del grau en Disseny i Desenvolupament de Videojocs (Barcelona).<\/li>\n<\/ul>\n<p><a href=\"https:\/\/www.citm.upc.edu\/blog\/wp-content\/uploads\/2025\/07\/54675408986_d99ec1de59_k.jpg\" target=\"_blank\" rel=\"noopener\"><img loading=\"lazy\" decoding=\"async\" class=\"alignleft wp-image-10621 size-medium\" src=\"https:\/\/www.citm.upc.edu\/blog\/wp-content\/uploads\/2025\/07\/54675408986_d99ec1de59_k-300x200.jpg\" alt=\"\" width=\"300\" height=\"200\" srcset=\"https:\/\/www.citm.upc.edu\/blog\/wp-content\/uploads\/2025\/07\/54675408986_d99ec1de59_k-300x200.jpg 300w, https:\/\/www.citm.upc.edu\/blog\/wp-content\/uploads\/2025\/07\/54675408986_d99ec1de59_k-1024x683.jpg 1024w, https:\/\/www.citm.upc.edu\/blog\/wp-content\/uploads\/2025\/07\/54675408986_d99ec1de59_k-768x512.jpg 768w, https:\/\/www.citm.upc.edu\/blog\/wp-content\/uploads\/2025\/07\/54675408986_d99ec1de59_k-1536x1024.jpg 1536w, https:\/\/www.citm.upc.edu\/blog\/wp-content\/uploads\/2025\/07\/54675408986_d99ec1de59_k.jpg 2048w\" sizes=\"auto, (max-width: 300px) 100vw, 300px\" \/><\/a>Tamb\u00e9 es van atorgar els <strong>reconeixements als millors Treballs Finals de Grau (TFG)<\/strong>, incloent <strong>mencions d\u2019honor i premis extraordinaris<\/strong> per la qualitat i l\u2019impacte dels projectes desenvolupats durant el curs. Els premiats amb matr\u00edcula d\u2019honor en el TFG pel curs 2023-2024 van ser:<\/p>\n<ul>\n<li><strong>David Boces <\/strong>(Grau en Videojocs, Terrassa) pel projecte: <em>The Weird and The Eerie in Videogames<\/em><\/li>\n<li><strong>Luis Chaparro <\/strong>(grau en Multim\u00e8dia) pel projecte <em>Desenvolupament d\u2019una Demo de Realitat Virtual amb Eines d\u2019IA. <\/em><\/li>\n<li><strong>Elia Orcajo<\/strong> (grau en Multim\u00e8dia) pel projecte <em>Is not a Face Map<\/em><\/li>\n<li><strong>\u00c0lex Mar\u00edn<\/strong> (grau en Disseny, Animaci\u00f3 i Art Digital) pel projecte <em>Producci\u00f3 dels Elements 3D per una S\u00e8rie Animada en Unreal Engine. <\/em><\/li>\n<\/ul>\n<p>Els premis extraordinaris van anar a parar a mans de Robert Record\u00e0 (grau en Videojocs Terrassa), Sergi Colomer (grau en Videojocs Barcelona), Jazmin Faustina Catrea (grau en Animaci\u00f3) i a Lara Fulsalba (grau en Multim\u00e8dia).<\/p>\n<p><a href=\"https:\/\/www.citm.upc.edu\/blog\/wp-content\/uploads\/2025\/07\/54675638208_54588c0236_k.jpg\" target=\"_blank\" rel=\"noopener\"><img loading=\"lazy\" decoding=\"async\" class=\"alignleft wp-image-10623 size-medium\" src=\"https:\/\/www.citm.upc.edu\/blog\/wp-content\/uploads\/2025\/07\/54675638208_54588c0236_k-300x200.jpg\" alt=\"\" width=\"300\" height=\"200\" srcset=\"https:\/\/www.citm.upc.edu\/blog\/wp-content\/uploads\/2025\/07\/54675638208_54588c0236_k-300x200.jpg 300w, https:\/\/www.citm.upc.edu\/blog\/wp-content\/uploads\/2025\/07\/54675638208_54588c0236_k-1024x683.jpg 1024w, https:\/\/www.citm.upc.edu\/blog\/wp-content\/uploads\/2025\/07\/54675638208_54588c0236_k-768x512.jpg 768w, https:\/\/www.citm.upc.edu\/blog\/wp-content\/uploads\/2025\/07\/54675638208_54588c0236_k-1536x1024.jpg 1536w, https:\/\/www.citm.upc.edu\/blog\/wp-content\/uploads\/2025\/07\/54675638208_54588c0236_k.jpg 2047w\" sizes=\"auto, (max-width: 300px) 100vw, 300px\" \/><\/a>Despr\u00e9s va tenir lloc el moment m\u00e9s esperat: el <strong>lliurament de diplomes<\/strong> a c\u00e0rrec de Carles Sora, acompanyat per Bea Mart\u00ednez, cap d\u2019estudis del CITM i els professors Eli Fonts, David S\u00e1nchez i Marta Fern\u00e1ndez. Cada titulaci\u00f3 va tenir la seva <strong>foto de grup per grau<\/strong>, simbolitzant el tancament d\u2019aquesta etapa formativa.<\/p>\n<p>En aquest acte, es va fer p\u00fablic tamb\u00e9 la creaci\u00f3 del Club Alumni CITM, amb els membres: Marc Mart\u00ed, cap d\u2019Art a Social Point (president) i els vocals Xavier Lienas (Bakoom Studio), Adri\u00e1n Dorado (Qualud) i Eduard Llovet (Payper)<\/p>\n<p><a href=\"https:\/\/www.citm.upc.edu\/blog\/wp-content\/uploads\/2025\/07\/54675641404_6d2c6fa3bc_k.jpg\" target=\"_blank\" rel=\"noopener\"><img loading=\"lazy\" decoding=\"async\" class=\"alignleft wp-image-10632 size-thumbnail\" src=\"https:\/\/www.citm.upc.edu\/blog\/wp-content\/uploads\/2025\/07\/54675641404_6d2c6fa3bc_k-150x150.jpg\" alt=\"\" width=\"150\" height=\"150\" \/><\/a>L\u2019acte es va tancar amb un v\u00eddeo del <em>Gaudeamus Igitur<\/em> i el tradicional <strong>llan\u00e7ament de birrets<\/strong>. Per acabar, un <strong>pica-pica al vest\u00edbul <\/strong>va posar el punt final festiu i m\u00e9s dist\u00e8s a una jornada inoblidable per a tota la comunitat CITM.<\/p>\n<p>Si voleu reviure els millors moments, podeu veure la <strong><a href=\"https:\/\/www.flickr.com\/photos\/citmupc\/albums\/72177720327741196\/page2\" target=\"_blank\" rel=\"noopener\">galeria de fotos a Flickr amb el t\u00edtol <em>\u201cActe de Graduaci\u00f3 CITM 2025\u201d<\/em><\/a> <\/strong>i el <strong>videoresum<\/strong> <strong>de l\u2019acte<\/strong>.<\/p>\n<p><a href=\"https:\/\/vimeo.com\/1104377154\" target=\"_blank\" rel=\"noopener\"><img loading=\"lazy\" decoding=\"async\" class=\"alignleft wp-image-10613 size-full\" src=\"https:\/\/www.citm.upc.edu\/blog\/wp-content\/uploads\/2025\/07\/Video_Graduacio25.jpg\" alt=\"\" width=\"716\" height=\"399\" srcset=\"https:\/\/www.citm.upc.edu\/blog\/wp-content\/uploads\/2025\/07\/Video_Graduacio25.jpg 716w, https:\/\/www.citm.upc.edu\/blog\/wp-content\/uploads\/2025\/07\/Video_Graduacio25-300x167.jpg 300w\" sizes=\"auto, (max-width: 716px) 100vw, 716px\" \/><\/a><\/p>\n<p>&nbsp;<\/p>\n","protected":false},"excerpt":{"rendered":"<p>El Centre de la Imatge i la Tecnologia Multim\u00e8dia (CITM) va celebrar el dissabte 12 de juliol, a l\u2019edifici V\u00e8rtex de la UPC, la gran festa de graduaci\u00f3 del curs 2024-2025. Una jornada plena d\u2019emoci\u00f3 per acomiadar una etapa acad\u00e8mica i donar la benvinguda a la nova etapa professional que inicien els nostres graduats i &#8230; <a title=\"El CITM celebra la gran festa de graduaci\u00f3 2025\" class=\"read-more\" href=\"https:\/\/www.citm.upc.edu\/blog\/festa-de-graduacio-citm-2025\/?lang=ca\" aria-label=\"Read more about El CITM celebra la gran festa de graduaci\u00f3 2025\">Leer m\u00e1s<\/a><\/p>\n","protected":false},"author":2,"featured_media":10627,"comment_status":"closed","ping_status":"closed","sticky":false,"template":"","format":"standard","meta":{"footnotes":""},"categories":[2],"tags":[855,308,854,704,694,705,1584],"class_list":["post-10612","post","type-post","status-publish","format-standard","has-post-thumbnail","hentry","category-uncategorized-ca","tag-acte-graduacio-citm","tag-festa-de-graduacio-citm","tag-graduacio","tag-graduats-animacio","tag-graduats-multimedia","tag-graduats-videojocs","tag-gratuats-citm"],"aioseo_notices":[],"_links":{"self":[{"href":"https:\/\/www.citm.upc.edu\/blog\/wp-json\/wp\/v2\/posts\/10612","targetHints":{"allow":["GET"]}}],"collection":[{"href":"https:\/\/www.citm.upc.edu\/blog\/wp-json\/wp\/v2\/posts"}],"about":[{"href":"https:\/\/www.citm.upc.edu\/blog\/wp-json\/wp\/v2\/types\/post"}],"author":[{"embeddable":true,"href":"https:\/\/www.citm.upc.edu\/blog\/wp-json\/wp\/v2\/users\/2"}],"replies":[{"embeddable":true,"href":"https:\/\/www.citm.upc.edu\/blog\/wp-json\/wp\/v2\/comments?post=10612"}],"version-history":[{"count":5,"href":"https:\/\/www.citm.upc.edu\/blog\/wp-json\/wp\/v2\/posts\/10612\/revisions"}],"predecessor-version":[{"id":10640,"href":"https:\/\/www.citm.upc.edu\/blog\/wp-json\/wp\/v2\/posts\/10612\/revisions\/10640"}],"wp:featuredmedia":[{"embeddable":true,"href":"https:\/\/www.citm.upc.edu\/blog\/wp-json\/wp\/v2\/media\/10627"}],"wp:attachment":[{"href":"https:\/\/www.citm.upc.edu\/blog\/wp-json\/wp\/v2\/media?parent=10612"}],"wp:term":[{"taxonomy":"category","embeddable":true,"href":"https:\/\/www.citm.upc.edu\/blog\/wp-json\/wp\/v2\/categories?post=10612"},{"taxonomy":"post_tag","embeddable":true,"href":"https:\/\/www.citm.upc.edu\/blog\/wp-json\/wp\/v2\/tags?post=10612"}],"curies":[{"name":"wp","href":"https:\/\/api.w.org\/{rel}","templated":true}]}}