{"id":10685,"date":"2025-09-22T11:50:33","date_gmt":"2025-09-22T09:50:33","guid":{"rendered":"https:\/\/www.citm.upc.edu\/blog\/?p=10685"},"modified":"2025-09-22T11:50:33","modified_gmt":"2025-09-22T09:50:33","slug":"nea-ehrlich-nova-professora-pdi-del-citm","status":"publish","type":"post","link":"https:\/\/www.citm.upc.edu\/blog\/nea-ehrlich-nova-professora-pdi-del-citm\/?lang=ca","title":{"rendered":"Nea Ehrlich, nova professora PDI del CITM"},"content":{"rendered":"<p>El Centre de la Imatge i la Tecnologia Multim\u00e8dia continua sumant talent al seu equip docent i investigador. A partir d\u2019aquest curs 2025-2026, la professora <strong>Nea Ehrlich<\/strong> passa a formar part del Personal Docent i Investigador (PDI) propi del CITM a temps complet, aportant la seva experi\u00e8ncia en l\u2019\u00e0mbit de l\u2019animaci\u00f3, la cultura visual i les narratives digitals.<!--more--><\/p>\n<p>Nea Ehrlich \u00e9s doctora i reconeguda investigadora en animaci\u00f3 i arts visuals. Ha estat guardonada amb el <strong>premi Norman McLaren\/Evelyn Lambart<\/strong> de <em>The International Society for Animation Studies<\/em> a la millor monografia en animaci\u00f3 pel seu llibre <em>Animating Truth \u2013 Documentary and Visual Culture in the 21st Century<\/em> (2022). La seva recerca se centra en el paper de l\u2019art i l\u2019animaci\u00f3 com a eines de reflexi\u00f3 i cr\u00edtica social, i en l\u2019an\u00e0lisi de les noves narratives audiovisuals del segle XXI.<\/p>\n<p>Ha desenvolupat una traject\u00f2ria acad\u00e8mica internacional, amb doc\u00e8ncia i recerca en universitats i centres de prestigi, i combina la investigaci\u00f3 te\u00f2rica amb una mirada creativa i innovadora sobre els mitjans digitals.<\/p>\n<p>Al CITM, Nea Ehrlich \u00e9s professora especialista en <strong>animaci\u00f3, cultura visual, documentals i narratives digitals<\/strong>, i contribuir\u00e0 al desenvolupament de l\u2019\u00e0rea docent i de recerca del Centre en aquests camps.<\/p>\n","protected":false},"excerpt":{"rendered":"<p>El Centre de la Imatge i la Tecnologia Multim\u00e8dia continua sumant talent al seu equip docent i investigador. A partir d\u2019aquest curs 2025-2026, la professora Nea Ehrlich passa a formar part del Personal Docent i Investigador (PDI) propi del CITM a temps complet, aportant la seva experi\u00e8ncia en l\u2019\u00e0mbit de l\u2019animaci\u00f3, la cultura visual i &#8230; <a title=\"Nea Ehrlich, nova professora PDI del CITM\" class=\"read-more\" href=\"https:\/\/www.citm.upc.edu\/blog\/nea-ehrlich-nova-professora-pdi-del-citm\/?lang=ca\" aria-label=\"Read more about Nea Ehrlich, nova professora PDI del CITM\">Leer m\u00e1s<\/a><\/p>\n","protected":false},"author":2,"featured_media":9518,"comment_status":"closed","ping_status":"closed","sticky":false,"template":"","format":"standard","meta":{"footnotes":""},"categories":[22,911],"tags":[209,1344,1345,1340,889,857,207],"class_list":["post-10685","post","type-post","status-publish","format-standard","has-post-thumbnail","hentry","category-animacio-digital","category-professorat","tag-cultura-visual","tag-equip-pdi-citm","tag-narratives-digitals","tag-nea-elhrich","tag-pdi-citm","tag-professorat-animacio","tag-professorat-citm"],"aioseo_notices":[],"_links":{"self":[{"href":"https:\/\/www.citm.upc.edu\/blog\/wp-json\/wp\/v2\/posts\/10685","targetHints":{"allow":["GET"]}}],"collection":[{"href":"https:\/\/www.citm.upc.edu\/blog\/wp-json\/wp\/v2\/posts"}],"about":[{"href":"https:\/\/www.citm.upc.edu\/blog\/wp-json\/wp\/v2\/types\/post"}],"author":[{"embeddable":true,"href":"https:\/\/www.citm.upc.edu\/blog\/wp-json\/wp\/v2\/users\/2"}],"replies":[{"embeddable":true,"href":"https:\/\/www.citm.upc.edu\/blog\/wp-json\/wp\/v2\/comments?post=10685"}],"version-history":[{"count":1,"href":"https:\/\/www.citm.upc.edu\/blog\/wp-json\/wp\/v2\/posts\/10685\/revisions"}],"predecessor-version":[{"id":10686,"href":"https:\/\/www.citm.upc.edu\/blog\/wp-json\/wp\/v2\/posts\/10685\/revisions\/10686"}],"wp:featuredmedia":[{"embeddable":true,"href":"https:\/\/www.citm.upc.edu\/blog\/wp-json\/wp\/v2\/media\/9518"}],"wp:attachment":[{"href":"https:\/\/www.citm.upc.edu\/blog\/wp-json\/wp\/v2\/media?parent=10685"}],"wp:term":[{"taxonomy":"category","embeddable":true,"href":"https:\/\/www.citm.upc.edu\/blog\/wp-json\/wp\/v2\/categories?post=10685"},{"taxonomy":"post_tag","embeddable":true,"href":"https:\/\/www.citm.upc.edu\/blog\/wp-json\/wp\/v2\/tags?post=10685"}],"curies":[{"name":"wp","href":"https:\/\/api.w.org\/{rel}","templated":true}]}}