{"id":11047,"date":"2026-02-23T16:32:19","date_gmt":"2026-02-23T15:32:19","guid":{"rendered":"https:\/\/www.citm.upc.edu\/blog\/?p=11047"},"modified":"2026-02-24T09:40:53","modified_gmt":"2026-02-24T08:40:53","slug":"el-citm-ha-participat-a-animac-2026","status":"publish","type":"post","link":"https:\/\/www.citm.upc.edu\/blog\/el-citm-ha-participat-a-animac-2026\/?lang=ca","title":{"rendered":"El CITM ha participat a Animac 2026"},"content":{"rendered":"<p>El Centre de la Imatge i la Tecnologia Multim\u00e8dia (CITM) ha participat un any m\u00e9s a<a href=\"https:\/\/animac.paeria.cat\/\" target=\"_blank\" rel=\"noopener\"><strong> Animac, la Mostra Internacional de Cinema d\u2019Animaci\u00f3 de Catalunya<\/strong><\/a>, que enguany ha celebrat la seva 30a edici\u00f3 a Lleida del 19 al 22 de febrer de 2026. En aquesta ocasi\u00f3, el CITM ha comptat amb un estand propi a l\u2019espai Animacrea, on els estudiants han tingut l\u2019oportunitat de presentar els seus <strong>projectes d\u2019animaci\u00f3<\/strong> al p\u00fablic assistent. Agra\u00efm especialment a les estudiants del<strong> <a href=\"https:\/\/www.citm.upc.edu\/cat\/estudis\/grau-animacio\/\" target=\"_blank\" rel=\"noopener\">grau en Disseny, Animaci\u00f3 i Art Digital<\/a> Camila Pineda<\/strong> (@kmi.draw), <strong>Mireia P\u00e9rez Oribio<\/strong> (@armintist) i <strong>Elena Vergel<\/strong> (bina_s_coffin), que van estar modelant, mostrant els seus projectes i atenent a tots els visitants interessats. <!--more--><\/p>\n<p><a href=\"https:\/\/www.citm.upc.edu\/blog\/wp-content\/uploads\/2026\/02\/estand-CITM_-Animac-26_3-scaled.jpeg\" target=\"_blank\" rel=\"noopener\"><img loading=\"lazy\" decoding=\"async\" class=\"alignleft wp-image-11048 size-medium\" src=\"https:\/\/www.citm.upc.edu\/blog\/wp-content\/uploads\/2026\/02\/estand-CITM_-Animac-26_3-225x300.jpeg\" alt=\"\" width=\"225\" height=\"300\" srcset=\"https:\/\/www.citm.upc.edu\/blog\/wp-content\/uploads\/2026\/02\/estand-CITM_-Animac-26_3-225x300.jpeg 225w, https:\/\/www.citm.upc.edu\/blog\/wp-content\/uploads\/2026\/02\/estand-CITM_-Animac-26_3-768x1024.jpeg 768w, https:\/\/www.citm.upc.edu\/blog\/wp-content\/uploads\/2026\/02\/estand-CITM_-Animac-26_3-1152x1536.jpeg 1152w, https:\/\/www.citm.upc.edu\/blog\/wp-content\/uploads\/2026\/02\/estand-CITM_-Animac-26_3-1536x2048.jpeg 1536w, https:\/\/www.citm.upc.edu\/blog\/wp-content\/uploads\/2026\/02\/estand-CITM_-Animac-26_3-scaled.jpeg 1920w\" sizes=\"auto, (max-width: 225px) 100vw, 225px\" \/><\/a><a href=\"https:\/\/animac.paeria.cat\/animacrea\" target=\"_blank\" rel=\"noopener\">Animacrea<\/a> esdev\u00e9 el batec central del festival, el punt de trobada amb professionals de la ind\u00fastria, estudiants i visitants, que han pogut con\u00e8ixer de primera m\u00e0 el talent, la capacitat t\u00e8cnica i la creativitat dels nostres creadors i creadores. A m\u00e9s, a l\u2019estand tamb\u00e9 s\u2019ha ofert informaci\u00f3 dels <strong>graus oficials en Animaci\u00f3, Multim\u00e8dia i Videojocs<\/strong> que s\u2019imparteixen al CITM, apropant l\u2019oferta formativa del centre a futurs estudiants interessats a desenvolupar la seva carrera en l\u2019\u00e0mbit de la creaci\u00f3 digital.<\/p>\n<p>Animac s\u2019ha consolidat com una cita imprescindible per als professionals i amants de l\u2019animaci\u00f3, amb una acurada selecci\u00f3 de curtmetratges i llargmetratges, aix\u00ed com confer\u00e8ncies, tallers i m\u00faltiples activitats paral\u00b7leles que fomenten l\u2019intercanvi creatiu i el debat al voltant del sector.<\/p>\n","protected":false},"excerpt":{"rendered":"<p>El Centre de la Imatge i la Tecnologia Multim\u00e8dia (CITM) ha participat un any m\u00e9s a Animac, la Mostra Internacional de Cinema d\u2019Animaci\u00f3 de Catalunya, que enguany ha celebrat la seva 30a edici\u00f3 a Lleida del 19 al 22 de febrer de 2026. En aquesta ocasi\u00f3, el CITM ha comptat amb un estand propi a &#8230; <a title=\"El CITM ha participat a Animac 2026\" class=\"read-more\" href=\"https:\/\/www.citm.upc.edu\/blog\/el-citm-ha-participat-a-animac-2026\/?lang=ca\" aria-label=\"Read more about El CITM ha participat a Animac 2026\">Leer m\u00e1s<\/a><\/p>\n","protected":false},"author":2,"featured_media":11050,"comment_status":"closed","ping_status":"closed","sticky":false,"template":"","format":"standard","meta":{"footnotes":""},"categories":[22,14],"tags":[628,393,1464,1648,957,1649,1647],"class_list":["post-11047","post","type-post","status-publish","format-standard","has-post-thumbnail","hentry","category-animacio-digital","category-treballs-alumnes","tag-animac","tag-animacio","tag-festival-animacio","tag-fira-animacio","tag-fires","tag-mostra-animacio","tag-projectes-alumnes-animacio"],"aioseo_notices":[],"_links":{"self":[{"href":"https:\/\/www.citm.upc.edu\/blog\/wp-json\/wp\/v2\/posts\/11047","targetHints":{"allow":["GET"]}}],"collection":[{"href":"https:\/\/www.citm.upc.edu\/blog\/wp-json\/wp\/v2\/posts"}],"about":[{"href":"https:\/\/www.citm.upc.edu\/blog\/wp-json\/wp\/v2\/types\/post"}],"author":[{"embeddable":true,"href":"https:\/\/www.citm.upc.edu\/blog\/wp-json\/wp\/v2\/users\/2"}],"replies":[{"embeddable":true,"href":"https:\/\/www.citm.upc.edu\/blog\/wp-json\/wp\/v2\/comments?post=11047"}],"version-history":[{"count":7,"href":"https:\/\/www.citm.upc.edu\/blog\/wp-json\/wp\/v2\/posts\/11047\/revisions"}],"predecessor-version":[{"id":11053,"href":"https:\/\/www.citm.upc.edu\/blog\/wp-json\/wp\/v2\/posts\/11047\/revisions\/11053"}],"wp:featuredmedia":[{"embeddable":true,"href":"https:\/\/www.citm.upc.edu\/blog\/wp-json\/wp\/v2\/media\/11050"}],"wp:attachment":[{"href":"https:\/\/www.citm.upc.edu\/blog\/wp-json\/wp\/v2\/media?parent=11047"}],"wp:term":[{"taxonomy":"category","embeddable":true,"href":"https:\/\/www.citm.upc.edu\/blog\/wp-json\/wp\/v2\/categories?post=11047"},{"taxonomy":"post_tag","embeddable":true,"href":"https:\/\/www.citm.upc.edu\/blog\/wp-json\/wp\/v2\/tags?post=11047"}],"curies":[{"name":"wp","href":"https:\/\/api.w.org\/{rel}","templated":true}]}}