{"id":11065,"date":"2026-02-27T14:08:36","date_gmt":"2026-02-27T13:08:36","guid":{"rendered":"https:\/\/www.citm.upc.edu\/blog\/?p=11065"},"modified":"2026-03-18T14:51:22","modified_gmt":"2026-03-18T13:51:22","slug":"guanyadors-de-la-2a-edicio-del-concurs-de-curtmetratges-accio","status":"publish","type":"post","link":"https:\/\/www.citm.upc.edu\/blog\/guanyadors-de-la-2a-edicio-del-concurs-de-curtmetratges-accio\/?lang=ca","title":{"rendered":"Guanyadors de la 2a edici\u00f3 del concurs de curtmetratges ACCI\u00d3!"},"content":{"rendered":"<p>Aquesta setmana, el dimecres 25 de febrer, vam celebrar al CITM el<strong> lliurament de premis de la<\/strong> <strong>2a edici\u00f3 del concurs de curtmetratges ACCI\u00d3!<\/strong>, organitzat per la Delegaci\u00f3 d\u2019Estudiants del CITM. Aquesta edici\u00f3 ha tornat a posar a prova la creativitat i el talent audiovisual del nostre estudiantat, amb la participaci\u00f3 de <strong>9 equips<\/strong>.<!--more--><\/p>\n<p>Aquests han estat els guanyadors de la 2a edici\u00f3 del concurs ACCI\u00d3:<\/p>\n<p><strong>&#8211; Millor Curtmetratge<\/strong>: <strong><em>Nexum<\/em><\/strong>, de l\u2019equip <strong>New Directions. <\/strong>Estudiants de 3r curs del grau en Disseny Digital i Tecnologies Multim\u00e8dia: Aura Esp\u00ed, Sergi Font, Cristina Moles i \u00cdngrid Lara.<\/p>\n<p><strong>&#8211; Millor Argument i Gui\u00f3<\/strong>: <strong><em>Salxitxa<\/em><\/strong>, de l\u2019equip <strong>Invasion Studios.\u00a0<\/strong>Estudiants 2n curs del grau en Disseny, Animaci\u00f3 i Art Digital: Quer Lloveras, Bruno Quintero, Martina Turn\u00e9, David Gil i Robin Clavero.<\/p>\n<p><strong>&#8211; Millor Postproducci\u00f3<\/strong>: <strong><em>Signal<\/em><\/strong>, de l\u2019equip <strong>Kilombo<\/strong>. Estudiants de 3r curs del grau en Disseny Digital i Tecnologies Multim\u00e8dia: Andreu Narv\u00e1ez, Arnau Moreno, Clementina Eyeralde i Victoria Pino.<\/p>\n<p><strong>&#8211; Millor \u00das de la M\u00fasica i el So<\/strong>: <strong><em>Amor dame una se\u00f1al<\/em><\/strong>, de l\u2019equip <strong>Gang Productions. <\/strong>Estudiants 3r curs del grau en Disseny, Animaci\u00f3 i Art Digital: Anna Guerrero, Laia Espulga i Helena Calvo.<\/p>\n<p><strong>&#8211; Votaci\u00f3 Popular<\/strong>: <strong><em>Gorros de Plata<\/em><\/strong>, de l\u2019equip <strong>Team Alumni<\/strong>. Graduats en Disseny Digital i Tecnologies Multim\u00e8dia, al juny 2025: Unai Laguarta, Gonzalo Berga, Edgar Obrador i Carlos Peinado<\/p>\n<p>\ud83c\udfac Podeu recuperar tots els projectes i curtmetratges participants en la <a href=\"https:\/\/www.youtube.com\/playlist?list=PL601Ekv1_loBNAqcrROcrrjqwRDeSX970\" target=\"_blank\" rel=\"noopener\"><strong>llista de reproducci\u00f3 <\/strong><\/a><strong><a href=\"https:\/\/www.youtube.com\/playlist?list=PL601Ekv1_loBNAqcrROcrrjqwRDeSX970\" target=\"_blank\" rel=\"noopener\">ACCI\u00d3 2026<\/a> a YouTube.\u00a0<\/strong><\/p>\n<p>Aquesta 2a edici\u00f3 impulsa el certamen ACCI\u00d3 com la plataforma per fomentar i visibilitzar el talent audiovisual dins de la comunitat CITM. Esperem seguir gaudint de m\u00e9s projectes en futures edicions!<\/p>\n","protected":false},"excerpt":{"rendered":"<p>Aquesta setmana, el dimecres 25 de febrer, vam celebrar al CITM el lliurament de premis de la 2a edici\u00f3 del concurs de curtmetratges ACCI\u00d3!, organitzat per la Delegaci\u00f3 d\u2019Estudiants del CITM. Aquesta edici\u00f3 ha tornat a posar a prova la creativitat i el talent audiovisual del nostre estudiantat, amb la participaci\u00f3 de 9 equips.<\/p>\n","protected":false},"author":2,"featured_media":11067,"comment_status":"closed","ping_status":"closed","sticky":false,"template":"","format":"standard","meta":{"footnotes":""},"categories":[62,14],"tags":[1059,1475,1654,1094,408,1562,1186],"class_list":["post-11065","post","type-post","status-publish","format-standard","has-post-thumbnail","hentry","category-concursos","category-treballs-alumnes","tag-comunitat-citm","tag-concurs-accio","tag-concurs-curtmetratges","tag-concursos-citm-ca","tag-curtmetratges","tag-delegacio-destudiants-citm","tag-talent-audiovisual"],"aioseo_notices":[],"_links":{"self":[{"href":"https:\/\/www.citm.upc.edu\/blog\/wp-json\/wp\/v2\/posts\/11065","targetHints":{"allow":["GET"]}}],"collection":[{"href":"https:\/\/www.citm.upc.edu\/blog\/wp-json\/wp\/v2\/posts"}],"about":[{"href":"https:\/\/www.citm.upc.edu\/blog\/wp-json\/wp\/v2\/types\/post"}],"author":[{"embeddable":true,"href":"https:\/\/www.citm.upc.edu\/blog\/wp-json\/wp\/v2\/users\/2"}],"replies":[{"embeddable":true,"href":"https:\/\/www.citm.upc.edu\/blog\/wp-json\/wp\/v2\/comments?post=11065"}],"version-history":[{"count":8,"href":"https:\/\/www.citm.upc.edu\/blog\/wp-json\/wp\/v2\/posts\/11065\/revisions"}],"predecessor-version":[{"id":11145,"href":"https:\/\/www.citm.upc.edu\/blog\/wp-json\/wp\/v2\/posts\/11065\/revisions\/11145"}],"wp:featuredmedia":[{"embeddable":true,"href":"https:\/\/www.citm.upc.edu\/blog\/wp-json\/wp\/v2\/media\/11067"}],"wp:attachment":[{"href":"https:\/\/www.citm.upc.edu\/blog\/wp-json\/wp\/v2\/media?parent=11065"}],"wp:term":[{"taxonomy":"category","embeddable":true,"href":"https:\/\/www.citm.upc.edu\/blog\/wp-json\/wp\/v2\/categories?post=11065"},{"taxonomy":"post_tag","embeddable":true,"href":"https:\/\/www.citm.upc.edu\/blog\/wp-json\/wp\/v2\/tags?post=11065"}],"curies":[{"name":"wp","href":"https:\/\/api.w.org\/{rel}","templated":true}]}}