{"id":11168,"date":"2026-03-27T09:31:47","date_gmt":"2026-03-27T08:31:47","guid":{"rendered":"https:\/\/www.citm.upc.edu\/blog\/?p=11168"},"modified":"2026-03-27T09:36:49","modified_gmt":"2026-03-27T08:36:49","slug":"el-citm-anfitrion-de-la-jornada-tu-campus-audiovisual-experience","status":"publish","type":"post","link":"https:\/\/www.citm.upc.edu\/blog\/el-citm-anfitrion-de-la-jornada-tu-campus-audiovisual-experience\/","title":{"rendered":"El CITM, anfitri\u00f3n de la jornada \u00abTU. Campus Audiovisual Experience\u00bb"},"content":{"rendered":"<p>El Centro de la Imagen y la Tecnolog\u00eda Multimedia ha acogido este mi\u00e9rcoles 25 de marzo <strong>la jornada \u201cTerrassa Universit\u00e0ria (TU). Campus Audiovisual Experience\u201d,<\/strong> una iniciativa impulsada por el Servicio de Universidades y Transferencia de Conocimiento del Ayuntamiento de Terrassa con la colaboraci\u00f3n del ESCAC, ESEIAAT-UPC y el CITM.<!--more--><\/p>\n<p>El evento, celebrado en el plat\u00f3 del CITM, ha reunido a alumnado de bachillerato de la ciudad para acercarlos a los estudios y a las salidas profesionales del sector audiovisual, al tiempo que ha puesto en valor el ecosistema formativo de Terrassa. En este contexto, la jornada tambi\u00e9n ha reivindicado el potencial de la ciudad como polo de formaci\u00f3n y proyecci\u00f3n audiovisual.<\/p>\n<p><strong>Una jornada con participaci\u00f3n institucional y acad\u00e9mica<\/strong><\/p>\n<p><a href=\"https:\/\/www.citm.upc.edu\/blog\/wp-content\/uploads\/2026\/03\/IMG_0705-1-scaled.jpg\" target=\"_blank\" rel=\"noopener\"><img loading=\"lazy\" decoding=\"async\" class=\"alignleft wp-image-11164 size-medium\" src=\"https:\/\/www.citm.upc.edu\/blog\/wp-content\/uploads\/2026\/03\/IMG_0705-1-300x195.jpg\" alt=\"\" width=\"300\" height=\"195\" srcset=\"https:\/\/www.citm.upc.edu\/blog\/wp-content\/uploads\/2026\/03\/IMG_0705-1-300x195.jpg 300w, https:\/\/www.citm.upc.edu\/blog\/wp-content\/uploads\/2026\/03\/IMG_0705-1-1024x667.jpg 1024w, https:\/\/www.citm.upc.edu\/blog\/wp-content\/uploads\/2026\/03\/IMG_0705-1-768x500.jpg 768w, https:\/\/www.citm.upc.edu\/blog\/wp-content\/uploads\/2026\/03\/IMG_0705-1-1536x1000.jpg 1536w, https:\/\/www.citm.upc.edu\/blog\/wp-content\/uploads\/2026\/03\/IMG_0705-1-2048x1333.jpg 2048w\" sizes=\"auto, (max-width: 300px) 100vw, 300px\" \/><\/a>La jornada se inici\u00f3 con la recepci\u00f3n del alumnado y una bienvenida institucional a cargo de <strong>Anna Puig<\/strong>, responsable del Servicio de Universidades; <strong>Carles Sora<\/strong>, director del CITM; <strong>Jordi Voltas<\/strong>, director del ESEIAAT; <strong>Elisabet Tobella<\/strong>, responsable de Relaciones Institucionales de la ESCAC, y <strong>Joan Salvador<\/strong>, concejal de Universidades y Transferencia de Conocimiento.<\/p>\n<p>A continuaci\u00f3n, la mesa redonda <strong>\u201c\u00bfPor qu\u00e9 estudiar audiovisual?\u201d<\/strong> cont\u00f3 con la participaci\u00f3n de Carles Sora (CITM), Ignasi Esquerra (ESEIAAT) y Aritz Lekuona y Nacho Molin\u00e9 (ESCAC), que compartieron su visi\u00f3n sobre las oportunidades del sector y la importancia de una formaci\u00f3n especializada.<\/p>\n<p><strong>La experiencia de estudiantes y alumni<\/strong><\/p>\n<p>Uno de los momentos m\u00e1s destacados de la jornada fue el espacio dedicado a las <strong>experiencias del estudiantado<\/strong>, donde participantes de diferentes centros explicaron su recorrido acad\u00e9mico y profesional.<\/p>\n<p>En cuanto al <strong>CITM<\/strong>, intervinieron <strong>Ulises Hispano<\/strong>, estudiante del grado en Dise\u00f1o Digital y Tecnolog\u00edas Multimedia; <strong>Laia Gombau<\/strong>, alumna del grado en Dise\u00f1o, Animaci\u00f3n y Arte Digital; y <strong>Christian Mart\u00ednez<\/strong>, alumni del grado en Dise\u00f1o y Desarrollo de Videojuegos y actual profesor del centro.<\/p>\n<p>Desde el <strong>ESCAC<\/strong>, <strong>Adri\u00e0 Pach\u00f3n<\/strong>, alumni del grado en Cinematograf\u00eda y estudiante de m\u00e1ster en Direcci\u00f3n, comparti\u00f3 su experiencia en el sector. Por parte de <strong>ESEIAAT-UPC<\/strong>, <strong>N\u00faria Rodr\u00edguez<\/strong>, estudiante del grado en Ingenier\u00eda de Sistemas Audiovisuales, aport\u00f3 su visi\u00f3n desde el \u00e1mbito m\u00e1s tecnol\u00f3gico.<\/p>\n<p><strong>Talleres pr\u00e1cticos en el CITM<\/strong><\/p>\n<p><a href=\"https:\/\/www.citm.upc.edu\/blog\/wp-content\/uploads\/2026\/03\/IMG_0745-1-scaled.jpg\" target=\"_blank\" rel=\"noopener\"><img loading=\"lazy\" decoding=\"async\" class=\"alignleft wp-image-11166 size-medium\" src=\"https:\/\/www.citm.upc.edu\/blog\/wp-content\/uploads\/2026\/03\/IMG_0745-1-300x193.jpg\" alt=\"\" width=\"300\" height=\"193\" srcset=\"https:\/\/www.citm.upc.edu\/blog\/wp-content\/uploads\/2026\/03\/IMG_0745-1-300x193.jpg 300w, https:\/\/www.citm.upc.edu\/blog\/wp-content\/uploads\/2026\/03\/IMG_0745-1-1024x658.jpg 1024w, https:\/\/www.citm.upc.edu\/blog\/wp-content\/uploads\/2026\/03\/IMG_0745-1-768x494.jpg 768w, https:\/\/www.citm.upc.edu\/blog\/wp-content\/uploads\/2026\/03\/IMG_0745-1-1536x987.jpg 1536w, https:\/\/www.citm.upc.edu\/blog\/wp-content\/uploads\/2026\/03\/IMG_0745-1-2048x1317.jpg 2048w\" sizes=\"auto, (max-width: 300px) 100vw, 300px\" \/><\/a>La jornada se complet\u00f3 con dos talleres pr\u00e1cticos organizados por el CITM, que permitieron al alumnado experimentar de primera mano algunas de las competencias clave del sector audiovisual y digital.<\/p>\n<p>Los participantes pudieron iniciarse en los fundamentos del dise\u00f1o visual con <strong>\u201cIntroducci\u00f3n al dise\u00f1o de personajes para animaci\u00f3n y videojuegos\u201d <\/strong>con<strong> Addaia Ferr\u00e9s<\/strong> y explorar procesos creativos y t\u00e9cnicos con interfaces con el taller de <strong>\u201cPrototipado digital\u201d<\/strong> de la mano de <strong>Eva Villegas<\/strong>.<\/p>\n","protected":false},"excerpt":{"rendered":"<p>El Centro de la Imagen y la Tecnolog\u00eda Multimedia ha acogido este mi\u00e9rcoles 25 de marzo la jornada \u201cTerrassa Universit\u00e0ria (TU). Campus Audiovisual Experience\u201d, una iniciativa impulsada por el Servicio de Universidades y Transferencia de Conocimiento del Ayuntamiento de Terrassa con la colaboraci\u00f3n del ESCAC, ESEIAAT-UPC y el CITM.<\/p>\n","protected":false},"author":2,"featured_media":11162,"comment_status":"closed","ping_status":"closed","sticky":false,"template":"","format":"standard","meta":{"footnotes":""},"categories":[23,108,17,19],"tags":[1547,1418,607,1679,1677,1678,1019],"class_list":["post-11168","post","type-post","status-publish","format-standard","has-post-thumbnail","hentry","category-animacion-digital","category-institucional-2","category-multimedia-2","category-videojuegos","tag-audiovisual-2","tag-ayuntamiento-de-terrassa","tag-creacion-audiovisual","tag-estudios-audiovisual","tag-jornada-talento-audiovisual","tag-jornada-terrassa-universitaria","tag-terrassa-2"],"aioseo_notices":[],"_links":{"self":[{"href":"https:\/\/www.citm.upc.edu\/blog\/wp-json\/wp\/v2\/posts\/11168","targetHints":{"allow":["GET"]}}],"collection":[{"href":"https:\/\/www.citm.upc.edu\/blog\/wp-json\/wp\/v2\/posts"}],"about":[{"href":"https:\/\/www.citm.upc.edu\/blog\/wp-json\/wp\/v2\/types\/post"}],"author":[{"embeddable":true,"href":"https:\/\/www.citm.upc.edu\/blog\/wp-json\/wp\/v2\/users\/2"}],"replies":[{"embeddable":true,"href":"https:\/\/www.citm.upc.edu\/blog\/wp-json\/wp\/v2\/comments?post=11168"}],"version-history":[{"count":5,"href":"https:\/\/www.citm.upc.edu\/blog\/wp-json\/wp\/v2\/posts\/11168\/revisions"}],"predecessor-version":[{"id":11176,"href":"https:\/\/www.citm.upc.edu\/blog\/wp-json\/wp\/v2\/posts\/11168\/revisions\/11176"}],"wp:featuredmedia":[{"embeddable":true,"href":"https:\/\/www.citm.upc.edu\/blog\/wp-json\/wp\/v2\/media\/11162"}],"wp:attachment":[{"href":"https:\/\/www.citm.upc.edu\/blog\/wp-json\/wp\/v2\/media?parent=11168"}],"wp:term":[{"taxonomy":"category","embeddable":true,"href":"https:\/\/www.citm.upc.edu\/blog\/wp-json\/wp\/v2\/categories?post=11168"},{"taxonomy":"post_tag","embeddable":true,"href":"https:\/\/www.citm.upc.edu\/blog\/wp-json\/wp\/v2\/tags?post=11168"}],"curies":[{"name":"wp","href":"https:\/\/api.w.org\/{rel}","templated":true}]}}