{"id":1163,"date":"2014-10-24T12:15:04","date_gmt":"2014-10-24T10:15:04","guid":{"rendered":"http:\/\/www.citm.upc.edu\/blog\/?p=1163"},"modified":"2014-12-03T11:13:51","modified_gmt":"2014-12-03T10:13:51","slug":"el-profesor-del-citm-alfonso-rodriguez-presenta-la-exposicion-el-tercer-jinete-un-mundo-hambriento","status":"publish","type":"post","link":"https:\/\/www.citm.upc.edu\/blog\/el-profesor-del-citm-alfonso-rodriguez-presenta-la-exposicion-el-tercer-jinete-un-mundo-hambriento\/","title":{"rendered":"El profesor del CITM Alfonso Rodr\u00edguez presenta la exposici\u00f3n <em>El Tercer Jinete. Un mundo hambriento<\/em>"},"content":{"rendered":"<p>El fot\u00f3grafo y profesor del <a title=\"Grado en Fotografia y Creaci\u00f3n Digital\" href=\"http:\/\/www.citm.upc.edu\/esp\/estudis\/grau-fotografia\/presentacio\/\" target=\"_blank\">Grado en Fotograf\u00eda y Creaci\u00f3n Digital <\/a>del CITM, Alfonso Rodr\u00edguez, presenta la exposici\u00f3n de su <strong>proyecto documental <em>El Tercer Jinete. Un mundo hambriento<\/em><\/strong><em>,<\/em> un fant\u00e1stico recorrido fotogr\u00e1fico que invita a reflexionar sobre las causas y las consecuencias del hambre y la malnutrici\u00f3n en el mundo. La inauguraci\u00f3n de la exposici\u00f3n tendr\u00e1 lugar el pr\u00f3ximo <strong>20 de noviembre<\/strong> de 2014 en la <strong>Sala Barradas de L&#8217;Hospitalet<\/strong> y podr\u00e1 visitarse hasta el pr\u00f3ximo 14 de diciembre. <!--more--><\/p>\n<p><a href=\"https:\/\/www.citm.upc.edu\/blog\/wp-content\/uploads\/2014\/10\/alfons.jpg\"><img loading=\"lazy\" decoding=\"async\" class=\"alignleft wp-image-1161 size-thumbnail\" src=\"https:\/\/www.citm.upc.edu\/blog\/wp-content\/uploads\/2014\/10\/alfons-150x150.jpg\" alt=\"Alfonso Rodr\u00edguez\" width=\"150\" height=\"150\" srcset=\"https:\/\/www.citm.upc.edu\/blog\/wp-content\/uploads\/2014\/10\/alfons-150x150.jpg 150w, https:\/\/www.citm.upc.edu\/blog\/wp-content\/uploads\/2014\/10\/alfons-175x175.jpg 175w\" sizes=\"auto, (max-width: 150px) 100vw, 150px\" \/><\/a><\/p>\n<p><a href=\"https:\/\/www.citm.upc.edu\/blog\/wp-content\/uploads\/2014\/10\/AR1.jpg\"><img loading=\"lazy\" decoding=\"async\" class=\"alignleft wp-image-1165 size-thumbnail\" src=\"https:\/\/www.citm.upc.edu\/blog\/wp-content\/uploads\/2014\/10\/AR1-150x150.jpg\" alt=\"AR\" width=\"150\" height=\"150\" srcset=\"https:\/\/www.citm.upc.edu\/blog\/wp-content\/uploads\/2014\/10\/AR1-150x150.jpg 150w, https:\/\/www.citm.upc.edu\/blog\/wp-content\/uploads\/2014\/10\/AR1-175x175.jpg 175w\" sizes=\"auto, (max-width: 150px) 100vw, 150px\" \/><\/a><\/p>\n<p>La muestra<a title=\"El Tercer Jinete. Un mundo hambriento\" href=\"http:\/\/www.thethirdrider.org\/\" target=\"_blank\"><em> El Tercer Jinete. Un mundo hambriento<\/em><\/a> es un documento gr\u00e1fico de la situaci\u00f3n actual de<strong> malnutrici\u00f3n en el mundo<\/strong> que quiere despertar la conciencia de nuestra generaci\u00f3n, la primera de la historia que puede detener este grave problema mundial. Durante el acto de inauguraci\u00f3n de la exposici\u00f3n se proyectar\u00e1 un documental de 23 minutos, obra del mismo fot\u00f3grafo Alfons Rodr\u00edguez, y asistir\u00e1n diferentes representantes de los organismos que han colaborado en la realizaci\u00f3n del proyecto documental, como <strong>M\u00e9dicos sin fronteras, Interm\u00f3n Oxfam, Acci\u00f3n contra el Hambre y ACNUR.<\/strong><\/p>\n","protected":false},"excerpt":{"rendered":"<p>El fot\u00f3grafo y profesor del Grado en Fotograf\u00eda y Creaci\u00f3n Digital del CITM, Alfonso Rodr\u00edguez, presenta la exposici\u00f3n de su proyecto documental El Tercer Jinete. Un mundo hambriento, un fant\u00e1stico recorrido fotogr\u00e1fico que invita a reflexionar sobre las causas y las consecuencias del hambre y la malnutrici\u00f3n en el mundo. La inauguraci\u00f3n de la exposici\u00f3n &#8230; <a title=\"El profesor del CITM Alfonso Rodr\u00edguez presenta la exposici\u00f3n El Tercer Jinete. Un mundo hambriento\" class=\"read-more\" href=\"https:\/\/www.citm.upc.edu\/blog\/el-profesor-del-citm-alfonso-rodriguez-presenta-la-exposicion-el-tercer-jinete-un-mundo-hambriento\/\" aria-label=\"Read more about El profesor del CITM Alfonso Rodr\u00edguez presenta la exposici\u00f3n El Tercer Jinete. Un mundo hambriento\">Leer m\u00e1s<\/a><\/p>\n","protected":false},"author":2,"featured_media":1160,"comment_status":"open","ping_status":"open","sticky":false,"template":"","format":"standard","meta":{"footnotes":""},"categories":[25],"tags":[117,154],"class_list":["post-1163","post","type-post","status-publish","format-standard","has-post-thumbnail","hentry","category-fotografia1","tag-exposicion-fotografica","tag-fotografia-documental"],"aioseo_notices":[],"_links":{"self":[{"href":"https:\/\/www.citm.upc.edu\/blog\/wp-json\/wp\/v2\/posts\/1163","targetHints":{"allow":["GET"]}}],"collection":[{"href":"https:\/\/www.citm.upc.edu\/blog\/wp-json\/wp\/v2\/posts"}],"about":[{"href":"https:\/\/www.citm.upc.edu\/blog\/wp-json\/wp\/v2\/types\/post"}],"author":[{"embeddable":true,"href":"https:\/\/www.citm.upc.edu\/blog\/wp-json\/wp\/v2\/users\/2"}],"replies":[{"embeddable":true,"href":"https:\/\/www.citm.upc.edu\/blog\/wp-json\/wp\/v2\/comments?post=1163"}],"version-history":[{"count":9,"href":"https:\/\/www.citm.upc.edu\/blog\/wp-json\/wp\/v2\/posts\/1163\/revisions"}],"predecessor-version":[{"id":1175,"href":"https:\/\/www.citm.upc.edu\/blog\/wp-json\/wp\/v2\/posts\/1163\/revisions\/1175"}],"wp:featuredmedia":[{"embeddable":true,"href":"https:\/\/www.citm.upc.edu\/blog\/wp-json\/wp\/v2\/media\/1160"}],"wp:attachment":[{"href":"https:\/\/www.citm.upc.edu\/blog\/wp-json\/wp\/v2\/media?parent=1163"}],"wp:term":[{"taxonomy":"category","embeddable":true,"href":"https:\/\/www.citm.upc.edu\/blog\/wp-json\/wp\/v2\/categories?post=1163"},{"taxonomy":"post_tag","embeddable":true,"href":"https:\/\/www.citm.upc.edu\/blog\/wp-json\/wp\/v2\/tags?post=1163"}],"curies":[{"name":"wp","href":"https:\/\/api.w.org\/{rel}","templated":true}]}}