{"id":134,"date":"2011-06-07T00:00:00","date_gmt":"2011-06-06T22:00:00","guid":{"rendered":"http:\/\/www.citm.upc.edu\/blog\/?p=134"},"modified":"2011-06-07T00:00:00","modified_gmt":"2011-06-06T22:00:00","slug":"comienza-el-periodo-de-preinscripcion-universitaria-a-los-estudios-de-grado-del-citm","status":"publish","type":"post","link":"https:\/\/www.citm.upc.edu\/blog\/comienza-el-periodo-de-preinscripcion-universitaria-a-los-estudios-de-grado-del-citm\/","title":{"rendered":"Comienza el periodo de preinscripci\u00f3n universitaria a los estudios de grado del CITM"},"content":{"rendered":"<p>Para iniciar los tr\u00e1mites para preinscripci\u00f3n universitaria, los alumnos interesados en cursar el <a href=\"http:\/\/www.citm.upc.edu\/esp\/estudis\/grau-fotografia\/\">Grado en Fotograf\u00eda y Creaci\u00f3n Digital<\/a> o el <a href=\"http:\/\/www.citm.upc.edu\/esp\/estudis\/grau-multimedia\/\">Grado en Multimedia<\/a> deber\u00e1n hacer clic en el siguiente enlace Accesnet de la Generalitat de Catalunya:<\/p>\n<p><a href=\"https:\/\/accesnet.gencat.cat\/accesnet\/AppJava\/html\/index.html\">Preinscripci\u00f3n Universitaria<\/a><\/p>\n<p>Los alumnos que obtengan la primera preferencia deber\u00e1n matricularse entre el 22 y el 28 de julio, mientras que el resto lo har\u00e1n en un segundo periodo de matriculaci\u00f3n entre el 5 y el 8 de septiembre de 2011.<\/p>\n","protected":false},"excerpt":{"rendered":"<p>Para iniciar los tr\u00e1mites para preinscripci\u00f3n universitaria, los alumnos interesados en cursar el Grado en Fotograf\u00eda y Creaci\u00f3n Digital o el Grado en Multimedia deber\u00e1n hacer clic en el siguiente enlace Accesnet de la Generalitat de Catalunya: Preinscripci\u00f3n Universitaria Los alumnos que obtengan la primera preferencia deber\u00e1n matricularse entre el 22 y el 28 de &#8230; <a title=\"Comienza el periodo de preinscripci\u00f3n universitaria a los estudios de grado del CITM\" class=\"read-more\" href=\"https:\/\/www.citm.upc.edu\/blog\/comienza-el-periodo-de-preinscripcion-universitaria-a-los-estudios-de-grado-del-citm\/\" aria-label=\"Read more about Comienza el periodo de preinscripci\u00f3n universitaria a los estudios de grado del CITM\">Leer m\u00e1s<\/a><\/p>\n","protected":false},"author":2,"featured_media":0,"comment_status":"open","ping_status":"open","sticky":false,"template":"","format":"standard","meta":{"footnotes":""},"categories":[1],"tags":[],"class_list":["post-134","post","type-post","status-publish","format-standard","hentry","category-uncategorized"],"aioseo_notices":[],"_links":{"self":[{"href":"https:\/\/www.citm.upc.edu\/blog\/wp-json\/wp\/v2\/posts\/134","targetHints":{"allow":["GET"]}}],"collection":[{"href":"https:\/\/www.citm.upc.edu\/blog\/wp-json\/wp\/v2\/posts"}],"about":[{"href":"https:\/\/www.citm.upc.edu\/blog\/wp-json\/wp\/v2\/types\/post"}],"author":[{"embeddable":true,"href":"https:\/\/www.citm.upc.edu\/blog\/wp-json\/wp\/v2\/users\/2"}],"replies":[{"embeddable":true,"href":"https:\/\/www.citm.upc.edu\/blog\/wp-json\/wp\/v2\/comments?post=134"}],"version-history":[{"count":0,"href":"https:\/\/www.citm.upc.edu\/blog\/wp-json\/wp\/v2\/posts\/134\/revisions"}],"wp:attachment":[{"href":"https:\/\/www.citm.upc.edu\/blog\/wp-json\/wp\/v2\/media?parent=134"}],"wp:term":[{"taxonomy":"category","embeddable":true,"href":"https:\/\/www.citm.upc.edu\/blog\/wp-json\/wp\/v2\/categories?post=134"},{"taxonomy":"post_tag","embeddable":true,"href":"https:\/\/www.citm.upc.edu\/blog\/wp-json\/wp\/v2\/tags?post=134"}],"curies":[{"name":"wp","href":"https:\/\/api.w.org\/{rel}","templated":true}]}}