{"id":1372,"date":"2015-01-30T14:24:14","date_gmt":"2015-01-30T13:24:14","guid":{"rendered":"http:\/\/www.citm.upc.edu\/blog\/?p=1372"},"modified":"2015-03-02T18:37:01","modified_gmt":"2015-03-02T17:37:01","slug":"cuatro-profesores-del-citm-participan-en-el-nuevo-proyecto-muros-del-mnactec","status":"publish","type":"post","link":"https:\/\/www.citm.upc.edu\/blog\/cuatro-profesores-del-citm-participan-en-el-nuevo-proyecto-muros-del-mnactec\/","title":{"rendered":"Cuatro profesores del CITM participan en el nuevo proyecto Muros del mNACTEC"},"content":{"rendered":"<p><span id=\"result_box\" lang=\"es\">El Museo de la Ciencia y de la T\u00e9cnica de Catalu\u00f1a (mNACTEC) ha puesto en marcha la primera fase del <strong>proyecto Muros del mNACTEC,<\/strong> que incluye la instalaci\u00f3n, en las paredes exteriores del recinto, de tres fotograf\u00edas de grandes dimensiones relacionadas con la antigua actividad industrial en el Vapor Aymerich, Amat i Jov\u00e9, sede del museo en Terrassa. En los muros tambi\u00e9n se han habilitado puntos QR para dispositivos m\u00f3viles que permitir\u00e1n obtener informaci\u00f3n relacionada con la imagen expuesta as\u00ed como de la oferta patrimonial y de contenidos del museo.<\/span><!--more--><\/p>\n<p>Los<strong> profesores del CITM Miquel Bigas, David S\u00e1nchez, Bea Mart\u00ednez y Toni Bover, con la colaboraci\u00f3n de\u00a0Albert Bonnin, alumno de 4\u00ba curso del <a title=\"Grado en Fotografia y Creaci\u00f3n Digital\" href=\"http:\/\/www.citm.upc.edu\/esp\/estudis\/grau-fotografia\/presentacio\/\" target=\"_blank\">Grado en Fotograf\u00eda y Creaci\u00f3n Digital,<\/a> han participado activamente en el dise\u00f1o e implementaci\u00f3n de esta experiencia<\/strong> <strong>multimedia<\/strong> e hist\u00f3rica en el museo. Muros del mNACTEC es un proyecto impulsado por el Museo de la Ciencia y de la T\u00e9cnica de Catalu\u00f1a y dise\u00f1ado por el Espacio Did\u00e1ctico de la Imagen y el Patrimonio\u00a0(EDIP) de La Farinera CAVV, con la colaboraci\u00f3n del Centro de la Imagen y la Tecnolog\u00eda Multimedia de la UPC.<\/p>\n<p><a href=\"https:\/\/www.citm.upc.edu\/blog\/wp-content\/uploads\/2015\/01\/Mnatec.jpg\"><img loading=\"lazy\" decoding=\"async\" class=\"alignleft wp-image-1370 size-medium\" src=\"https:\/\/www.citm.upc.edu\/blog\/wp-content\/uploads\/2015\/01\/Mnatec-271x300.jpg\" alt=\"mNACTEC\" width=\"271\" height=\"300\" srcset=\"https:\/\/www.citm.upc.edu\/blog\/wp-content\/uploads\/2015\/01\/Mnatec-271x300.jpg 271w, https:\/\/www.citm.upc.edu\/blog\/wp-content\/uploads\/2015\/01\/Mnatec-928x1024.jpg 928w\" sizes=\"auto, (max-width: 271px) 100vw, 271px\" \/><\/a>Dos de las im\u00e1genes de gran tama\u00f1o se han colocado en la calle Pau Claris y la otra en la esquina entre Pau Claris y la calle Industria. Las im\u00e1genes son <strong>fotograf\u00edas antiguas del Vapor Aymerich, Amat i Jov\u00e9,<\/strong> que reproducen espacios de la antigua f\u00e1brica en funcionamiento, con la maquinaria para la fabricaci\u00f3n textil de la \u00e9poca. La impresi\u00f3n de las tres im\u00e1genes ha estado a cargo de la empresa EGM de Barcelona, y el Centro de la Imagen y Tecnolog\u00eda Multimedia de la UPC de Terrassa ha colaborado en su digitalizaci\u00f3n y optimizaci\u00f3n. El proyecto tiene como objetivo poner en valor el peso hist\u00f3rico del edificio y hacer m\u00e1s visible el edificio industrial que acoge el mNACTEC, as\u00ed como <strong>revalorizar el entorno del museo.<\/strong><\/p>\n<p>El proyecto Muros del mNACTEC se llevar\u00e1 a cabo en diferentes fases. Despu\u00e9s de la instalaci\u00f3n de estas tres im\u00e1genes, est\u00e1 prevista una actuaci\u00f3n de realidad aumentada en movimiento (mapping) sobre la fachada principal del edificio, as\u00ed como la continuaci\u00f3n del trabajo realizado en la calle Pau Claris tambi\u00e9n en las calles Industria y Mare de D\u00e9u dels \u00c0ngels.<\/p>\n","protected":false},"excerpt":{"rendered":"<p>El Museo de la Ciencia y de la T\u00e9cnica de Catalu\u00f1a (mNACTEC) ha puesto en marcha la primera fase del proyecto Muros del mNACTEC, que incluye la instalaci\u00f3n, en las paredes exteriores del recinto, de tres fotograf\u00edas de grandes dimensiones relacionadas con la antigua actividad industrial en el Vapor Aymerich, Amat i Jov\u00e9, sede del &#8230; <a title=\"Cuatro profesores del CITM participan en el nuevo proyecto Muros del mNACTEC\" class=\"read-more\" href=\"https:\/\/www.citm.upc.edu\/blog\/cuatro-profesores-del-citm-participan-en-el-nuevo-proyecto-muros-del-mnactec\/\" aria-label=\"Read more about Cuatro profesores del CITM participan en el nuevo proyecto Muros del mNACTEC\">Leer m\u00e1s<\/a><\/p>\n","protected":false},"author":2,"featured_media":1370,"comment_status":"open","ping_status":"open","sticky":false,"template":"","format":"standard","meta":{"footnotes":""},"categories":[25,108],"tags":[97,26,184],"class_list":["post-1372","post","type-post","status-publish","format-standard","has-post-thumbnail","hentry","category-fotografia1","category-institucional-2","tag-proyectos-fotografia","tag-trabajos-fotografia","tag-trabajos-multimedia"],"aioseo_notices":[],"_links":{"self":[{"href":"https:\/\/www.citm.upc.edu\/blog\/wp-json\/wp\/v2\/posts\/1372","targetHints":{"allow":["GET"]}}],"collection":[{"href":"https:\/\/www.citm.upc.edu\/blog\/wp-json\/wp\/v2\/posts"}],"about":[{"href":"https:\/\/www.citm.upc.edu\/blog\/wp-json\/wp\/v2\/types\/post"}],"author":[{"embeddable":true,"href":"https:\/\/www.citm.upc.edu\/blog\/wp-json\/wp\/v2\/users\/2"}],"replies":[{"embeddable":true,"href":"https:\/\/www.citm.upc.edu\/blog\/wp-json\/wp\/v2\/comments?post=1372"}],"version-history":[{"count":10,"href":"https:\/\/www.citm.upc.edu\/blog\/wp-json\/wp\/v2\/posts\/1372\/revisions"}],"predecessor-version":[{"id":1402,"href":"https:\/\/www.citm.upc.edu\/blog\/wp-json\/wp\/v2\/posts\/1372\/revisions\/1402"}],"wp:featuredmedia":[{"embeddable":true,"href":"https:\/\/www.citm.upc.edu\/blog\/wp-json\/wp\/v2\/media\/1370"}],"wp:attachment":[{"href":"https:\/\/www.citm.upc.edu\/blog\/wp-json\/wp\/v2\/media?parent=1372"}],"wp:term":[{"taxonomy":"category","embeddable":true,"href":"https:\/\/www.citm.upc.edu\/blog\/wp-json\/wp\/v2\/categories?post=1372"},{"taxonomy":"post_tag","embeddable":true,"href":"https:\/\/www.citm.upc.edu\/blog\/wp-json\/wp\/v2\/tags?post=1372"}],"curies":[{"name":"wp","href":"https:\/\/api.w.org\/{rel}","templated":true}]}}