{"id":1480,"date":"2015-03-02T18:22:12","date_gmt":"2015-03-02T17:22:12","guid":{"rendered":"http:\/\/www.citm.upc.edu\/blog\/?p=1480"},"modified":"2015-05-08T12:48:20","modified_gmt":"2015-05-08T10:48:20","slug":"la-supervivencia-del-poble-yagan-centra-el-darrer-treball-del-professor-del-citm-alfons-rodriguez","status":"publish","type":"post","link":"https:\/\/www.citm.upc.edu\/blog\/la-supervivencia-del-poble-yagan-centra-el-darrer-treball-del-professor-del-citm-alfons-rodriguez\/?lang=ca","title":{"rendered":"La superviv\u00e8ncia del poble Yag\u00e1n centra el darrer treball del professor del CITM Alfons Rodr\u00edguez"},"content":{"rendered":"<p>Alfons Rodr\u00edguez, reconegut fotoperiodista i professor del CITM, torna a ser not\u00edcia gr\u00e0cies al seu darrer treball, <strong>L&#8217;\u00daltima Yag\u00e1n<\/strong>.\u00a0 Un intens projecte l\u2019ha portat a viatjar pr\u00e0cticament a la fi del m\u00f3n, entre el Cabo de Hornos i la Tierra de Fuego, les terres on vivien els Yag\u00e1n i on tan sols una dona, Cristina Calder\u00f3n, resisteix actualment la extinci\u00f3 del seu poble. El <strong>documental de 12 minuts<\/strong> en qu\u00e8 recull com \u00e9s la seva vida ja \u00e9s casi una realitat, per\u00f2 necessita l\u2019\u00faltima empenta a trav\u00e9s d\u2019un projecte de finan\u00e7ament crowdfunding. <!--more--><\/p>\n<p><a href=\"https:\/\/www.citm.upc.edu\/blog\/wp-content\/uploads\/2015\/03\/Verkami.jpg\"><img loading=\"lazy\" decoding=\"async\" class=\"alignnone size-full wp-image-1482\" src=\"https:\/\/www.citm.upc.edu\/blog\/wp-content\/uploads\/2015\/03\/Verkami.jpg\" alt=\"Tierra Yag\u00e1n\" width=\"600\" height=\"401\" srcset=\"https:\/\/www.citm.upc.edu\/blog\/wp-content\/uploads\/2015\/03\/Verkami.jpg 600w, https:\/\/www.citm.upc.edu\/blog\/wp-content\/uploads\/2015\/03\/Verkami-300x200.jpg 300w, https:\/\/www.citm.upc.edu\/blog\/wp-content\/uploads\/2015\/03\/Verkami-448x300.jpg 448w\" sizes=\"auto, (max-width: 600px) 100vw, 600px\" \/><\/a><\/p>\n<p>Entre el Cabo de Hornos i la Tierra del Fuego, en territori xil\u00e8 i argent\u00ed, va habitar un dia la naci\u00f3 yagan. Van ser els humans que van culminar el llarg viatge empr\u00e8s milers d&#8217;anys abans pels seus antecessors en terres africanes. Avui dia, nom\u00e9s una dona, Cristina Calder\u00f3n, resisteix l\u2019imminent extinci\u00f3 del poble. \u00c9s l&#8217;\u00fanica que parla la seva llengua &#8211; una llengua amb 32.000 paraules identificades i registrades-. Quan ella no hi sigui, una \u00e8tnia i una llengua s&#8217;aniran amb ella, doncs ning\u00fa m\u00e9s al planeta la parla. \u00c9s l&#8217;\u00faltima yag\u00e1n.<\/p>\n<p><a href=\"https:\/\/www.citm.upc.edu\/blog\/wp-content\/uploads\/2015\/03\/Yag\u00e1n_1.jpg\"><img loading=\"lazy\" decoding=\"async\" class=\"alignleft wp-image-1483 size-medium\" src=\"https:\/\/www.citm.upc.edu\/blog\/wp-content\/uploads\/2015\/03\/Yag\u00e1n_1-300x186.jpg\" alt=\"Yag\u00e1n_1\" width=\"300\" height=\"186\" srcset=\"https:\/\/www.citm.upc.edu\/blog\/wp-content\/uploads\/2015\/03\/Yag\u00e1n_1-300x186.jpg 300w, https:\/\/www.citm.upc.edu\/blog\/wp-content\/uploads\/2015\/03\/Yag\u00e1n_1-483x300.jpg 483w, https:\/\/www.citm.upc.edu\/blog\/wp-content\/uploads\/2015\/03\/Yag\u00e1n_1.jpg 580w\" sizes=\"auto, (max-width: 300px) 100vw, 300px\" \/><\/a>Alfons Rodr\u00edguez ha desenvolupat una pe\u00e7a multim\u00e8dia sobre l\u2019\u00faltima yagan, un <strong>v\u00eddeo documental de 12 minuts<\/strong> en qu\u00e8 es pot veure l\u2019entorn del seu poble, la situaci\u00f3 de la senyora Calder\u00f3n i els mestissos que viuen amb ella a Villa Ukika, la seva col\u00f2nia. La filmaci\u00f3 ja est\u00e0 realitzada tan sols falta l\u2019 edici\u00f3, muntatge i postproducci\u00f3 d\u2019\u00e0udio i v\u00eddeo. Per poder-ho convertir en una realitat, Alfons Rodr\u00edguez necessita una col\u00b7laboraci\u00f3 econ\u00f2mica a trav\u00e9s de la <a title=\"Plataforma de Finan\u00e7ament Verkami\" href=\"http:\/\/www.verkami.com\/projects\/10488-la-ultima-yagan\" target=\"_blank\">plataforma de finan\u00e7ament crowdfunding a Verkami<\/a>.<\/p>\n<p>El professor Alfons Rodr\u00edguez ha desenvolupat al llarg de la seva traject\u00f2ria un<strong> intens treball fotoperiod\u00edstic<\/strong> en qu\u00e8 aprofundeix en tots aquells aspectes relacionats amb l&#8217;\u00e8sser hum\u00e0 i el seu entorn, ja siguin q\u00fcestions mediambientals, conflictes socials, crisis humanit\u00e0ries o mem\u00f2ria hist\u00f2rica, entre altres.<\/p>\n","protected":false},"excerpt":{"rendered":"<p>Alfons Rodr\u00edguez, reconegut fotoperiodista i professor del CITM, torna a ser not\u00edcia gr\u00e0cies al seu darrer treball, L&#8217;\u00daltima Yag\u00e1n.\u00a0 Un intens projecte l\u2019ha portat a viatjar pr\u00e0cticament a la fi del m\u00f3n, entre el Cabo de Hornos i la Tierra de Fuego, les terres on vivien els Yag\u00e1n i on tan sols una dona, Cristina &#8230; <a title=\"La superviv\u00e8ncia del poble Yag\u00e1n centra el darrer treball del professor del CITM Alfons Rodr\u00edguez\" class=\"read-more\" href=\"https:\/\/www.citm.upc.edu\/blog\/la-supervivencia-del-poble-yagan-centra-el-darrer-treball-del-professor-del-citm-alfons-rodriguez\/?lang=ca\" aria-label=\"Read more about La superviv\u00e8ncia del poble Yag\u00e1n centra el darrer treball del professor del CITM Alfons Rodr\u00edguez\">Leer m\u00e1s<\/a><\/p>\n","protected":false},"author":2,"featured_media":1482,"comment_status":"open","ping_status":"open","sticky":false,"template":"","format":"standard","meta":{"footnotes":""},"categories":[2],"tags":[202,178],"class_list":["post-1480","post","type-post","status-publish","format-standard","has-post-thumbnail","hentry","category-uncategorized-ca","tag-alfons-rodriguez","tag-documental"],"aioseo_notices":[],"_links":{"self":[{"href":"https:\/\/www.citm.upc.edu\/blog\/wp-json\/wp\/v2\/posts\/1480","targetHints":{"allow":["GET"]}}],"collection":[{"href":"https:\/\/www.citm.upc.edu\/blog\/wp-json\/wp\/v2\/posts"}],"about":[{"href":"https:\/\/www.citm.upc.edu\/blog\/wp-json\/wp\/v2\/types\/post"}],"author":[{"embeddable":true,"href":"https:\/\/www.citm.upc.edu\/blog\/wp-json\/wp\/v2\/users\/2"}],"replies":[{"embeddable":true,"href":"https:\/\/www.citm.upc.edu\/blog\/wp-json\/wp\/v2\/comments?post=1480"}],"version-history":[{"count":4,"href":"https:\/\/www.citm.upc.edu\/blog\/wp-json\/wp\/v2\/posts\/1480\/revisions"}],"predecessor-version":[{"id":1492,"href":"https:\/\/www.citm.upc.edu\/blog\/wp-json\/wp\/v2\/posts\/1480\/revisions\/1492"}],"wp:featuredmedia":[{"embeddable":true,"href":"https:\/\/www.citm.upc.edu\/blog\/wp-json\/wp\/v2\/media\/1482"}],"wp:attachment":[{"href":"https:\/\/www.citm.upc.edu\/blog\/wp-json\/wp\/v2\/media?parent=1480"}],"wp:term":[{"taxonomy":"category","embeddable":true,"href":"https:\/\/www.citm.upc.edu\/blog\/wp-json\/wp\/v2\/categories?post=1480"},{"taxonomy":"post_tag","embeddable":true,"href":"https:\/\/www.citm.upc.edu\/blog\/wp-json\/wp\/v2\/tags?post=1480"}],"curies":[{"name":"wp","href":"https:\/\/api.w.org\/{rel}","templated":true}]}}