{"id":1660,"date":"2015-06-22T18:14:47","date_gmt":"2015-06-22T16:14:47","guid":{"rendered":"http:\/\/www.citm.upc.edu\/blog\/?p=1660"},"modified":"2015-06-23T11:50:07","modified_gmt":"2015-06-23T09:50:07","slug":"vols-formar-te-al-citm-ja-pots-fer-la-preinscripcio-universitaria","status":"publish","type":"post","link":"https:\/\/www.citm.upc.edu\/blog\/vols-formar-te-al-citm-ja-pots-fer-la-preinscripcio-universitaria\/?lang=ca","title":{"rendered":"Vols formar-te al CITM? Ja pots fer la preinscripci\u00f3 universit\u00e0ria!"},"content":{"rendered":"<p>Des del 2 de juny <strong>fins al proper dia 3 de juliol del 2015 podr\u00e0s realitzar la preinscripci\u00f3 universit\u00e0ria a totes les universitats p\u00fabliques catalanes<\/strong>. Tots aquells alumnes interessats en preinscriure&#8217;s per cursar un dels 3 graus oficials del Centre de la Imatge i la Tecnologia Multim\u00e8dia de la UPC (Grau en Multim\u00e8dia, Grau en Disseny i Desenvolupament de Videojocs i Grau en Disseny i Desenvolupament de Videojocs <em>&#8211; english edition<\/em>) ja poden realitzar aquest tr\u00e0mit necessari per comen\u00e7ar els seus estudis universitaris el proper curs acad\u00e8mic.<!--more--><\/p>\n<p>Recordeu que la preinscripci\u00f3 universit\u00e0ria, que es realitza des del web de la Generalitat de Catalunya, \u00e9s <strong>indispensable per poder matricular-se en qualsevol dels tres graus oficials del CITM.<\/strong><\/p>\n<p>Per iniciar els tr\u00e0mits de preinscripci\u00f3 universit\u00e0ria, els interessats en el <a href=\"http:\/\/www.citm.upc.edu\/cat\/estudis\/grau-multimedia\/presentacio\/\" target=\"_blank\">Grau en Multim\u00e8dia<\/a>, el <a href=\"http:\/\/www.citm.upc.edu\/cat\/estudis\/grau-videojocs-terrassa\/presentacio\/\" target=\"_blank\">Grau en Disseny i Desenvolupament de Videojocs <\/a>o el <a href=\"http:\/\/www.citm.upc.edu\/cat\/estudis\/grau-videojocs-bcn\/presentacio\/\" target=\"_blank\">Grau en Disseny i Desenvolupament de Videojocs<\/a> <em>(english edition)<\/em> que s&#8217;imparteix a Barcelona amb continguts i doc\u00e8ncia 100% en angl\u00e8s , hauran de fer clic en el seg\u00fcent enlla\u00e7 <a href=\"https:\/\/accesnet.gencat.cat\/accesnet\/AppJava\/html\/index.html\" target=\"_blank\">Accesnet de la Generalitat de Catalunya.<\/a><\/p>\n<p><a href=\"https:\/\/www.citm.upc.edu\/blog\/wp-content\/uploads\/2014\/04\/Fachada-1.jpg\"><img loading=\"lazy\" decoding=\"async\" class=\"alignnone wp-image-814 size-large\" src=\"https:\/\/www.citm.upc.edu\/blog\/wp-content\/uploads\/2014\/04\/Fachada-1-1024x720.jpg\" alt=\"citm upc\" width=\"584\" height=\"410\" srcset=\"https:\/\/www.citm.upc.edu\/blog\/wp-content\/uploads\/2014\/04\/Fachada-1-1024x720.jpg 1024w, https:\/\/www.citm.upc.edu\/blog\/wp-content\/uploads\/2014\/04\/Fachada-1-300x211.jpg 300w, https:\/\/www.citm.upc.edu\/blog\/wp-content\/uploads\/2014\/04\/Fachada-1-426x300.jpg 426w\" sizes=\"auto, (max-width: 584px) 100vw, 584px\" \/><\/a><\/p>\n","protected":false},"excerpt":{"rendered":"<p>Des del 2 de juny fins al proper dia 3 de juliol del 2015 podr\u00e0s realitzar la preinscripci\u00f3 universit\u00e0ria a totes les universitats p\u00fabliques catalanes. Tots aquells alumnes interessats en preinscriure&#8217;s per cursar un dels 3 graus oficials del Centre de la Imatge i la Tecnologia Multim\u00e8dia de la UPC (Grau en Multim\u00e8dia, Grau en &#8230; <a title=\"Vols formar-te al CITM? Ja pots fer la preinscripci\u00f3 universit\u00e0ria!\" class=\"read-more\" href=\"https:\/\/www.citm.upc.edu\/blog\/vols-formar-te-al-citm-ja-pots-fer-la-preinscripcio-universitaria\/?lang=ca\" aria-label=\"Read more about Vols formar-te al CITM? Ja pots fer la preinscripci\u00f3 universit\u00e0ria!\">Leer m\u00e1s<\/a><\/p>\n","protected":false},"author":2,"featured_media":1658,"comment_status":"open","ping_status":"open","sticky":false,"template":"","format":"standard","meta":{"footnotes":""},"categories":[],"tags":[],"class_list":["post-1660","post","type-post","status-publish","format-standard","has-post-thumbnail","hentry"],"aioseo_notices":[],"_links":{"self":[{"href":"https:\/\/www.citm.upc.edu\/blog\/wp-json\/wp\/v2\/posts\/1660","targetHints":{"allow":["GET"]}}],"collection":[{"href":"https:\/\/www.citm.upc.edu\/blog\/wp-json\/wp\/v2\/posts"}],"about":[{"href":"https:\/\/www.citm.upc.edu\/blog\/wp-json\/wp\/v2\/types\/post"}],"author":[{"embeddable":true,"href":"https:\/\/www.citm.upc.edu\/blog\/wp-json\/wp\/v2\/users\/2"}],"replies":[{"embeddable":true,"href":"https:\/\/www.citm.upc.edu\/blog\/wp-json\/wp\/v2\/comments?post=1660"}],"version-history":[{"count":2,"href":"https:\/\/www.citm.upc.edu\/blog\/wp-json\/wp\/v2\/posts\/1660\/revisions"}],"predecessor-version":[{"id":1668,"href":"https:\/\/www.citm.upc.edu\/blog\/wp-json\/wp\/v2\/posts\/1660\/revisions\/1668"}],"wp:featuredmedia":[{"embeddable":true,"href":"https:\/\/www.citm.upc.edu\/blog\/wp-json\/wp\/v2\/media\/1658"}],"wp:attachment":[{"href":"https:\/\/www.citm.upc.edu\/blog\/wp-json\/wp\/v2\/media?parent=1660"}],"wp:term":[{"taxonomy":"category","embeddable":true,"href":"https:\/\/www.citm.upc.edu\/blog\/wp-json\/wp\/v2\/categories?post=1660"},{"taxonomy":"post_tag","embeddable":true,"href":"https:\/\/www.citm.upc.edu\/blog\/wp-json\/wp\/v2\/tags?post=1660"}],"curies":[{"name":"wp","href":"https:\/\/api.w.org\/{rel}","templated":true}]}}