{"id":1874,"date":"2015-10-28T13:43:11","date_gmt":"2015-10-28T12:43:11","guid":{"rendered":"http:\/\/www.citm.upc.edu\/blog\/?p=1874"},"modified":"2015-10-28T13:52:57","modified_gmt":"2015-10-28T12:52:57","slug":"el-citm-prepara-una-gran-fiesta-de-graduacion-para-el-6-de-noviembre","status":"publish","type":"post","link":"https:\/\/www.citm.upc.edu\/blog\/el-citm-prepara-una-gran-fiesta-de-graduacion-para-el-6-de-noviembre\/","title":{"rendered":"El CITM prepara una gran fiesta de graduaci\u00f3n para el 6 de noviembre"},"content":{"rendered":"<p>El Centro de la Imagen y la Tecnolog\u00eda Multimedia est\u00e1 ultimando los preparativos para el <strong>acto de graduaci\u00f3n que reunir\u00e1 graduados, profesores, familiares y amigos del CITM<\/strong> el pr\u00f3ximo 6 de noviembre. Ser\u00e1 una celebraci\u00f3n para compartir todos juntos la ilusi\u00f3n por la nueva etapa personal y profesional que inician los graduados del CITM. El acto se realizar\u00e1 el 6 de noviembre, a las 17.30h, en el Auditorio Municipal de Terrassa (Paseo Ernest Lluch 1, Terrassa).<!--more--><\/p>\n<p><a href=\"https:\/\/www.citm.upc.edu\/blog\/wp-content\/uploads\/2015\/10\/CITM_Graduacio.jpg\"><img loading=\"lazy\" decoding=\"async\" class=\"alignleft size-medium wp-image-1871\" src=\"https:\/\/www.citm.upc.edu\/blog\/wp-content\/uploads\/2015\/10\/CITM_Graduacio-300x227.jpg\" alt=\"CITM Graduacio\" width=\"300\" height=\"227\" srcset=\"https:\/\/www.citm.upc.edu\/blog\/wp-content\/uploads\/2015\/10\/CITM_Graduacio-300x227.jpg 300w, https:\/\/www.citm.upc.edu\/blog\/wp-content\/uploads\/2015\/10\/CITM_Graduacio-1024x777.jpg 1024w, https:\/\/www.citm.upc.edu\/blog\/wp-content\/uploads\/2015\/10\/CITM_Graduacio-395x300.jpg 395w\" sizes=\"auto, (max-width: 300px) 100vw, 300px\" \/><\/a>En este acto, algunos <strong>graduados del CITM compartir\u00e1n sus experiencias<\/strong> y su recorrido profesional a partir de su paso por el centro. Los alumnos que han finalizado sus estudios este a\u00f1o presentar\u00e1n tambi\u00e9n sus <strong>trabajos finales de grado<\/strong> y desde la direcci\u00f3n del CITM se otorgar\u00e1 un <strong>reconocimiento a los estudiantes<\/strong> de los grados. Ya para finalizar, habr\u00e1 un <strong>pica-pica<\/strong> de despedida para todos los asistentes.<\/p>\n<p>Adem\u00e1s, la fiesta de graduaci\u00f3n estar\u00e1 <strong>amenizada por un grupo de m\u00fasica rock en directo<\/strong> y muchas sorpresas.<\/p>\n<p>&nbsp;<\/p>\n","protected":false},"excerpt":{"rendered":"<p>El Centro de la Imagen y la Tecnolog\u00eda Multimedia est\u00e1 ultimando los preparativos para el acto de graduaci\u00f3n que reunir\u00e1 graduados, profesores, familiares y amigos del CITM el pr\u00f3ximo 6 de noviembre. Ser\u00e1 una celebraci\u00f3n para compartir todos juntos la ilusi\u00f3n por la nueva etapa personal y profesional que inician los graduados del CITM. El &#8230; <a title=\"El CITM prepara una gran fiesta de graduaci\u00f3n para el 6 de noviembre\" class=\"read-more\" href=\"https:\/\/www.citm.upc.edu\/blog\/el-citm-prepara-una-gran-fiesta-de-graduacion-para-el-6-de-noviembre\/\" aria-label=\"Read more about El CITM prepara una gran fiesta de graduaci\u00f3n para el 6 de noviembre\">Leer m\u00e1s<\/a><\/p>\n","protected":false},"author":2,"featured_media":1871,"comment_status":"open","ping_status":"open","sticky":false,"template":"","format":"standard","meta":{"footnotes":""},"categories":[23,108,17,19],"tags":[291,186,292,119],"class_list":["post-1874","post","type-post","status-publish","format-standard","has-post-thumbnail","hentry","category-animacion-digital","category-institucional-2","category-multimedia-2","category-videojuegos","tag-acto-graduacion","tag-citm","tag-fiesta-de-graduacion","tag-proyectos-alumnos"],"aioseo_notices":[],"_links":{"self":[{"href":"https:\/\/www.citm.upc.edu\/blog\/wp-json\/wp\/v2\/posts\/1874","targetHints":{"allow":["GET"]}}],"collection":[{"href":"https:\/\/www.citm.upc.edu\/blog\/wp-json\/wp\/v2\/posts"}],"about":[{"href":"https:\/\/www.citm.upc.edu\/blog\/wp-json\/wp\/v2\/types\/post"}],"author":[{"embeddable":true,"href":"https:\/\/www.citm.upc.edu\/blog\/wp-json\/wp\/v2\/users\/2"}],"replies":[{"embeddable":true,"href":"https:\/\/www.citm.upc.edu\/blog\/wp-json\/wp\/v2\/comments?post=1874"}],"version-history":[{"count":5,"href":"https:\/\/www.citm.upc.edu\/blog\/wp-json\/wp\/v2\/posts\/1874\/revisions"}],"predecessor-version":[{"id":1883,"href":"https:\/\/www.citm.upc.edu\/blog\/wp-json\/wp\/v2\/posts\/1874\/revisions\/1883"}],"wp:featuredmedia":[{"embeddable":true,"href":"https:\/\/www.citm.upc.edu\/blog\/wp-json\/wp\/v2\/media\/1871"}],"wp:attachment":[{"href":"https:\/\/www.citm.upc.edu\/blog\/wp-json\/wp\/v2\/media?parent=1874"}],"wp:term":[{"taxonomy":"category","embeddable":true,"href":"https:\/\/www.citm.upc.edu\/blog\/wp-json\/wp\/v2\/categories?post=1874"},{"taxonomy":"post_tag","embeddable":true,"href":"https:\/\/www.citm.upc.edu\/blog\/wp-json\/wp\/v2\/tags?post=1874"}],"curies":[{"name":"wp","href":"https:\/\/api.w.org\/{rel}","templated":true}]}}