{"id":1953,"date":"2015-11-18T16:44:03","date_gmt":"2015-11-18T15:44:03","guid":{"rendered":"http:\/\/www.citm.upc.edu\/blog\/?p=1953"},"modified":"2015-12-22T12:42:20","modified_gmt":"2015-12-22T11:42:20","slug":"gran-fiesta-de-graduacion-del-citm","status":"publish","type":"post","link":"https:\/\/www.citm.upc.edu\/blog\/gran-fiesta-de-graduacion-del-citm\/","title":{"rendered":"Gran fiesta de graduaci\u00f3n del CITM"},"content":{"rendered":"<p>El Centro de la Imagen y la Tecnolog\u00eda Multimedia organiz\u00f3 el pasado 6 de noviembre una gran fiesta de graduaci\u00f3n que reuni\u00f3 en el Auditorio Municipal de Terrassa a m\u00e1s de 200 personas entre graduados del centro, alumnos actuales, familiares, profesores y amigos del CITM. El acto fue motivo de celebraci\u00f3n para compartir experiencias de los alumnos del centro, conocer nuevos proyectos y al mismo tiempo expresar la ilusi\u00f3n por la nueva etapa profesional que inician los graduados del CITM.<!--more--><\/p>\n<p><a href=\"https:\/\/www.citm.upc.edu\/blog\/wp-content\/uploads\/2015\/11\/IMC_4322.jpg\"><img loading=\"lazy\" decoding=\"async\" class=\"alignleft size-medium wp-image-1944\" src=\"https:\/\/www.citm.upc.edu\/blog\/wp-content\/uploads\/2015\/11\/IMC_4322-300x200.jpg\" alt=\"IMC_4322\" width=\"300\" height=\"200\" srcset=\"https:\/\/www.citm.upc.edu\/blog\/wp-content\/uploads\/2015\/11\/IMC_4322-300x200.jpg 300w, https:\/\/www.citm.upc.edu\/blog\/wp-content\/uploads\/2015\/11\/IMC_4322-1024x682.jpg 1024w, https:\/\/www.citm.upc.edu\/blog\/wp-content\/uploads\/2015\/11\/IMC_4322-449x300.jpg 449w\" sizes=\"auto, (max-width: 300px) 100vw, 300px\" \/><\/a>La jornada se inici\u00f3 con una<strong> bienvenida institucional<\/strong> por parte del vicerrector de Estudiantes de la UPC, <strong>Sisco Vallverd\u00fa<\/strong>, el teniente de Alcalde del Ayuntamiento de Terrassa, <strong>Marc Armengol<\/strong>, y el director del Centro de la Imagen y la Tecnolog\u00eda Multimedia, <strong>Jes\u00fas Alonso<\/strong>. A continuaci\u00f3n, tomaba la palabra el <em><strong>speaker<\/strong><\/em> <strong>Albert Murillo<\/strong>, presentador del programa Generaci\u00f3n Digital &#8211; Catalu\u00f1a Radio, para conducir el resto del acto.<\/p>\n<p><a href=\"https:\/\/www.citm.upc.edu\/blog\/wp-content\/uploads\/2015\/11\/IMC_4382.jpg\"><img loading=\"lazy\" decoding=\"async\" class=\"alignleft size-medium wp-image-1945\" src=\"https:\/\/www.citm.upc.edu\/blog\/wp-content\/uploads\/2015\/11\/IMC_4382-300x200.jpg\" alt=\"Robert Mulet\" width=\"300\" height=\"200\" srcset=\"https:\/\/www.citm.upc.edu\/blog\/wp-content\/uploads\/2015\/11\/IMC_4382-300x200.jpg 300w, https:\/\/www.citm.upc.edu\/blog\/wp-content\/uploads\/2015\/11\/IMC_4382-1024x682.jpg 1024w, https:\/\/www.citm.upc.edu\/blog\/wp-content\/uploads\/2015\/11\/IMC_4382-449x300.jpg 449w\" sizes=\"auto, (max-width: 300px) 100vw, 300px\" \/><\/a>En la primera parte,\u00a0 las protagonistas fueron las<strong> experiencias de los graduados del CITM<\/strong>. <strong>Gen\u00eds Mensa<\/strong>, graduado en Fotograf\u00eda y Creaci\u00f3n Digital y actual fot\u00f3grafo t\u00e9cnico en Applus IDIADA y <strong>Llogari Casas<\/strong>, graduado en Multimedia y Technical Lead en Kaleidoscop Cartoons, explicaron en formato<em> v\u00eddeo-speech<\/em> su experiencia profesional a ra\u00edz de su graduaci\u00f3n en el CITM, <strong>Robert Mulet<\/strong>, graduado en Multimedia, detall\u00f3 a todos los asistentes cu\u00e1l ha sido su recorrido y c\u00f3mo ha acabado trabajando como Head of Digital en PwC.<\/p>\n<p><a href=\"https:\/\/www.citm.upc.edu\/blog\/wp-content\/uploads\/2015\/11\/IMC_4441.jpg\"><img loading=\"lazy\" decoding=\"async\" class=\"alignleft size-medium wp-image-1946\" src=\"https:\/\/www.citm.upc.edu\/blog\/wp-content\/uploads\/2015\/11\/IMC_4441-300x200.jpg\" alt=\"Presentacio TFG\" width=\"300\" height=\"200\" srcset=\"https:\/\/www.citm.upc.edu\/blog\/wp-content\/uploads\/2015\/11\/IMC_4441-300x200.jpg 300w, https:\/\/www.citm.upc.edu\/blog\/wp-content\/uploads\/2015\/11\/IMC_4441-1024x682.jpg 1024w, https:\/\/www.citm.upc.edu\/blog\/wp-content\/uploads\/2015\/11\/IMC_4441-449x300.jpg 449w\" sizes=\"auto, (max-width: 300px) 100vw, 300px\" \/><\/a>El segundo bloque del acto se centr\u00f3 en la <strong>presentaci\u00f3n de los Trabajos Finales de Grado del curso 2014-2015<\/strong> en formato<em> flash forward<\/em>. 5 alumnos del Grado en Multimedia: <strong>Sergio Mart\u00edn, Alberto Montemayor, Marc Bel, Marcel Barros y Ricardo Nieto<\/strong>; y 3 alumnos del Grado en Fotograf\u00eda:<strong> B\u00e1rbara Puigvent\u00f3s, Pol Escal\u00e9 y Albert Bonnin<\/strong>; presentaron al p\u00fablico sus trabajos. Al finalizar las presentaciones, el vicerrector de Estudiantes de la UPC y el director del CITM les entregaron unos diplomas en reconocimiento a la calidad de su trabajo.<\/p>\n<p><a href=\"https:\/\/www.citm.upc.edu\/blog\/wp-content\/uploads\/2015\/11\/IMC_4548.jpg\"><img loading=\"lazy\" decoding=\"async\" class=\"alignleft size-medium wp-image-1947\" src=\"https:\/\/www.citm.upc.edu\/blog\/wp-content\/uploads\/2015\/11\/IMC_4548-300x200.jpg\" alt=\"https:\/\/www.citm.upc.edu\/blog\/wp-content\/uploads\/2015\/11\/IMC_4548.jpg\" width=\"300\" height=\"200\" srcset=\"https:\/\/www.citm.upc.edu\/blog\/wp-content\/uploads\/2015\/11\/IMC_4548-300x200.jpg 300w, https:\/\/www.citm.upc.edu\/blog\/wp-content\/uploads\/2015\/11\/IMC_4548-1024x682.jpg 1024w, https:\/\/www.citm.upc.edu\/blog\/wp-content\/uploads\/2015\/11\/IMC_4548-449x300.jpg 449w\" sizes=\"auto, (max-width: 300px) 100vw, 300px\" \/><\/a>A continuaci\u00f3n, se daba paso al <strong>reconocimiento de los alumnos de los Grados<\/strong> por la calidad de sus proyectos y su joven talento. Los alumnos de primer curso: <strong>Cintia Coll<\/strong> (Fotograf\u00eda), <strong>Marc Masip<\/strong> (Multimedia),<strong> Carlos Randino<\/strong> (Videojuegos); los de segundo curso: <strong>Laura Pessarrodona<\/strong> (Fotograf\u00eda) y <strong>Marc Negra<\/strong> (Multimedia); los de tercero: <strong>Marta Cots<\/strong> (Fotograf\u00eda) y <strong>Daniel Lorenzo<\/strong> (Multimedia); y los de 4\u00ba curso: <strong>Albert Bonnin<\/strong> (Fotograf\u00eda) y<strong> Joan Borgu\u00f1\u00f3<\/strong> (Multimedia) fueron los alumnos que obtuvieron este reconocimiento.<\/p>\n<p><a href=\"https:\/\/www.citm.upc.edu\/blog\/wp-content\/uploads\/2015\/11\/IMC_4554.jpg\"><img loading=\"lazy\" decoding=\"async\" class=\"alignleft size-large wp-image-1948\" src=\"https:\/\/www.citm.upc.edu\/blog\/wp-content\/uploads\/2015\/11\/IMC_4554-1024x682.jpg\" alt=\"IMC_4554\" width=\"584\" height=\"388\" srcset=\"https:\/\/www.citm.upc.edu\/blog\/wp-content\/uploads\/2015\/11\/IMC_4554-1024x682.jpg 1024w, https:\/\/www.citm.upc.edu\/blog\/wp-content\/uploads\/2015\/11\/IMC_4554-300x200.jpg 300w, https:\/\/www.citm.upc.edu\/blog\/wp-content\/uploads\/2015\/11\/IMC_4554-450x300.jpg 450w\" sizes=\"auto, (max-width: 584px) 100vw, 584px\" \/><\/a><a href=\"https:\/\/www.citm.upc.edu\/blog\/wp-content\/uploads\/2015\/11\/IMC_4564.jpg\"><img loading=\"lazy\" decoding=\"async\" class=\"alignleft size-medium wp-image-1949\" src=\"https:\/\/www.citm.upc.edu\/blog\/wp-content\/uploads\/2015\/11\/IMC_4564-300x200.jpg\" alt=\"Four Headed Band\" width=\"300\" height=\"200\" srcset=\"https:\/\/www.citm.upc.edu\/blog\/wp-content\/uploads\/2015\/11\/IMC_4564-300x200.jpg 300w, https:\/\/www.citm.upc.edu\/blog\/wp-content\/uploads\/2015\/11\/IMC_4564-1024x682.jpg 1024w, https:\/\/www.citm.upc.edu\/blog\/wp-content\/uploads\/2015\/11\/IMC_4564-450x300.jpg 450w\" sizes=\"auto, (max-width: 300px) 100vw, 300px\" \/><\/a>La fiesta de graduaci\u00f3n estuvo <strong>amenizada por el grupo de m\u00fasica rock en directo <em>Four Headed Band<\/em><\/strong>. Al finalizar el acto, todos los asistentes pudieron disfrutar de un pica-pica, tras el cual la fiesta continuo en un ambiente m\u00e1s distendido.<\/p>\n<p>Si quieres ver el resto de fotos de la FIESTA DE GRADUACI\u00d3N del CITM consulta nuestra <a href=\"https:\/\/www.flickr.com\/photos\/citmupc\/albums\/72157660498774037\" target=\"_blank\">galer\u00eda de Flickr.<\/a><\/p>\n<p>\u00a1No te pierdas el <strong>v\u00eddeo resumen de la gran Fiesta de Graduaci\u00f3n del CITM!<\/strong><\/p>\n<p><a href=\"https:\/\/vimeo.com\/149744834\" target=\"_blank\"><img loading=\"lazy\" decoding=\"async\" class=\"alignleft wp-image-2093 size-full\" src=\"https:\/\/www.citm.upc.edu\/blog\/wp-content\/uploads\/2015\/11\/ActeGraduacio.jpg\" alt=\"Acte Graduacio\" width=\"952\" height=\"526\" srcset=\"https:\/\/www.citm.upc.edu\/blog\/wp-content\/uploads\/2015\/11\/ActeGraduacio.jpg 952w, https:\/\/www.citm.upc.edu\/blog\/wp-content\/uploads\/2015\/11\/ActeGraduacio-300x165.jpg 300w, https:\/\/www.citm.upc.edu\/blog\/wp-content\/uploads\/2015\/11\/ActeGraduacio-500x276.jpg 500w\" sizes=\"auto, (max-width: 952px) 100vw, 952px\" \/><\/a><\/p>\n","protected":false},"excerpt":{"rendered":"<p>El Centro de la Imagen y la Tecnolog\u00eda Multimedia organiz\u00f3 el pasado 6 de noviembre una gran fiesta de graduaci\u00f3n que reuni\u00f3 en el Auditorio Municipal de Terrassa a m\u00e1s de 200 personas entre graduados del centro, alumnos actuales, familiares, profesores y amigos del CITM. El acto fue motivo de celebraci\u00f3n para compartir experiencias de &#8230; <a title=\"Gran fiesta de graduaci\u00f3n del CITM\" class=\"read-more\" href=\"https:\/\/www.citm.upc.edu\/blog\/gran-fiesta-de-graduacion-del-citm\/\" aria-label=\"Read more about Gran fiesta de graduaci\u00f3n del CITM\">Leer m\u00e1s<\/a><\/p>\n","protected":false},"author":2,"featured_media":1950,"comment_status":"open","ping_status":"open","sticky":false,"template":"","format":"standard","meta":{"footnotes":""},"categories":[23,25,108,17,24,19],"tags":[310,309,223],"class_list":["post-1953","post","type-post","status-publish","format-standard","has-post-thumbnail","hentry","category-animacion-digital","category-fotografia1","category-institucional-2","category-multimedia-2","category-trabajos-alumnos","category-videojuegos","tag-graduacion-citm","tag-trabajo-de-graduacion-citm","tag-trabajos-alumnos-2"],"aioseo_notices":[],"_links":{"self":[{"href":"https:\/\/www.citm.upc.edu\/blog\/wp-json\/wp\/v2\/posts\/1953","targetHints":{"allow":["GET"]}}],"collection":[{"href":"https:\/\/www.citm.upc.edu\/blog\/wp-json\/wp\/v2\/posts"}],"about":[{"href":"https:\/\/www.citm.upc.edu\/blog\/wp-json\/wp\/v2\/types\/post"}],"author":[{"embeddable":true,"href":"https:\/\/www.citm.upc.edu\/blog\/wp-json\/wp\/v2\/users\/2"}],"replies":[{"embeddable":true,"href":"https:\/\/www.citm.upc.edu\/blog\/wp-json\/wp\/v2\/comments?post=1953"}],"version-history":[{"count":14,"href":"https:\/\/www.citm.upc.edu\/blog\/wp-json\/wp\/v2\/posts\/1953\/revisions"}],"predecessor-version":[{"id":2099,"href":"https:\/\/www.citm.upc.edu\/blog\/wp-json\/wp\/v2\/posts\/1953\/revisions\/2099"}],"wp:featuredmedia":[{"embeddable":true,"href":"https:\/\/www.citm.upc.edu\/blog\/wp-json\/wp\/v2\/media\/1950"}],"wp:attachment":[{"href":"https:\/\/www.citm.upc.edu\/blog\/wp-json\/wp\/v2\/media?parent=1953"}],"wp:term":[{"taxonomy":"category","embeddable":true,"href":"https:\/\/www.citm.upc.edu\/blog\/wp-json\/wp\/v2\/categories?post=1953"},{"taxonomy":"post_tag","embeddable":true,"href":"https:\/\/www.citm.upc.edu\/blog\/wp-json\/wp\/v2\/tags?post=1953"}],"curies":[{"name":"wp","href":"https:\/\/api.w.org\/{rel}","templated":true}]}}