{"id":2129,"date":"2016-01-25T17:46:58","date_gmt":"2016-01-25T16:46:58","guid":{"rendered":"http:\/\/www.citm.upc.edu\/blog\/?p=2129"},"modified":"2016-01-25T17:47:36","modified_gmt":"2016-01-25T16:47:36","slug":"alumnes-del-citm-gaudiran-de-condicions-especials-al-museu-del-disseny-gracies-a-un-conveni-signat-amb-24-escoles-dart-i-disseny","status":"publish","type":"post","link":"https:\/\/www.citm.upc.edu\/blog\/alumnes-del-citm-gaudiran-de-condicions-especials-al-museu-del-disseny-gracies-a-un-conveni-signat-amb-24-escoles-dart-i-disseny\/?lang=ca","title":{"rendered":"Alumnes del CITM gaudiran de condicions especials al Museu del Disseny gr\u00e0cies a un conveni signat amb 24 escoles d\u2019art i disseny"},"content":{"rendered":"<p>El Museu del Disseny de Barcelona ha signat un <strong>conveni de col\u00b7laboraci\u00f3 amb 24 centres que imparteixen formaci\u00f3 en art i disseny<\/strong>, entre les quals es troba el Centre de la Imatge i la Tecnologia Multim\u00e8dia (CITM). El conveni t\u00e9 com a objectiu <strong>promoure activitats i projectes educatius i de recerca<\/strong> en l\u2019\u00e0mbit del disseny. Els alumnes del CITM podran beneficiar-se de les condicions especials que es recullen en aquest conveni de col\u00b7laboraci\u00f3.<!--more--><\/p>\n<p><a href=\"https:\/\/www.citm.upc.edu\/blog\/wp-content\/uploads\/2016\/01\/AcordDHUB.jpg\"><img loading=\"lazy\" decoding=\"async\" class=\"alignleft size-medium wp-image-2130\" src=\"https:\/\/www.citm.upc.edu\/blog\/wp-content\/uploads\/2016\/01\/AcordDHUB-300x199.jpg\" alt=\"Acord Museu del Disseny\" width=\"300\" height=\"199\" srcset=\"https:\/\/www.citm.upc.edu\/blog\/wp-content\/uploads\/2016\/01\/AcordDHUB-300x199.jpg 300w, https:\/\/www.citm.upc.edu\/blog\/wp-content\/uploads\/2016\/01\/AcordDHUB-451x300.jpg 451w, https:\/\/www.citm.upc.edu\/blog\/wp-content\/uploads\/2016\/01\/AcordDHUB.jpg 1024w\" sizes=\"auto, (max-width: 300px) 100vw, 300px\" \/><\/a>El conveni refor\u00e7a el comprom\u00eds del <a href=\"http:\/\/www.museudeldisseny.cat\/\">Museu del Disseny <\/a>com a servei p\u00fablic i de refer\u00e8ncia en l\u2019\u00e0mbit del disseny i ho far\u00e0 posant a l\u2019abast de tota la comunitat educativa l\u2019acc\u00e9s a les col\u00b7leccions, exposicions i programa d\u2019activitats. El Museu oferir\u00e0 <strong>descomptes i visites gratu\u00eftes a exposicions permanents i temporals<\/strong>, tant per alumnes com docents de les entitats signants. Un altre dels punts inclou un<strong> 50% de descompte en la quota anual d\u2019acc\u00e9s als serveis del Centre de Documentaci\u00f3<\/strong> del Museu, l\u2019espai de consulta i recerca especialitzat en arts decoratives i disseny gr\u00e0fic, industrial, t\u00e8xtil, d\u2019espais, de moda i serveis. Tamb\u00e9 es posar\u00e0 en marxa un <strong>servei de pr\u00e9stec interbibliotecari<\/strong>, l\u2019intercanvi de publicacions i la cessi\u00f3 de continguts elaborats pel museu amb finalitats educatives.<\/p>\n","protected":false},"excerpt":{"rendered":"<p>El Museu del Disseny de Barcelona ha signat un conveni de col\u00b7laboraci\u00f3 amb 24 centres que imparteixen formaci\u00f3 en art i disseny, entre les quals es troba el Centre de la Imatge i la Tecnologia Multim\u00e8dia (CITM). El conveni t\u00e9 com a objectiu promoure activitats i projectes educatius i de recerca en l\u2019\u00e0mbit del disseny. &#8230; <a title=\"Alumnes del CITM gaudiran de condicions especials al Museu del Disseny gr\u00e0cies a un conveni signat amb 24 escoles d\u2019art i disseny\" class=\"read-more\" href=\"https:\/\/www.citm.upc.edu\/blog\/alumnes-del-citm-gaudiran-de-condicions-especials-al-museu-del-disseny-gracies-a-un-conveni-signat-amb-24-escoles-dart-i-disseny\/?lang=ca\" aria-label=\"Read more about Alumnes del CITM gaudiran de condicions especials al Museu del Disseny gr\u00e0cies a un conveni signat amb 24 escoles d\u2019art i disseny\">Leer m\u00e1s<\/a><\/p>\n","protected":false},"author":2,"featured_media":2130,"comment_status":"open","ping_status":"open","sticky":false,"template":"","format":"standard","meta":{"footnotes":""},"categories":[],"tags":[],"class_list":["post-2129","post","type-post","status-publish","format-standard","has-post-thumbnail","hentry"],"aioseo_notices":[],"_links":{"self":[{"href":"https:\/\/www.citm.upc.edu\/blog\/wp-json\/wp\/v2\/posts\/2129","targetHints":{"allow":["GET"]}}],"collection":[{"href":"https:\/\/www.citm.upc.edu\/blog\/wp-json\/wp\/v2\/posts"}],"about":[{"href":"https:\/\/www.citm.upc.edu\/blog\/wp-json\/wp\/v2\/types\/post"}],"author":[{"embeddable":true,"href":"https:\/\/www.citm.upc.edu\/blog\/wp-json\/wp\/v2\/users\/2"}],"replies":[{"embeddable":true,"href":"https:\/\/www.citm.upc.edu\/blog\/wp-json\/wp\/v2\/comments?post=2129"}],"version-history":[{"count":1,"href":"https:\/\/www.citm.upc.edu\/blog\/wp-json\/wp\/v2\/posts\/2129\/revisions"}],"predecessor-version":[{"id":2131,"href":"https:\/\/www.citm.upc.edu\/blog\/wp-json\/wp\/v2\/posts\/2129\/revisions\/2131"}],"wp:featuredmedia":[{"embeddable":true,"href":"https:\/\/www.citm.upc.edu\/blog\/wp-json\/wp\/v2\/media\/2130"}],"wp:attachment":[{"href":"https:\/\/www.citm.upc.edu\/blog\/wp-json\/wp\/v2\/media?parent=2129"}],"wp:term":[{"taxonomy":"category","embeddable":true,"href":"https:\/\/www.citm.upc.edu\/blog\/wp-json\/wp\/v2\/categories?post=2129"},{"taxonomy":"post_tag","embeddable":true,"href":"https:\/\/www.citm.upc.edu\/blog\/wp-json\/wp\/v2\/tags?post=2129"}],"curies":[{"name":"wp","href":"https:\/\/api.w.org\/{rel}","templated":true}]}}