{"id":2185,"date":"2016-02-18T12:24:35","date_gmt":"2016-02-18T11:24:35","guid":{"rendered":"http:\/\/www.citm.upc.edu\/blog\/?p=2185"},"modified":"2016-02-19T13:06:28","modified_gmt":"2016-02-19T12:06:28","slug":"el-citm-es-de-los-centros-organizadores-de-la-exposicion-a-traves-del-mirall-la-fotografia-del-dibuix-a-la-realitat-virtual","status":"publish","type":"post","link":"https:\/\/www.citm.upc.edu\/blog\/el-citm-es-de-los-centros-organizadores-de-la-exposicion-a-traves-del-mirall-la-fotografia-del-dibuix-a-la-realitat-virtual\/","title":{"rendered":"El CITM es uno de los centros organizadores de la exposici\u00f3n <em>A trav\u00e9s del Mirall. La fotografia: del dibuix a la realitat virtual<\/em>"},"content":{"rendered":"<p>Los profesores del Centro de la Imagen y la Tecnolog\u00eda Multimedia Toni Bover, Miquel Bigas, Amanda N\u00fa\u00f1ez, David S\u00e1nchez y Bea Mart\u00ednez han participado activamente en tareas de comisariado, dise\u00f1o y equipo t\u00e9cnico de la <strong>exposici\u00f3n <em>A trav\u00e9s del Mirall. La fotografia: del dibuix a la realitat virtual<\/em><\/strong>. Esta original muestra, con un nombre que recuerda el trabajo literario del escritor ingl\u00e9s Lewis Carroll, se podr\u00e1 visitar en el Museo del Art de la Pell de Vic hasta el 13 de marzo de 2016. El CITM tambi\u00e9n ha colaborado en la cesi\u00f3n de aparatos fotogr\u00e1ficos para la exposici\u00f3n.<!--more--><\/p>\n<p><a href=\"https:\/\/www.citm.upc.edu\/blog\/wp-content\/uploads\/2016\/02\/BannerMirallPetit.jpg\"><img loading=\"lazy\" decoding=\"async\" class=\"alignleft size-medium wp-image-2183\" src=\"https:\/\/www.citm.upc.edu\/blog\/wp-content\/uploads\/2016\/02\/BannerMirallPetit-230x300.jpg\" alt=\"Cartell Exposici\u00f3\" width=\"230\" height=\"300\" srcset=\"https:\/\/www.citm.upc.edu\/blog\/wp-content\/uploads\/2016\/02\/BannerMirallPetit-230x300.jpg 230w, https:\/\/www.citm.upc.edu\/blog\/wp-content\/uploads\/2016\/02\/BannerMirallPetit.jpg 280w\" sizes=\"auto, (max-width: 230px) 100vw, 230px\" \/><\/a>En el marco de la <strong>programaci\u00f3n cultural de Vic Capital de la Cultura Catalana 2016<\/strong>, se ha presentado esta exposici\u00f3n, organizada por el Espacio Did\u00e1ctico de la Imagen y el Patrimonio de La Farinera, Centro de Artes Visuales de Vic, con la colaboraci\u00f3n del Museo de la Ciencia y de la T\u00e9cnica de Catalu\u00f1a (mNACTEC) y el Centro de la Imagen y la Tecnolog\u00eda Multimedia de la UPC como principales entidades colaboradoras.<\/p>\n<p>En esta muestra, los asistentes podr\u00e1n <strong>descubrir el mundo de la imagen y su evoluci\u00f3n a lo largo de la historia<\/strong>: se podr\u00e1 disfrutar de los primeros aparatos de perspectiva del Renacimiento de las primeras c\u00e1maras de fotografiar, los relojes con c\u00e1mara oculta de los primeros detectives, c\u00e1maras de fotografiar submarinas, los primeros aparatos cinematogr\u00e1ficos o las c\u00e1maras que fotografiaron las guerras del siglo XX.<\/p>\n<p><a href=\"https:\/\/www.citm.upc.edu\/blog\/wp-content\/uploads\/2016\/02\/atravesdelmirall04.jpg\"><img loading=\"lazy\" decoding=\"async\" class=\"alignleft size-thumbnail wp-image-2171\" src=\"https:\/\/www.citm.upc.edu\/blog\/wp-content\/uploads\/2016\/02\/atravesdelmirall04-150x150.jpg\" alt=\"Oculus A Trav\u00e9s del Mirall\" width=\"150\" height=\"150\" srcset=\"https:\/\/www.citm.upc.edu\/blog\/wp-content\/uploads\/2016\/02\/atravesdelmirall04-150x150.jpg 150w, https:\/\/www.citm.upc.edu\/blog\/wp-content\/uploads\/2016\/02\/atravesdelmirall04-175x175.jpg 175w\" sizes=\"auto, (max-width: 150px) 100vw, 150px\" \/><\/a>Durante la experiencia de visitarla, se ofrece la posibilidad de entrar en una c\u00e1mara oscura para ver el mundo al rev\u00e9s, comprobar como nuestros bisabuelos filmaban pel\u00edculas con una caja de madera, conocer c\u00f3mo captan las im\u00e1genes de nuestros m\u00f3viles, o cu\u00e1l es el futuro de la fotograf\u00eda en el mundo de la realidad virtual. Precisamente, la participaci\u00f3n de los profesores del CITM ha hecho posible esta <strong>interacci\u00f3n de la imagen con las tecnolog\u00edas m\u00e1s multimedia.<\/strong><\/p>\n","protected":false},"excerpt":{"rendered":"<p>Los profesores del Centro de la Imagen y la Tecnolog\u00eda Multimedia Toni Bover, Miquel Bigas, Amanda N\u00fa\u00f1ez, David S\u00e1nchez y Bea Mart\u00ednez han participado activamente en tareas de comisariado, dise\u00f1o y equipo t\u00e9cnico de la exposici\u00f3n A trav\u00e9s del Mirall. La fotografia: del dibuix a la realitat virtual. Esta original muestra, con un nombre que &#8230; <a title=\"El CITM es uno de los centros organizadores de la exposici\u00f3n A trav\u00e9s del Mirall. La fotografia: del dibuix a la realitat virtual\" class=\"read-more\" href=\"https:\/\/www.citm.upc.edu\/blog\/el-citm-es-de-los-centros-organizadores-de-la-exposicion-a-traves-del-mirall-la-fotografia-del-dibuix-a-la-realitat-virtual\/\" aria-label=\"Read more about El CITM es uno de los centros organizadores de la exposici\u00f3n A trav\u00e9s del Mirall. La fotografia: del dibuix a la realitat virtual\">Leer m\u00e1s<\/a><\/p>\n","protected":false},"author":2,"featured_media":2169,"comment_status":"open","ping_status":"open","sticky":false,"template":"","format":"standard","meta":{"footnotes":""},"categories":[25,108],"tags":[212,6,351],"class_list":["post-2185","post","type-post","status-publish","format-standard","has-post-thumbnail","hentry","category-fotografia1","category-institucional-2","tag-exposicion","tag-fotografia","tag-trabajos-profesores"],"aioseo_notices":[],"_links":{"self":[{"href":"https:\/\/www.citm.upc.edu\/blog\/wp-json\/wp\/v2\/posts\/2185","targetHints":{"allow":["GET"]}}],"collection":[{"href":"https:\/\/www.citm.upc.edu\/blog\/wp-json\/wp\/v2\/posts"}],"about":[{"href":"https:\/\/www.citm.upc.edu\/blog\/wp-json\/wp\/v2\/types\/post"}],"author":[{"embeddable":true,"href":"https:\/\/www.citm.upc.edu\/blog\/wp-json\/wp\/v2\/users\/2"}],"replies":[{"embeddable":true,"href":"https:\/\/www.citm.upc.edu\/blog\/wp-json\/wp\/v2\/comments?post=2185"}],"version-history":[{"count":4,"href":"https:\/\/www.citm.upc.edu\/blog\/wp-json\/wp\/v2\/posts\/2185\/revisions"}],"predecessor-version":[{"id":2193,"href":"https:\/\/www.citm.upc.edu\/blog\/wp-json\/wp\/v2\/posts\/2185\/revisions\/2193"}],"wp:featuredmedia":[{"embeddable":true,"href":"https:\/\/www.citm.upc.edu\/blog\/wp-json\/wp\/v2\/media\/2169"}],"wp:attachment":[{"href":"https:\/\/www.citm.upc.edu\/blog\/wp-json\/wp\/v2\/media?parent=2185"}],"wp:term":[{"taxonomy":"category","embeddable":true,"href":"https:\/\/www.citm.upc.edu\/blog\/wp-json\/wp\/v2\/categories?post=2185"},{"taxonomy":"post_tag","embeddable":true,"href":"https:\/\/www.citm.upc.edu\/blog\/wp-json\/wp\/v2\/tags?post=2185"}],"curies":[{"name":"wp","href":"https:\/\/api.w.org\/{rel}","templated":true}]}}