{"id":2296,"date":"2016-05-25T17:21:30","date_gmt":"2016-05-25T15:21:30","guid":{"rendered":"http:\/\/www.citm.upc.edu\/blog\/?p=2296"},"modified":"2016-05-25T17:21:30","modified_gmt":"2016-05-25T15:21:30","slug":"sobre-la-convocatoria-dajuts-universitaris-per-als-estudiants-de-centres-adscrits","status":"publish","type":"post","link":"https:\/\/www.citm.upc.edu\/blog\/sobre-la-convocatoria-dajuts-universitaris-per-als-estudiants-de-centres-adscrits\/?lang=ca","title":{"rendered":"S\u2019obre la convocat\u00f2ria d\u2019ajuts universitaris per als estudiants de centres adscrits"},"content":{"rendered":"<p>Els estudiants dels centres\u00a0adscrits, com \u00e9s el cas del Centre de la Imatge i la Tecnologia Multim\u00e8dia (CITM), ja poden sol\u00b7licitar una beca de l\u2019Ag\u00e8ncia de Gesti\u00f3 d\u2019Ajuts Universitaris i de Recerca de la Generalitat de Catalunya. El passat 6 de maig de 2016 es va publicar al DOGC n\u00famero 7115, la resoluci\u00f3 EMC\/1137\/2016 de 28 d\u2019abril, per la qual s\u2019aproven les bases reguladores i s\u2019obre la convocat\u00f2ria per a la concessi\u00f3 d\u2019ajuts a estudiants universitaris de centres adscrits (ACA).<!--more--><\/p>\n<p>El termini de presentaci\u00f3 de sol\u00b7licituds \u00e9s del 7 de maig<strong> fins el 6 de juny de 2016.<\/strong><\/p>\n<p>Aquest any, igual que l\u2019anterior, les sol\u00b7licituds s\u2019han d\u2019emplenar per via electr\u00f2nica a trav\u00e9s de Tr\u00e0mits Gencat de la seu corporativa de la Generalitat de Catalunya, en <a href=\"http:\/\/web.gencat.cat\/ca\/tramits\/tramits-temes\/Ajuts-a-estudiants-universitaris-de-centres-adscrits-ACA?category=77405924-a82c-11e3-a972-000c29052e2c\" target=\"_blank\">aquesta direcci\u00f3 web<\/a>.<\/p>\n<p><strong>M\u00e9s informaci\u00f3:<\/strong><\/p>\n<div class=\"row hidden-xs\">\n<div id=\"nomPortal\" class=\"col-xs-12\"><a href=\"%20Ag\u00e8ncia de Gesti\u00f3 d'Ajuts Universitaris i de Recerca\" target=\"_blank\">Ag\u00e8ncia de Gesti\u00f3 d&#8217;Ajuts Universitaris i de Recerca &#8211; AGAUR<\/a><\/div>\n<\/div>\n","protected":false},"excerpt":{"rendered":"<p>Els estudiants dels centres\u00a0adscrits, com \u00e9s el cas del Centre de la Imatge i la Tecnologia Multim\u00e8dia (CITM), ja poden sol\u00b7licitar una beca de l\u2019Ag\u00e8ncia de Gesti\u00f3 d\u2019Ajuts Universitaris i de Recerca de la Generalitat de Catalunya. El passat 6 de maig de 2016 es va publicar al DOGC n\u00famero 7115, la resoluci\u00f3 EMC\/1137\/2016 de &#8230; <a title=\"S\u2019obre la convocat\u00f2ria d\u2019ajuts universitaris per als estudiants de centres adscrits\" class=\"read-more\" href=\"https:\/\/www.citm.upc.edu\/blog\/sobre-la-convocatoria-dajuts-universitaris-per-als-estudiants-de-centres-adscrits\/?lang=ca\" aria-label=\"Read more about S\u2019obre la convocat\u00f2ria d\u2019ajuts universitaris per als estudiants de centres adscrits\">Leer m\u00e1s<\/a><\/p>\n","protected":false},"author":2,"featured_media":814,"comment_status":"open","ping_status":"open","sticky":false,"template":"","format":"standard","meta":{"footnotes":""},"categories":[],"tags":[375],"class_list":["post-2296","post","type-post","status-publish","format-standard","has-post-thumbnail","hentry","tag-agaur"],"aioseo_notices":[],"_links":{"self":[{"href":"https:\/\/www.citm.upc.edu\/blog\/wp-json\/wp\/v2\/posts\/2296","targetHints":{"allow":["GET"]}}],"collection":[{"href":"https:\/\/www.citm.upc.edu\/blog\/wp-json\/wp\/v2\/posts"}],"about":[{"href":"https:\/\/www.citm.upc.edu\/blog\/wp-json\/wp\/v2\/types\/post"}],"author":[{"embeddable":true,"href":"https:\/\/www.citm.upc.edu\/blog\/wp-json\/wp\/v2\/users\/2"}],"replies":[{"embeddable":true,"href":"https:\/\/www.citm.upc.edu\/blog\/wp-json\/wp\/v2\/comments?post=2296"}],"version-history":[{"count":1,"href":"https:\/\/www.citm.upc.edu\/blog\/wp-json\/wp\/v2\/posts\/2296\/revisions"}],"predecessor-version":[{"id":2297,"href":"https:\/\/www.citm.upc.edu\/blog\/wp-json\/wp\/v2\/posts\/2296\/revisions\/2297"}],"wp:featuredmedia":[{"embeddable":true,"href":"https:\/\/www.citm.upc.edu\/blog\/wp-json\/wp\/v2\/media\/814"}],"wp:attachment":[{"href":"https:\/\/www.citm.upc.edu\/blog\/wp-json\/wp\/v2\/media?parent=2296"}],"wp:term":[{"taxonomy":"category","embeddable":true,"href":"https:\/\/www.citm.upc.edu\/blog\/wp-json\/wp\/v2\/categories?post=2296"},{"taxonomy":"post_tag","embeddable":true,"href":"https:\/\/www.citm.upc.edu\/blog\/wp-json\/wp\/v2\/tags?post=2296"}],"curies":[{"name":"wp","href":"https:\/\/api.w.org\/{rel}","templated":true}]}}