{"id":2320,"date":"2016-06-07T12:44:57","date_gmt":"2016-06-07T10:44:57","guid":{"rendered":"http:\/\/www.citm.upc.edu\/blog\/?p=2320"},"modified":"2016-07-06T13:15:15","modified_gmt":"2016-07-06T11:15:15","slug":"ja-pots-fer-la-preinscripcio-universitaria-per-estudiar-al-citm","status":"publish","type":"post","link":"https:\/\/www.citm.upc.edu\/blog\/ja-pots-fer-la-preinscripcio-universitaria-per-estudiar-al-citm\/?lang=ca","title":{"rendered":"Ja pots fer la preinscripci\u00f3 universit\u00e0ria per estudiar al CITM!"},"content":{"rendered":"<p>Des d\u2019aquest dilluns 6 de juny <strong>fins al proper dia 1 de juliol del 2016 podr\u00e0s realitzar la preinscripci\u00f3 universit\u00e0ria a totes les universitats p\u00fabliques catalanes<\/strong>. Tots aquells alumnes interessats en cursar algun dels graus oficials del Centre de la Imatge i la Tecnologia Multim\u00e8dia de la UPC ja poden realitzar aquest tr\u00e0mit indispensable previ a\u00a0 la matr\u00edcula a trav\u00e9s del web de la Generalitat de Catalunya.<!--more--><\/p>\n<p>Per formalitzar els tr\u00e0mits de preinscripci\u00f3 universit\u00e0ria, els interessats en el <a href=\"http:\/\/www.citm.upc.edu\/cat\/estudis\/grau-multimedia\/presentacio\/\" target=\"_blank\">Grau en Multim\u00e8dia<\/a>, el <a href=\"http:\/\/www.citm.upc.edu\/cat\/estudis\/grau-videojocs-terrassa\/presentacio\/\" target=\"_blank\">Grau en Disseny i Desenvolupament de Videojocs <\/a>o el <a href=\"http:\/\/www.citm.upc.edu\/cat\/estudis\/grau-videojocs-bcn\/presentacio\/\" target=\"_blank\">Grau en Disseny i Desenvolupament de Videojocs<\/a> <em>(english edition)<\/em> que s\u2019imparteix a Barcelona amb continguts i doc\u00e8ncia 100% en angl\u00e8s, hauran de triar les prefer\u00e8ncies d&#8217;estudi i lliurar la documentaci\u00f3 requerida a trav\u00e9s del web\u00a0<a href=\"https:\/\/accesnet.gencat.cat\/accesnet\/AppJava\/html\/index.html\" target=\"_blank\">Accesnet de la Generalitat de Catalunya.<\/a><\/p>\n<p><a href=\"https:\/\/www.citm.upc.edu\/blog\/wp-content\/uploads\/2014\/04\/Fachada-1.jpg\"><img loading=\"lazy\" decoding=\"async\" class=\"alignleft size-large wp-image-814\" src=\"https:\/\/www.citm.upc.edu\/blog\/wp-content\/uploads\/2014\/04\/Fachada-1-1024x720.jpg\" alt=\"citm upc\" width=\"584\" height=\"410\" srcset=\"https:\/\/www.citm.upc.edu\/blog\/wp-content\/uploads\/2014\/04\/Fachada-1-1024x720.jpg 1024w, https:\/\/www.citm.upc.edu\/blog\/wp-content\/uploads\/2014\/04\/Fachada-1-300x211.jpg 300w, https:\/\/www.citm.upc.edu\/blog\/wp-content\/uploads\/2014\/04\/Fachada-1-426x300.jpg 426w\" sizes=\"auto, (max-width: 584px) 100vw, 584px\" \/><\/a><\/p>\n<p>&nbsp;<\/p>\n","protected":false},"excerpt":{"rendered":"<p>Des d\u2019aquest dilluns 6 de juny fins al proper dia 1 de juliol del 2016 podr\u00e0s realitzar la preinscripci\u00f3 universit\u00e0ria a totes les universitats p\u00fabliques catalanes. Tots aquells alumnes interessats en cursar algun dels graus oficials del Centre de la Imatge i la Tecnologia Multim\u00e8dia de la UPC ja poden realitzar aquest tr\u00e0mit indispensable previ &#8230; <a title=\"Ja pots fer la preinscripci\u00f3 universit\u00e0ria per estudiar al CITM!\" class=\"read-more\" href=\"https:\/\/www.citm.upc.edu\/blog\/ja-pots-fer-la-preinscripcio-universitaria-per-estudiar-al-citm\/?lang=ca\" aria-label=\"Read more about Ja pots fer la preinscripci\u00f3 universit\u00e0ria per estudiar al CITM!\">Leer m\u00e1s<\/a><\/p>\n","protected":false},"author":2,"featured_media":2327,"comment_status":"open","ping_status":"open","sticky":false,"template":"","format":"standard","meta":{"footnotes":""},"categories":[10,104],"tags":[186,383,203],"class_list":["post-2320","post","type-post","status-publish","format-standard","has-post-thumbnail","hentry","category-fotografia-2","category-institucional","tag-citm","tag-matricula-universitaria","tag-oferta-formativa-citm"],"aioseo_notices":[],"_links":{"self":[{"href":"https:\/\/www.citm.upc.edu\/blog\/wp-json\/wp\/v2\/posts\/2320","targetHints":{"allow":["GET"]}}],"collection":[{"href":"https:\/\/www.citm.upc.edu\/blog\/wp-json\/wp\/v2\/posts"}],"about":[{"href":"https:\/\/www.citm.upc.edu\/blog\/wp-json\/wp\/v2\/types\/post"}],"author":[{"embeddable":true,"href":"https:\/\/www.citm.upc.edu\/blog\/wp-json\/wp\/v2\/users\/2"}],"replies":[{"embeddable":true,"href":"https:\/\/www.citm.upc.edu\/blog\/wp-json\/wp\/v2\/comments?post=2320"}],"version-history":[{"count":6,"href":"https:\/\/www.citm.upc.edu\/blog\/wp-json\/wp\/v2\/posts\/2320\/revisions"}],"predecessor-version":[{"id":2329,"href":"https:\/\/www.citm.upc.edu\/blog\/wp-json\/wp\/v2\/posts\/2320\/revisions\/2329"}],"wp:featuredmedia":[{"embeddable":true,"href":"https:\/\/www.citm.upc.edu\/blog\/wp-json\/wp\/v2\/media\/2327"}],"wp:attachment":[{"href":"https:\/\/www.citm.upc.edu\/blog\/wp-json\/wp\/v2\/media?parent=2320"}],"wp:term":[{"taxonomy":"category","embeddable":true,"href":"https:\/\/www.citm.upc.edu\/blog\/wp-json\/wp\/v2\/categories?post=2320"},{"taxonomy":"post_tag","embeddable":true,"href":"https:\/\/www.citm.upc.edu\/blog\/wp-json\/wp\/v2\/tags?post=2320"}],"curies":[{"name":"wp","href":"https:\/\/api.w.org\/{rel}","templated":true}]}}