{"id":2498,"date":"2016-11-10T12:19:36","date_gmt":"2016-11-10T11:19:36","guid":{"rendered":"http:\/\/www.citm.upc.edu\/blog\/?p=2498"},"modified":"2016-11-10T12:22:30","modified_gmt":"2016-11-10T11:22:30","slug":"la-professora-del-citm-ana-de-quadras-autora-del-video-de-presentacio-del-world-press-photo16","status":"publish","type":"post","link":"https:\/\/www.citm.upc.edu\/blog\/la-professora-del-citm-ana-de-quadras-autora-del-video-de-presentacio-del-world-press-photo16\/?lang=ca","title":{"rendered":"La professora del CITM Ana de Quadras, autora del v\u00eddeo de presentaci\u00f3 del World Press Photo\u201916"},"content":{"rendered":"<p>La professora de comunicaci\u00f3 audiovisual del <a href=\"http:\/\/www.citm.upc.edu\/cat\/estudis\/grau-multimedia\/presentacio\/\" target=\"_blank\">grau en Multim\u00e8dia<\/a> del CITM Ana de Quadras ha estat l\u2019<strong>autora del v\u00eddeo de presentaci\u00f3 de la present edici\u00f3 del World Press Photo\u201916<\/strong>, l\u2019exposici\u00f3 amb el millor fotoperiodisme internacional que podr\u00e0 visitar-se fins mitjans de desembre al Centre de Cultura Contempor\u00e0nia de Barcelona (CCCB).<!--more--><\/p>\n<p><a href=\"https:\/\/www.citm.upc.edu\/blog\/wp-content\/uploads\/2016\/11\/AnaQuadras.jpg\"><img loading=\"lazy\" decoding=\"async\" class=\"alignleft size-medium wp-image-2501\" src=\"https:\/\/www.citm.upc.edu\/blog\/wp-content\/uploads\/2016\/11\/AnaQuadras-298x300.jpg\" alt=\"AnaQuadras\" width=\"298\" height=\"300\" srcset=\"https:\/\/www.citm.upc.edu\/blog\/wp-content\/uploads\/2016\/11\/AnaQuadras-298x300.jpg 298w, https:\/\/www.citm.upc.edu\/blog\/wp-content\/uploads\/2016\/11\/AnaQuadras-150x150.jpg 150w, https:\/\/www.citm.upc.edu\/blog\/wp-content\/uploads\/2016\/11\/AnaQuadras-175x175.jpg 175w, https:\/\/www.citm.upc.edu\/blog\/wp-content\/uploads\/2016\/11\/AnaQuadras.jpg 425w\" sizes=\"auto, (max-width: 298px) 100vw, 298px\" \/><\/a>Ana de Quadras, a m\u00e9s a m\u00e9s de docent, \u00e9s gestora i realitzadora de projectes audiovisuals. En aquesta ocasi\u00f3, ha realitzat un enc\u00e0rrec audiovisual basat en el<strong> lema \u201cVeure i entendre\u201d<\/strong>, que aquest any centra l\u2019atenci\u00f3 del World Press Photo. El v\u00eddeo de presentaci\u00f3 incideix en la mirada de professionals del m\u00f3n de la fotografia i la comunicaci\u00f3 multim\u00e8dia. \u00c9s per aquest motiu que en la pe\u00e7a de presentaci\u00f3 podem veure tamb\u00e9 exalumnes graduats al CITM que actualment exerceixen com a professionals del m\u00f3n de la imatge.<\/p>\n<p>La mostra <a href=\"http:\/\/www.cccb.org\/es\/exposiciones\/ficha\/world-press-photo-16\/224876\" target=\"_blank\">World Press Photo<\/a> \u00e9s considerada mundialment la m\u00e9s important en l\u2019\u00e0mbit del fotoperiodisme i destaca per la qualitat de les seves fotografies, aix\u00ed com pel debat i la cr\u00edtica que generen cadascun dels treballs exposats. Una cita amb els esdeveniments socials, pol\u00edtics, culturals i esportius del darrer any que tamb\u00e9 es configura com un aparador per als millors fotoperiodistes i documentalistes del moment.<\/p>\n<p>Tot seguit podeu veure el <strong>v\u00eddeo de presentaci\u00f3 de la mostra World Press Photo 2016<\/strong> realitzat per Ana de Quadras.<\/p>\n<p><a href=\"https:\/\/www.youtube.com\/watch?v=y5hJNtQaHnw\" target=\"_blank\"><img loading=\"lazy\" decoding=\"async\" class=\"alignleft wp-image-2499 size-full\" src=\"https:\/\/www.citm.upc.edu\/blog\/wp-content\/uploads\/2016\/11\/WorldPressPhoto_.png\" alt=\"WorldPressPhoto\" width=\"871\" height=\"492\" srcset=\"https:\/\/www.citm.upc.edu\/blog\/wp-content\/uploads\/2016\/11\/WorldPressPhoto_.png 871w, https:\/\/www.citm.upc.edu\/blog\/wp-content\/uploads\/2016\/11\/WorldPressPhoto_-300x169.png 300w, https:\/\/www.citm.upc.edu\/blog\/wp-content\/uploads\/2016\/11\/WorldPressPhoto_-500x282.png 500w\" sizes=\"auto, (max-width: 871px) 100vw, 871px\" \/><\/a><\/p>\n","protected":false},"excerpt":{"rendered":"<p>La professora de comunicaci\u00f3 audiovisual del grau en Multim\u00e8dia del CITM Ana de Quadras ha estat l\u2019autora del v\u00eddeo de presentaci\u00f3 de la present edici\u00f3 del World Press Photo\u201916, l\u2019exposici\u00f3 amb el millor fotoperiodisme internacional que podr\u00e0 visitar-se fins mitjans de desembre al Centre de Cultura Contempor\u00e0nia de Barcelona (CCCB).<\/p>\n","protected":false},"author":2,"featured_media":2499,"comment_status":"open","ping_status":"open","sticky":false,"template":"","format":"standard","meta":{"footnotes":""},"categories":[],"tags":[404],"class_list":["post-2498","post","type-post","status-publish","format-standard","has-post-thumbnail","hentry","tag-video"],"aioseo_notices":[],"_links":{"self":[{"href":"https:\/\/www.citm.upc.edu\/blog\/wp-json\/wp\/v2\/posts\/2498","targetHints":{"allow":["GET"]}}],"collection":[{"href":"https:\/\/www.citm.upc.edu\/blog\/wp-json\/wp\/v2\/posts"}],"about":[{"href":"https:\/\/www.citm.upc.edu\/blog\/wp-json\/wp\/v2\/types\/post"}],"author":[{"embeddable":true,"href":"https:\/\/www.citm.upc.edu\/blog\/wp-json\/wp\/v2\/users\/2"}],"replies":[{"embeddable":true,"href":"https:\/\/www.citm.upc.edu\/blog\/wp-json\/wp\/v2\/comments?post=2498"}],"version-history":[{"count":2,"href":"https:\/\/www.citm.upc.edu\/blog\/wp-json\/wp\/v2\/posts\/2498\/revisions"}],"predecessor-version":[{"id":2502,"href":"https:\/\/www.citm.upc.edu\/blog\/wp-json\/wp\/v2\/posts\/2498\/revisions\/2502"}],"wp:featuredmedia":[{"embeddable":true,"href":"https:\/\/www.citm.upc.edu\/blog\/wp-json\/wp\/v2\/media\/2499"}],"wp:attachment":[{"href":"https:\/\/www.citm.upc.edu\/blog\/wp-json\/wp\/v2\/media?parent=2498"}],"wp:term":[{"taxonomy":"category","embeddable":true,"href":"https:\/\/www.citm.upc.edu\/blog\/wp-json\/wp\/v2\/categories?post=2498"},{"taxonomy":"post_tag","embeddable":true,"href":"https:\/\/www.citm.upc.edu\/blog\/wp-json\/wp\/v2\/tags?post=2498"}],"curies":[{"name":"wp","href":"https:\/\/api.w.org\/{rel}","templated":true}]}}