{"id":2558,"date":"2016-12-16T13:59:16","date_gmt":"2016-12-16T12:59:16","guid":{"rendered":"http:\/\/www.citm.upc.edu\/blog\/?p=2558"},"modified":"2016-12-16T13:59:16","modified_gmt":"2016-12-16T12:59:16","slug":"el-citm-rep-al-comite-davaluacio-externa-daqu-catalunya-en-el-marc-de-lacreditacio-del-grau-en-multimedia","status":"publish","type":"post","link":"https:\/\/www.citm.upc.edu\/blog\/el-citm-rep-al-comite-davaluacio-externa-daqu-catalunya-en-el-marc-de-lacreditacio-del-grau-en-multimedia\/?lang=ca","title":{"rendered":"El CITM rep al Comit\u00e8 d\u2019Avaluaci\u00f3 Externa d\u2019AQU Catalunya en el marc de l\u2019acreditaci\u00f3 del Grau en Multim\u00e8dia"},"content":{"rendered":"<p>El passat dimecres 14 de desembre el CITM va rebre un Comit\u00e8 d\u2019 Avaluaci\u00f3 Externa (CAE) nomenat per l\u2019 AQU que es va entrevistar amb diversos grups d\u2019 inter\u00e8s i va visitar les instal\u00b7lacions per tal de poder verificar tant la qualitat docent com la gesti\u00f3 del Centre i la satisfacci\u00f3 dels grups implicats. L\u2019objectiu era avan\u00e7ar un pas m\u00e9s en el proc\u00e9s d\u2019acreditaci\u00f3 del Grau en Multim\u00e8dia, un proc\u00e9s que s\u2019ha de passar al cap de sis anys de la seva verificaci\u00f3.<!--more--><\/p>\n<p><a href=\"https:\/\/www.citm.upc.edu\/blog\/wp-content\/uploads\/2016\/12\/AcreditacioMultimedia_Desembre2016.jpg\"><img loading=\"lazy\" decoding=\"async\" class=\"alignleft size-medium wp-image-2559\" src=\"https:\/\/www.citm.upc.edu\/blog\/wp-content\/uploads\/2016\/12\/AcreditacioMultimedia_Desembre2016-300x185.jpg\" alt=\"AcreditacioMultimedia_Desembre2016\" width=\"300\" height=\"185\" srcset=\"https:\/\/www.citm.upc.edu\/blog\/wp-content\/uploads\/2016\/12\/AcreditacioMultimedia_Desembre2016-300x185.jpg 300w, https:\/\/www.citm.upc.edu\/blog\/wp-content\/uploads\/2016\/12\/AcreditacioMultimedia_Desembre2016-1024x634.jpg 1024w, https:\/\/www.citm.upc.edu\/blog\/wp-content\/uploads\/2016\/12\/AcreditacioMultimedia_Desembre2016-484x300.jpg 484w\" sizes=\"auto, (max-width: 300px) 100vw, 300px\" \/><\/a>El <a href=\"http:\/\/www.citm.upc.edu\/cat\/estudis\/grau-multimedia\/presentacio\/\" target=\"_blank\">grau en Multim\u00e8dia<\/a> del CITM UPC \u2013amb m\u00e9s d\u2019una d\u00e8cada de traject\u00f2ria, inicialment impartit com a titulaci\u00f3 pr\u00f2pia de la Universitat- \u00e9s oficial des de la seva Verificaci\u00f3 al curs 2009-10. Al llarg del curs 2015-16 es va iniciar el proc\u00e9s d\u2019acreditaci\u00f3 del grau en Multim\u00e8dia.<\/p>\n<p>El proc\u00e9s d&#8217;acreditaci\u00f3 s&#8217;estructura en diferents etapes: la presentaci\u00f3 de l&#8217;autoinforme, la visita externa del comit\u00e8 avaluador i l&#8217;acreditaci\u00f3.<\/p>\n<p>L\u2019<strong>autoinforme d\u2019acreditaci\u00f3<\/strong> \u00e9s un document elaborat per una Comissi\u00f3 amb representaci\u00f3 de professorat, personal de gesti\u00f3, estudiants, graduats i empreses vinculades al centre. Es va presentar a AQU Catalunya al mes de Juliol 2016.<\/p>\n<p>La seg\u00fcent fase del proc\u00e9s \u00e9s la <strong>visita al centre docent<\/strong> seguint els indicadors i les evid\u00e8ncies recollides a l\u2019autoinforme a m\u00e9s de les informacions aparegudes en les diferents audi\u00e8ncies. En aquest marc, l\u2019ag\u00e8ncia va visitar el CITM per tal de poder garantir i comprovar que el Grau en Multim\u00e8dia s&#8217;imparteix d&#8217;acord amb les condicions establertes per assolir els objectius de la titulaci\u00f3 i garantir la seva qualitat.<\/p>\n<p>A l\u2019 espera de l\u2019<strong>informe t\u00e8cnic d\u2019acreditaci\u00f3<\/strong> on el comit\u00e8 avaluador d\u2019AQU aportar\u00e0 la seva visi\u00f3, suggeriments de millora i conclusions, les impressions generals rebudes a la cloenda de la visita van resultar positives. Agra\u00efm al CAE AQU i a tota la comunitat CITM , implicada amb entusiasme en el cam\u00ed a l\u2019<strong>acreditaci\u00f3 de la qualitat del Grau en Multim\u00e8dia.<\/strong><\/p>\n<p>L&#8217;<a href=\"http:\/\/www.aqu.cat\/\" target=\"_blank\">Ag\u00e8ncia per a la Qualitat del Sistema Universitari de Catalunya<\/a> (AQU Catalunya) \u00e9s una entitat p\u00fablica reconeguda internacionalment, la missi\u00f3 de la qual \u00e9s garantir la qualitat de l&#8217;educaci\u00f3 superior a Catalunya, tot satisfent est\u00e0ndards internacionals de qualitat i atenent l&#8217;inter\u00e8s que la societat t\u00e9 per una educaci\u00f3 superior de qualitat.<\/p>\n","protected":false},"excerpt":{"rendered":"<p>El passat dimecres 14 de desembre el CITM va rebre un Comit\u00e8 d\u2019 Avaluaci\u00f3 Externa (CAE) nomenat per l\u2019 AQU que es va entrevistar amb diversos grups d\u2019 inter\u00e8s i va visitar les instal\u00b7lacions per tal de poder verificar tant la qualitat docent com la gesti\u00f3 del Centre i la satisfacci\u00f3 dels grups implicats. L\u2019objectiu &#8230; <a title=\"El CITM rep al Comit\u00e8 d\u2019Avaluaci\u00f3 Externa d\u2019AQU Catalunya en el marc de l\u2019acreditaci\u00f3 del Grau en Multim\u00e8dia\" class=\"read-more\" href=\"https:\/\/www.citm.upc.edu\/blog\/el-citm-rep-al-comite-davaluacio-externa-daqu-catalunya-en-el-marc-de-lacreditacio-del-grau-en-multimedia\/?lang=ca\" aria-label=\"Read more about El CITM rep al Comit\u00e8 d\u2019Avaluaci\u00f3 Externa d\u2019AQU Catalunya en el marc de l\u2019acreditaci\u00f3 del Grau en Multim\u00e8dia\">Leer m\u00e1s<\/a><\/p>\n","protected":false},"author":2,"featured_media":2559,"comment_status":"open","ping_status":"open","sticky":false,"template":"","format":"standard","meta":{"footnotes":""},"categories":[],"tags":[411],"class_list":["post-2558","post","type-post","status-publish","format-standard","has-post-thumbnail","hentry","tag-agencia-per-a-la-qualitat-del-sistema-universitari-de-catalunya"],"aioseo_notices":[],"_links":{"self":[{"href":"https:\/\/www.citm.upc.edu\/blog\/wp-json\/wp\/v2\/posts\/2558","targetHints":{"allow":["GET"]}}],"collection":[{"href":"https:\/\/www.citm.upc.edu\/blog\/wp-json\/wp\/v2\/posts"}],"about":[{"href":"https:\/\/www.citm.upc.edu\/blog\/wp-json\/wp\/v2\/types\/post"}],"author":[{"embeddable":true,"href":"https:\/\/www.citm.upc.edu\/blog\/wp-json\/wp\/v2\/users\/2"}],"replies":[{"embeddable":true,"href":"https:\/\/www.citm.upc.edu\/blog\/wp-json\/wp\/v2\/comments?post=2558"}],"version-history":[{"count":1,"href":"https:\/\/www.citm.upc.edu\/blog\/wp-json\/wp\/v2\/posts\/2558\/revisions"}],"predecessor-version":[{"id":2560,"href":"https:\/\/www.citm.upc.edu\/blog\/wp-json\/wp\/v2\/posts\/2558\/revisions\/2560"}],"wp:featuredmedia":[{"embeddable":true,"href":"https:\/\/www.citm.upc.edu\/blog\/wp-json\/wp\/v2\/media\/2559"}],"wp:attachment":[{"href":"https:\/\/www.citm.upc.edu\/blog\/wp-json\/wp\/v2\/media?parent=2558"}],"wp:term":[{"taxonomy":"category","embeddable":true,"href":"https:\/\/www.citm.upc.edu\/blog\/wp-json\/wp\/v2\/categories?post=2558"},{"taxonomy":"post_tag","embeddable":true,"href":"https:\/\/www.citm.upc.edu\/blog\/wp-json\/wp\/v2\/tags?post=2558"}],"curies":[{"name":"wp","href":"https:\/\/api.w.org\/{rel}","templated":true}]}}