{"id":3251,"date":"2018-02-01T13:22:20","date_gmt":"2018-02-01T12:22:20","guid":{"rendered":"https:\/\/www.citm.upc.edu\/blog\/?p=3251"},"modified":"2018-03-13T09:48:24","modified_gmt":"2018-03-13T08:48:24","slug":"diversio-assegurada-amb-les-activitats-del-citm-al-salo-de-lensenyament-2018","status":"publish","type":"post","link":"https:\/\/www.citm.upc.edu\/blog\/diversio-assegurada-amb-les-activitats-del-citm-al-salo-de-lensenyament-2018\/?lang=ca","title":{"rendered":"Diversi\u00f3 assegurada amb les activitats del CITM al Sal\u00f3 de l&#8217;Ensenyament"},"content":{"rendered":"<p>Les activitats del CITM tornaran a ser les\u00a0<strong>protagonistes de l\u2019Aula de Tecnologies Multim\u00e8dia del Sal\u00f3 de l\u2019Ensenyament<\/strong>\u00a0d\u2019aquest any, la fira m\u00e9s important d\u2019orientaci\u00f3 formativa a Catalunya, que es realitzar\u00e0 entre els dies 14 i 18 de mar\u00e7 de 2018.\u00a0<!--more--><\/p>\n<p><a href=\"https:\/\/www.citm.upc.edu\/blog\/wp-content\/uploads\/2017\/01\/salo_1.jpg\"><img loading=\"lazy\" decoding=\"async\" class=\"alignleft size-medium wp-image-2679\" src=\"https:\/\/www.citm.upc.edu\/blog\/wp-content\/uploads\/2017\/01\/salo_1-300x160.jpg\" alt=\"DangerRoom\" width=\"300\" height=\"160\" srcset=\"https:\/\/www.citm.upc.edu\/blog\/wp-content\/uploads\/2017\/01\/salo_1-300x160.jpg 300w, https:\/\/www.citm.upc.edu\/blog\/wp-content\/uploads\/2017\/01\/salo_1-1024x546.jpg 1024w, https:\/\/www.citm.upc.edu\/blog\/wp-content\/uploads\/2017\/01\/salo_1-500x267.jpg 500w, https:\/\/www.citm.upc.edu\/blog\/wp-content\/uploads\/2017\/01\/salo_1.jpg 1247w\" sizes=\"auto, (max-width: 300px) 100vw, 300px\" \/><\/a>Despr\u00e9s de l\u2019\u00e8xit de l\u2019any passat amb el videojoc de realitat virtual Danger Room, <strong>l\u2019activitat estrella d\u2019aquest any ser\u00e0 Aliens Attack<\/strong>, un videojoc creat amb la tecnologia HTC VIVE que posa a prova els teus reflexes. \u00c9s un joc de realitat virtual amb el qual ens traslladem a una arena virtual per participar en un vibrant torneig mundial de 2 minuts. El jugador haur\u00e0 de protegir els \u201cpilars del coneixement\u201d de l\u2019atac dels invasors alien\u00edgenes i aconseguir la major puntuaci\u00f3 que li permetr\u00e0 encap\u00e7alar el r\u00e0nquing mundial.\u00a0 El jugador amb m\u00e9s punts de tot el torneig guanyar\u00e0 un iPad Pro de 12,9&#8243; 64GB Wi-Fi.<\/p>\n<p>Aliens Attack \u00e9s una activitat realitzada per Marc Ripoll, professor del Grau en Disseny i Desenvolupament de Videojocs del CITM\/UPC, amb la col\u00b7laboraci\u00f3 dels alumnes:<\/p>\n<ul>\n<li>Adri\u00e0 G\u00f3mez i Iv\u00e1n P\u00e9rez, del grau en Disseny i Desenvolupament de Videojocs del CITM\/UPC.<\/li>\n<li>Claudio Crener, del m\u00e0ster en Disseny i Creaci\u00f3 de Videojocs de la UPC School.<\/li>\n<li>Jonathan Gonz\u00e1lez, alumne de la Facultat d\u2019Inform\u00e0tica de Barcelona (FIB).<\/li>\n<\/ul>\n<p>Tamb\u00e9 ha participat Estefan\u00eda P\u00e9rez, grafista i lead artist a The Game Forger.<\/p>\n<p><a href=\"https:\/\/www.citm.upc.edu\/blog\/wp-content\/uploads\/2017\/04\/SaloInformatiu.jpg\"><img loading=\"lazy\" decoding=\"async\" class=\"alignleft size-medium wp-image-2811\" src=\"https:\/\/www.citm.upc.edu\/blog\/wp-content\/uploads\/2017\/04\/SaloInformatiu-300x200.jpg\" alt=\"SaloInformatiu\" width=\"300\" height=\"200\" srcset=\"https:\/\/www.citm.upc.edu\/blog\/wp-content\/uploads\/2017\/04\/SaloInformatiu-300x200.jpg 300w, https:\/\/www.citm.upc.edu\/blog\/wp-content\/uploads\/2017\/04\/SaloInformatiu-449x300.jpg 449w, https:\/\/www.citm.upc.edu\/blog\/wp-content\/uploads\/2017\/04\/SaloInformatiu.jpg 640w\" sizes=\"auto, (max-width: 300px) 100vw, 300px\" \/><\/a>A m\u00e9s a m\u00e9s, disposarem d\u2019una <strong>Zona de Videojocs amb una M\u00e0quina Arcade<\/strong>, un espai per gaudir i jugar amb els jocs creats per ex-alumnes del\u00a0<a href=\"http:\/\/www.talent.upc.edu\/cat\/professionals\/presentacio\/codi\/201200\/disseny-creacio-videojocs\/\" target=\"_blank\" rel=\"noopener\">m\u00e0ster en Disseny i Creaci\u00f3 de Videojocs<\/a>\u00a0de la UPC School.<\/p>\n<p>Totes aquelles persones interessades en rebre m\u00e9s informaci\u00f3 sobre els\u00a0estudis de grau oficial del centre:\u00a0 <a href=\"http:\/\/www.citm.upc.edu\/cat\/estudis\/grau-animacio\/presentacio\/\" target=\"_blank\" rel=\"noopener\">Grau en Disseny, Animaci\u00f3 i Art Digital<\/a>; <a href=\"http:\/\/www.citm.upc.edu\/cat\/estudis\/grau-multimedia\/presentacio\/\" target=\"_blank\" rel=\"noopener\">Grau en Multim\u00e8dia<\/a>\u00a0o <a href=\"http:\/\/www.citm.upc.edu\/cat\/estudis\/graus-videojocs\/\" target=\"_blank\" rel=\"noopener\">Grau en Disseny i Desenvolupament de Videojocs<\/a>, tant en la seva modalitat en catal\u00e0, castell\u00e0 i angl\u00e8s a Terrassa, com la modalitat 100% en angl\u00e8s a Barcelona, podran rebre informaci\u00f3 personalitzada a l\u2019espai annex a les activitats de l\u2019\u00e0rea de dinamitzaci\u00f3. Tamb\u00e9 s\u2019oferir\u00e0 informaci\u00f3 sobre els\u00a0<a href=\"http:\/\/www.citm.upc.edu\/cat\/estudis\/postgraus\/cursos\/\" target=\"_blank\" rel=\"noopener\">postgraus<\/a> en creaci\u00f3 digital, tecnologies multim\u00e8dia i comunicaci\u00f3 audiovisual que ofereix el CITM.<\/p>\n<p>A continuaci\u00f3, pots veure en el seg\u00fcent<strong> v\u00eddeo l\u2019estand i les\u00a0activitats realitzades pel CITM durant el Sal\u00f3 de l\u2019Ensenyament 2017.<\/strong><\/p>\n<p><a href=\"https:\/\/vimeo.com\/213991460\" target=\"_blank\" rel=\"noopener\"><img loading=\"lazy\" decoding=\"async\" class=\"alignleft wp-image-2813 size-full\" src=\"https:\/\/www.citm.upc.edu\/blog\/wp-content\/uploads\/2017\/04\/CapturaVideoSalo2017.png\" alt=\"CapturaVideoSalo2017\" width=\"954\" height=\"535\" srcset=\"https:\/\/www.citm.upc.edu\/blog\/wp-content\/uploads\/2017\/04\/CapturaVideoSalo2017.png 954w, https:\/\/www.citm.upc.edu\/blog\/wp-content\/uploads\/2017\/04\/CapturaVideoSalo2017-300x168.png 300w, https:\/\/www.citm.upc.edu\/blog\/wp-content\/uploads\/2017\/04\/CapturaVideoSalo2017-500x280.png 500w\" sizes=\"auto, (max-width: 954px) 100vw, 954px\" \/><\/a><\/p>\n","protected":false},"excerpt":{"rendered":"<p>Les activitats del CITM tornaran a ser les\u00a0protagonistes de l\u2019Aula de Tecnologies Multim\u00e8dia del Sal\u00f3 de l\u2019Ensenyament\u00a0d\u2019aquest any, la fira m\u00e9s important d\u2019orientaci\u00f3 formativa a Catalunya, que es realitzar\u00e0 entre els dies 14 i 18 de mar\u00e7 de 2018.\u00a0<\/p>\n","protected":false},"author":2,"featured_media":2814,"comment_status":"open","ping_status":"open","sticky":false,"template":"","format":"standard","meta":{"footnotes":""},"categories":[22,104,18,12],"tags":[98,201],"class_list":["post-3251","post","type-post","status-publish","format-standard","has-post-thumbnail","hentry","category-animacio-digital","category-institucional","category-multimedia1","category-videojocs","tag-multimedia","tag-salo-de-lensenyament"],"aioseo_notices":[],"_links":{"self":[{"href":"https:\/\/www.citm.upc.edu\/blog\/wp-json\/wp\/v2\/posts\/3251","targetHints":{"allow":["GET"]}}],"collection":[{"href":"https:\/\/www.citm.upc.edu\/blog\/wp-json\/wp\/v2\/posts"}],"about":[{"href":"https:\/\/www.citm.upc.edu\/blog\/wp-json\/wp\/v2\/types\/post"}],"author":[{"embeddable":true,"href":"https:\/\/www.citm.upc.edu\/blog\/wp-json\/wp\/v2\/users\/2"}],"replies":[{"embeddable":true,"href":"https:\/\/www.citm.upc.edu\/blog\/wp-json\/wp\/v2\/comments?post=3251"}],"version-history":[{"count":7,"href":"https:\/\/www.citm.upc.edu\/blog\/wp-json\/wp\/v2\/posts\/3251\/revisions"}],"predecessor-version":[{"id":3322,"href":"https:\/\/www.citm.upc.edu\/blog\/wp-json\/wp\/v2\/posts\/3251\/revisions\/3322"}],"wp:featuredmedia":[{"embeddable":true,"href":"https:\/\/www.citm.upc.edu\/blog\/wp-json\/wp\/v2\/media\/2814"}],"wp:attachment":[{"href":"https:\/\/www.citm.upc.edu\/blog\/wp-json\/wp\/v2\/media?parent=3251"}],"wp:term":[{"taxonomy":"category","embeddable":true,"href":"https:\/\/www.citm.upc.edu\/blog\/wp-json\/wp\/v2\/categories?post=3251"},{"taxonomy":"post_tag","embeddable":true,"href":"https:\/\/www.citm.upc.edu\/blog\/wp-json\/wp\/v2\/tags?post=3251"}],"curies":[{"name":"wp","href":"https:\/\/api.w.org\/{rel}","templated":true}]}}