{"id":3345,"date":"2018-04-05T12:42:54","date_gmt":"2018-04-05T10:42:54","guid":{"rendered":"https:\/\/www.citm.upc.edu\/blog\/?p=3345"},"modified":"2018-04-05T12:43:44","modified_gmt":"2018-04-05T10:43:44","slug":"reviu-els-millors-moments-del-salo-de-lensenyament-2018","status":"publish","type":"post","link":"https:\/\/www.citm.upc.edu\/blog\/reviu-els-millors-moments-del-salo-de-lensenyament-2018\/?lang=ca","title":{"rendered":"Reviu els millors moments del Sal\u00f3 de l\u2019Ensenyament 2018!"},"content":{"rendered":"<p>El CITM va tornar a ser el protagonista de les activitats de l\u2019Aula Multim\u00e8dia del Sal\u00f3 de l\u2019Ensenyament 2018, la fira m\u00e9s important d\u2019orientaci\u00f3 formativa a Catalunya, realitzada durant el passat mes de mar\u00e7 a Barcelona.\u00a0 L\u2019activitat estrella d\u2019aquest any va ser el <strong>videojoc de realitat virtual Aliens Attack. <\/strong>Els joves que hi van jugar es traslladaven a una arena virtual per participar en un vibrant torneig mundial de 2 minuts. El jugador havia de protegir els \u201cpilars del coneixement\u201d de l\u2019atac dels invasors alien\u00edgenes i aconseguir la major puntuaci\u00f3. \u00a0El jugador amb m\u00e9s punts de tot el torneig va guanyar un iPad Pro de 12,9\u2033 64GB Wi-Fi.<!--more--><\/p>\n<p><a href=\"https:\/\/www.citm.upc.edu\/blog\/wp-content\/uploads\/2018\/04\/Arcade.jpg\"><img loading=\"lazy\" decoding=\"async\" class=\"alignleft size-thumbnail wp-image-3347\" src=\"https:\/\/www.citm.upc.edu\/blog\/wp-content\/uploads\/2018\/04\/Arcade-150x150.jpg\" alt=\"\" width=\"150\" height=\"150\" \/><\/a>A m\u00e9s a m\u00e9s, l\u2019estand del CITM d\u2019aquest any, en una nova i ampliada ubicaci\u00f3, va disposar d\u2019una <strong>Zona de Videojocs amb una M\u00e0quina Arcade<\/strong>, un espai per gaudir amb els jocs creats per exalumnes del\u00a0<a href=\"http:\/\/www.talent.upc.edu\/cat\/professionals\/presentacio\/codi\/201200\/disseny-creacio-videojocs\/\" target=\"_blank\" rel=\"noopener\">m\u00e0ster en Disseny i Creaci\u00f3 de Videojocs<\/a>\u00a0de la UPC School.<\/p>\n<p>A l\u2019espai annex d\u2019informaci\u00f3, totes aquelles persones interessades en els <strong>estudis de grau en animaci\u00f3, multim\u00e8dia i videojocs del CITM <\/strong>van rebre atenci\u00f3 personalitzada de la m\u00e0 de professors, alumnes i equip de coordinaci\u00f3 del centre.<\/p>\n<p>Ara pots reviure l\u2019experi\u00e8ncia en aquest <strong>v\u00eddeo resum de les activitats i l\u2019ambient a l\u2019estand<\/strong> del Centre de la Imatge i la Tecnologia Multim\u00e8dia al Sal\u00f3 de l\u2019Ensenyament 2018. Tampoc et perdis les fotografies de la nostra <a href=\"https:\/\/www.flickr.com\/photos\/citmupc\/sets\/72157688845509770\" target=\"_blank\" rel=\"noopener\">galeria de Flickr<\/a>.<\/p>\n<p><strong>V\u00cdDEO DEL SAL\u00d3 DE L\u2019ENSENYAMENT 2018<\/strong><\/p>\n<p><a href=\"https:\/\/vimeo.com\/261448739\" target=\"_blank\" rel=\"noopener\"><img loading=\"lazy\" decoding=\"async\" class=\"alignleft wp-image-3346 size-full\" src=\"https:\/\/www.citm.upc.edu\/blog\/wp-content\/uploads\/2018\/04\/SaloEnsenyament2018.jpg\" alt=\"VideoSaloEnsenyament2018\" width=\"959\" height=\"533\" srcset=\"https:\/\/www.citm.upc.edu\/blog\/wp-content\/uploads\/2018\/04\/SaloEnsenyament2018.jpg 959w, https:\/\/www.citm.upc.edu\/blog\/wp-content\/uploads\/2018\/04\/SaloEnsenyament2018-300x167.jpg 300w, https:\/\/www.citm.upc.edu\/blog\/wp-content\/uploads\/2018\/04\/SaloEnsenyament2018-768x427.jpg 768w, https:\/\/www.citm.upc.edu\/blog\/wp-content\/uploads\/2018\/04\/SaloEnsenyament2018-500x278.jpg 500w\" sizes=\"auto, (max-width: 959px) 100vw, 959px\" \/><\/a><\/p>\n<p>&nbsp;<\/p>\n","protected":false},"excerpt":{"rendered":"<p>El CITM va tornar a ser el protagonista de les activitats de l\u2019Aula Multim\u00e8dia del Sal\u00f3 de l\u2019Ensenyament 2018, la fira m\u00e9s important d\u2019orientaci\u00f3 formativa a Catalunya, realitzada durant el passat mes de mar\u00e7 a Barcelona.\u00a0 L\u2019activitat estrella d\u2019aquest any va ser el videojoc de realitat virtual Aliens Attack. Els joves que hi van jugar &#8230; <a title=\"Reviu els millors moments del Sal\u00f3 de l\u2019Ensenyament 2018!\" class=\"read-more\" href=\"https:\/\/www.citm.upc.edu\/blog\/reviu-els-millors-moments-del-salo-de-lensenyament-2018\/?lang=ca\" aria-label=\"Read more about Reviu els millors moments del Sal\u00f3 de l\u2019Ensenyament 2018!\">Leer m\u00e1s<\/a><\/p>\n","protected":false},"author":2,"featured_media":3349,"comment_status":"open","ping_status":"open","sticky":false,"template":"","format":"standard","meta":{"footnotes":""},"categories":[22,18,12],"tags":[201],"class_list":["post-3345","post","type-post","status-publish","format-standard","has-post-thumbnail","hentry","category-animacio-digital","category-multimedia1","category-videojocs","tag-salo-de-lensenyament"],"aioseo_notices":[],"_links":{"self":[{"href":"https:\/\/www.citm.upc.edu\/blog\/wp-json\/wp\/v2\/posts\/3345","targetHints":{"allow":["GET"]}}],"collection":[{"href":"https:\/\/www.citm.upc.edu\/blog\/wp-json\/wp\/v2\/posts"}],"about":[{"href":"https:\/\/www.citm.upc.edu\/blog\/wp-json\/wp\/v2\/types\/post"}],"author":[{"embeddable":true,"href":"https:\/\/www.citm.upc.edu\/blog\/wp-json\/wp\/v2\/users\/2"}],"replies":[{"embeddable":true,"href":"https:\/\/www.citm.upc.edu\/blog\/wp-json\/wp\/v2\/comments?post=3345"}],"version-history":[{"count":3,"href":"https:\/\/www.citm.upc.edu\/blog\/wp-json\/wp\/v2\/posts\/3345\/revisions"}],"predecessor-version":[{"id":3352,"href":"https:\/\/www.citm.upc.edu\/blog\/wp-json\/wp\/v2\/posts\/3345\/revisions\/3352"}],"wp:featuredmedia":[{"embeddable":true,"href":"https:\/\/www.citm.upc.edu\/blog\/wp-json\/wp\/v2\/media\/3349"}],"wp:attachment":[{"href":"https:\/\/www.citm.upc.edu\/blog\/wp-json\/wp\/v2\/media?parent=3345"}],"wp:term":[{"taxonomy":"category","embeddable":true,"href":"https:\/\/www.citm.upc.edu\/blog\/wp-json\/wp\/v2\/categories?post=3345"},{"taxonomy":"post_tag","embeddable":true,"href":"https:\/\/www.citm.upc.edu\/blog\/wp-json\/wp\/v2\/tags?post=3345"}],"curies":[{"name":"wp","href":"https:\/\/api.w.org\/{rel}","templated":true}]}}