{"id":3608,"date":"2018-12-17T14:01:18","date_gmt":"2018-12-17T13:01:18","guid":{"rendered":"https:\/\/www.citm.upc.edu\/blog\/?p=3608"},"modified":"2018-12-17T14:09:53","modified_gmt":"2018-12-17T13:09:53","slug":"acto-de-graduacion-citm-2018","status":"publish","type":"post","link":"https:\/\/www.citm.upc.edu\/blog\/acto-de-graduacion-citm-2018\/","title":{"rendered":"Acto de Graduaci\u00f3n CITM 2018"},"content":{"rendered":"<p>El Centro de la Imagen y la Tecnolog\u00eda Multimedia organiz\u00f3 el pasado 29 de noviembre una fiesta de reencuentro con graduados, familiares y profesores del CITM con motivo del acto de graduaci\u00f3n de este a\u00f1o. Una d\u00eda para compartir, todos juntos, la <strong>ilusi\u00f3n por la nueva etapa profesional que inician los graduados y graduadas del CITM.<\/strong><!--more--><\/p>\n<p>El acto estuvo presidido por David S\u00e1nchez, director del Centro de la Imagen y la Tecnolog\u00eda Multimedia, Benjam\u00edn Su\u00e1rez, director de la Fundaci\u00f3 Polit\u00e8cnica de Catalunya (FPC), y Santiago Silvestre, vicerrector de Evaluaci\u00f3n y Calidad de la Universitat Polit\u00e8cnica de Catalunya (UPC).<\/p>\n<p><a href=\"https:\/\/www.citm.upc.edu\/blog\/wp-content\/uploads\/2018\/12\/MarcMarti.jpg\" target=\"_blank\" rel=\"noopener\"><img loading=\"lazy\" decoding=\"async\" class=\"alignleft wp-image-3599 size-medium\" src=\"https:\/\/www.citm.upc.edu\/blog\/wp-content\/uploads\/2018\/12\/MarcMarti-300x200.jpg\" alt=\"MarcMarti\" width=\"300\" height=\"200\" srcset=\"https:\/\/www.citm.upc.edu\/blog\/wp-content\/uploads\/2018\/12\/MarcMarti-300x200.jpg 300w, https:\/\/www.citm.upc.edu\/blog\/wp-content\/uploads\/2018\/12\/MarcMarti-768x512.jpg 768w, https:\/\/www.citm.upc.edu\/blog\/wp-content\/uploads\/2018\/12\/MarcMarti.jpg 1024w, https:\/\/www.citm.upc.edu\/blog\/wp-content\/uploads\/2018\/12\/MarcMarti-450x300.jpg 450w\" sizes=\"auto, (max-width: 300px) 100vw, 300px\" \/><\/a>En la primera parte del acto, el protagonismo fue para la<strong> experiencia del graduado en Multimedia Marc Mart\u00ed Mart\u00ednez,<\/strong> que actualmente es art director en <a href=\"http:\/\/www.socialpoint.es\/\" target=\"_blank\" rel=\"noopener\">Social Point.<\/a> En su intervenci\u00f3n, explic\u00f3 su recorrido profesional y cu\u00e1l es su d\u00eda a d\u00eda en esta empresa referente en el sector de los videojuegos.<\/p>\n<p><a href=\"https:\/\/www.citm.upc.edu\/blog\/wp-content\/uploads\/2018\/12\/Diplomes.jpg\" target=\"_blank\" rel=\"noopener\"><img loading=\"lazy\" decoding=\"async\" class=\"alignleft wp-image-3600 size-medium\" src=\"https:\/\/www.citm.upc.edu\/blog\/wp-content\/uploads\/2018\/12\/Diplomes-300x200.jpg\" alt=\"Diplomes\" width=\"300\" height=\"200\" srcset=\"https:\/\/www.citm.upc.edu\/blog\/wp-content\/uploads\/2018\/12\/Diplomes-300x200.jpg 300w, https:\/\/www.citm.upc.edu\/blog\/wp-content\/uploads\/2018\/12\/Diplomes-768x512.jpg 768w, https:\/\/www.citm.upc.edu\/blog\/wp-content\/uploads\/2018\/12\/Diplomes.jpg 1024w, https:\/\/www.citm.upc.edu\/blog\/wp-content\/uploads\/2018\/12\/Diplomes-450x300.jpg 450w\" sizes=\"auto, (max-width: 300px) 100vw, 300px\" \/><\/a>El segundo bloque del acto se centr\u00f3 en la<strong> presentaci\u00f3n de los Trabajos Finales de Grado<\/strong> <strong>(TFG)<\/strong> del curso 2017-2018, en formato <em>flash forward<\/em>. Carlos Randino, Sergi Rodr\u00edguez, Alba Mart\u00ednez, Gisela Moreno, Cintia Coll, Laura Gonz\u00e1lez, Eric Serrulla, Juli\u00e1n Ramos y Pol Soler fueron los estudiantes que presentaron sus proyectos. A continuaci\u00f3n, se realiz\u00f3 la <strong>entrega de diplomas.<\/strong><\/p>\n<p>Al finalizar el acto, todos los graduados\/as se hicieron una foto conjunta y se dio paso a un pica-pica para todos los asistentes.<\/p>\n<p>&nbsp;<\/p>\n<p>Si quieres ver todas las fotos del acto, consulta nuestra <a href=\"https:\/\/www.flickr.com\/photos\/citmupc\/sets\/72157701458049992\" target=\"_blank\" rel=\"noopener\"><strong>galer\u00eda de Flickr &#8216;Acto de Graduaci\u00f3n CITM 2018&#8217;.<\/strong><\/a><\/p>\n<p>\u00a1Y no te pierdas el <strong>v\u00eddeo resumen del evento!<\/strong><\/p>\n<p><a href=\"https:\/\/vimeo.com\/306363237\" target=\"_blank\" rel=\"noopener\"><img loading=\"lazy\" decoding=\"async\" class=\"alignleft wp-image-3598 size-full\" src=\"https:\/\/www.citm.upc.edu\/blog\/wp-content\/uploads\/2018\/12\/ActeGraduacioCITM.jpg\" alt=\"ActeGraduacioCITM\" width=\"958\" height=\"461\" srcset=\"https:\/\/www.citm.upc.edu\/blog\/wp-content\/uploads\/2018\/12\/ActeGraduacioCITM.jpg 958w, https:\/\/www.citm.upc.edu\/blog\/wp-content\/uploads\/2018\/12\/ActeGraduacioCITM-300x144.jpg 300w, https:\/\/www.citm.upc.edu\/blog\/wp-content\/uploads\/2018\/12\/ActeGraduacioCITM-768x370.jpg 768w, https:\/\/www.citm.upc.edu\/blog\/wp-content\/uploads\/2018\/12\/ActeGraduacioCITM-500x241.jpg 500w\" sizes=\"auto, (max-width: 958px) 100vw, 958px\" \/><\/a><\/p>\n<p>&nbsp;<\/p>\n","protected":false},"excerpt":{"rendered":"<p>El Centro de la Imagen y la Tecnolog\u00eda Multimedia organiz\u00f3 el pasado 29 de noviembre una fiesta de reencuentro con graduados, familiares y profesores del CITM con motivo del acto de graduaci\u00f3n de este a\u00f1o. Una d\u00eda para compartir, todos juntos, la ilusi\u00f3n por la nueva etapa profesional que inician los graduados y graduadas del &#8230; <a title=\"Acto de Graduaci\u00f3n CITM 2018\" class=\"read-more\" href=\"https:\/\/www.citm.upc.edu\/blog\/acto-de-graduacion-citm-2018\/\" aria-label=\"Read more about Acto de Graduaci\u00f3n CITM 2018\">Leer m\u00e1s<\/a><\/p>\n","protected":false},"author":2,"featured_media":3601,"comment_status":"open","ping_status":"open","sticky":false,"template":"","format":"standard","meta":{"footnotes":""},"categories":[25,108,17,19],"tags":[331,310],"class_list":["post-3608","post","type-post","status-publish","format-standard","has-post-thumbnail","hentry","category-fotografia1","category-institucional-2","category-multimedia-2","category-videojuegos","tag-alumnos-citm","tag-graduacion-citm"],"aioseo_notices":[],"_links":{"self":[{"href":"https:\/\/www.citm.upc.edu\/blog\/wp-json\/wp\/v2\/posts\/3608","targetHints":{"allow":["GET"]}}],"collection":[{"href":"https:\/\/www.citm.upc.edu\/blog\/wp-json\/wp\/v2\/posts"}],"about":[{"href":"https:\/\/www.citm.upc.edu\/blog\/wp-json\/wp\/v2\/types\/post"}],"author":[{"embeddable":true,"href":"https:\/\/www.citm.upc.edu\/blog\/wp-json\/wp\/v2\/users\/2"}],"replies":[{"embeddable":true,"href":"https:\/\/www.citm.upc.edu\/blog\/wp-json\/wp\/v2\/comments?post=3608"}],"version-history":[{"count":5,"href":"https:\/\/www.citm.upc.edu\/blog\/wp-json\/wp\/v2\/posts\/3608\/revisions"}],"predecessor-version":[{"id":3617,"href":"https:\/\/www.citm.upc.edu\/blog\/wp-json\/wp\/v2\/posts\/3608\/revisions\/3617"}],"wp:featuredmedia":[{"embeddable":true,"href":"https:\/\/www.citm.upc.edu\/blog\/wp-json\/wp\/v2\/media\/3601"}],"wp:attachment":[{"href":"https:\/\/www.citm.upc.edu\/blog\/wp-json\/wp\/v2\/media?parent=3608"}],"wp:term":[{"taxonomy":"category","embeddable":true,"href":"https:\/\/www.citm.upc.edu\/blog\/wp-json\/wp\/v2\/categories?post=3608"},{"taxonomy":"post_tag","embeddable":true,"href":"https:\/\/www.citm.upc.edu\/blog\/wp-json\/wp\/v2\/tags?post=3608"}],"curies":[{"name":"wp","href":"https:\/\/api.w.org\/{rel}","templated":true}]}}