{"id":4042,"date":"2020-01-27T13:53:31","date_gmt":"2020-01-27T12:53:31","guid":{"rendered":"https:\/\/www.citm.upc.edu\/blog\/?p=4042"},"modified":"2020-01-28T13:04:30","modified_gmt":"2020-01-28T12:04:30","slug":"el-professor-josep-torello-publica-dos-articles-academics-sobre-musica-i-imatge","status":"publish","type":"post","link":"https:\/\/www.citm.upc.edu\/blog\/el-professor-josep-torello-publica-dos-articles-academics-sobre-musica-i-imatge\/?lang=ca","title":{"rendered":"El professor Josep Torell\u00f3 publica dos articles acad\u00e8mics sobre m\u00fasica i imatge"},"content":{"rendered":"<p>Aquest passat desembre, Josep Torell\u00f3, professor del Centre de la Imatge i la Tecnologia Multim\u00e8dia (CITM), ha publicat dos articles acad\u00e8mics sobre la relaci\u00f3 est\u00e8tica entre la m\u00fasica i la imatge.<!--more--><\/p>\n<p><a href=\"https:\/\/www.citm.upc.edu\/blog\/wp-content\/uploads\/2020\/01\/JosepTorell\u00f3-1.jpg\" target=\"_blank\" rel=\"noopener\"><img loading=\"lazy\" decoding=\"async\" class=\"alignleft wp-image-4049 size-medium\" src=\"https:\/\/www.citm.upc.edu\/blog\/wp-content\/uploads\/2020\/01\/JosepTorell\u00f3-1-300x242.jpg\" alt=\"JosepTorell\u00f3\" width=\"300\" height=\"242\" srcset=\"https:\/\/www.citm.upc.edu\/blog\/wp-content\/uploads\/2020\/01\/JosepTorell\u00f3-1-300x242.jpg 300w, https:\/\/www.citm.upc.edu\/blog\/wp-content\/uploads\/2020\/01\/JosepTorell\u00f3-1-768x620.jpg 768w, https:\/\/www.citm.upc.edu\/blog\/wp-content\/uploads\/2020\/01\/JosepTorell\u00f3-1-1024x827.jpg 1024w, https:\/\/www.citm.upc.edu\/blog\/wp-content\/uploads\/2020\/01\/JosepTorell\u00f3-1-372x300.jpg 372w, https:\/\/www.citm.upc.edu\/blog\/wp-content\/uploads\/2020\/01\/JosepTorell\u00f3-1.jpg 2000w\" sizes=\"auto, (max-width: 300px) 100vw, 300px\" \/><\/a>El primer, <a href=\"https:\/\/oajournals.fupress.net\/index.php\/aisthesis\/article\/view\/10733\" target=\"_blank\" rel=\"noopener\">The \u00abMusicalised Image\u00bb: A Joint Aesthetic of Music and Image in Film<\/a> (Torell\u00f3 &amp; Swarbrick) ha estat publicat en l&#8217;\u00faltim n\u00famero de la revista <em>Aisthesis. Pratiche, linguaggi e saperi dell\u2019estetico<\/em>, una prestigiosa revista acad\u00e8mica editada per Firenze University Press.<\/p>\n<p>L&#8217;altra investigaci\u00f3, <a href=\"http:\/\/revistes.ub.edu\/index.php\/materia\/article\/view\/27469\" target=\"_blank\" rel=\"noopener\">La m\u00fasica en l\u2019aparell te\u00f2ric cinematogr\u00e0fic i audiovisual<\/a>, s&#8217;ha publicat en el monogr\u00e0fic \u00abInterseccions entre m\u00fasica, paraula i imatge\u00bb de <em>Mat\u00e8ria. Revista internacional d\u2019Art<\/em>, editada per la Universitat de Barcelona.<\/p>\n<p>En la mateixa l\u00ednia d&#8217;investigaci\u00f3, el passat novembre va participar en el VI Congr\u00e9s Internacional de Metodologies de la Investigaci\u00f3 en Comunicaci\u00f3, organitzat per la Facultat de Ci\u00e8ncies de la Informaci\u00f3 de la Universidad Complutense de Madrid. En aquest cas, Josep Torell\u00f3 va oferir una pon\u00e8ncia amb el t\u00edtol \u201cMetodolog\u00edas de An\u00e1lisis de la M\u00fasica en el Audiovisual y sus Problem\u00e1ticas\u201d.<\/p>\n","protected":false},"excerpt":{"rendered":"<p>Aquest passat desembre, Josep Torell\u00f3, professor del Centre de la Imatge i la Tecnologia Multim\u00e8dia (CITM), ha publicat dos articles acad\u00e8mics sobre la relaci\u00f3 est\u00e8tica entre la m\u00fasica i la imatge.<\/p>\n","protected":false},"author":2,"featured_media":4049,"comment_status":"open","ping_status":"open","sticky":false,"template":"","format":"standard","meta":{"footnotes":""},"categories":[2],"tags":[509,157],"class_list":["post-4042","post","type-post","status-publish","format-standard","has-post-thumbnail","hentry","category-uncategorized-ca","tag-josep-torello","tag-musica"],"aioseo_notices":[],"_links":{"self":[{"href":"https:\/\/www.citm.upc.edu\/blog\/wp-json\/wp\/v2\/posts\/4042","targetHints":{"allow":["GET"]}}],"collection":[{"href":"https:\/\/www.citm.upc.edu\/blog\/wp-json\/wp\/v2\/posts"}],"about":[{"href":"https:\/\/www.citm.upc.edu\/blog\/wp-json\/wp\/v2\/types\/post"}],"author":[{"embeddable":true,"href":"https:\/\/www.citm.upc.edu\/blog\/wp-json\/wp\/v2\/users\/2"}],"replies":[{"embeddable":true,"href":"https:\/\/www.citm.upc.edu\/blog\/wp-json\/wp\/v2\/comments?post=4042"}],"version-history":[{"count":4,"href":"https:\/\/www.citm.upc.edu\/blog\/wp-json\/wp\/v2\/posts\/4042\/revisions"}],"predecessor-version":[{"id":4050,"href":"https:\/\/www.citm.upc.edu\/blog\/wp-json\/wp\/v2\/posts\/4042\/revisions\/4050"}],"wp:featuredmedia":[{"embeddable":true,"href":"https:\/\/www.citm.upc.edu\/blog\/wp-json\/wp\/v2\/media\/4049"}],"wp:attachment":[{"href":"https:\/\/www.citm.upc.edu\/blog\/wp-json\/wp\/v2\/media?parent=4042"}],"wp:term":[{"taxonomy":"category","embeddable":true,"href":"https:\/\/www.citm.upc.edu\/blog\/wp-json\/wp\/v2\/categories?post=4042"},{"taxonomy":"post_tag","embeddable":true,"href":"https:\/\/www.citm.upc.edu\/blog\/wp-json\/wp\/v2\/tags?post=4042"}],"curies":[{"name":"wp","href":"https:\/\/api.w.org\/{rel}","templated":true}]}}