{"id":4107,"date":"2020-03-24T09:52:17","date_gmt":"2020-03-24T08:52:17","guid":{"rendered":"https:\/\/www.citm.upc.edu\/blog\/?p=4107"},"modified":"2020-03-24T10:08:32","modified_gmt":"2020-03-24T09:08:32","slug":"champan-para-todos-el-documental-de-la-professora-lola-lapaz-arriba-a-filmin","status":"publish","type":"post","link":"https:\/\/www.citm.upc.edu\/blog\/champan-para-todos-el-documental-de-la-professora-lola-lapaz-arriba-a-filmin\/?lang=ca","title":{"rendered":"&#8216;Champ\u00e1n para todos&#8217;, el documental de la professora Lola Lapaz, arriba a Filmin"},"content":{"rendered":"<p>\u2018Champ\u00e1n para todos\u2019, el documental musical que ha dirigit Lola Lapaz, professora de gui\u00f3 i narrativa audiovisual del CITM, arriba a la plataforma Filmin, on est\u00e0 disponible des d\u2019aquest mes de mar\u00e7. El projecte est\u00e0 centrat en la figura de <strong>Sergio Algora<\/strong> (1969-2008), m\u00fasic i escriptor aragon\u00e8s que va formar part dels grups El Ni\u00f1o Gusano, Muy Poca Gente i La Costa Brava.<!--more--><\/p>\n<p><a href=\"https:\/\/www.citm.upc.edu\/blog\/wp-content\/uploads\/2018\/04\/SergioAlgora.jpg\" target=\"_blank\" rel=\"noopener\"><img loading=\"lazy\" decoding=\"async\" class=\"alignleft wp-image-3381 size-medium\" src=\"https:\/\/www.citm.upc.edu\/blog\/wp-content\/uploads\/2018\/04\/SergioAlgora-300x292.jpg\" alt=\"SergioAlgora\" width=\"300\" height=\"292\" srcset=\"https:\/\/www.citm.upc.edu\/blog\/wp-content\/uploads\/2018\/04\/SergioAlgora-300x292.jpg 300w, https:\/\/www.citm.upc.edu\/blog\/wp-content\/uploads\/2018\/04\/SergioAlgora-308x300.jpg 308w, https:\/\/www.citm.upc.edu\/blog\/wp-content\/uploads\/2018\/04\/SergioAlgora.jpg 446w\" sizes=\"auto, (max-width: 300px) 100vw, 300px\" \/><\/a>Aquest document aspira a ser el just i merescut <strong>reconeixement a un pioner de la m\u00fasica alternativa<\/strong>, un avantguardista genial que va barrejar la vida i l\u2019art amb una mirada irrepetible i amb un talent \u00fanic. El documental pret\u00e9n recollir i compartir el llegat de tota la seva traject\u00f2ria vital i art\u00edstica.<\/p>\n<p>Al documental s\u00f3n molts els qui recorden i reivindiquen la seva figura. Des dels m\u00fasics que reconeixen la seva influ\u00e8ncia (Nacho Vegas, Amaral) fins diversos periodistes musicals (Julio Ruiz, Jes\u00fas Ordov\u00e1s), passant pels seus companys de banda (Fran Nixon, Sergio Vinad\u00e9).<\/p>\n<p>El film es va estrenar a Contempor\u00e0nia, el Festival de l\u2019Escena Indie d&#8217;Alburquerque i Badajoz, el 20 de juliol de 2018, coincidint amb el d\u00e8cim aniversari de la mort de l\u2019artista. El documental tamb\u00e9 es va presentar al Festival de l\u2019Audiovisual Catal\u00e0, realitzat a Lleida entre el 22 i el 27 d\u2019octubre de 2019.<\/p>\n<p><a href=\"https:\/\/www.filmin.es\/pelicula\/champan-para-todos\" target=\"_blank\" rel=\"noopener\"><strong>&#8216;Champ\u00e1n para todos&#8217; a Filmin<\/strong><\/a><\/p>\n","protected":false},"excerpt":{"rendered":"<p>\u2018Champ\u00e1n para todos\u2019, el documental musical que ha dirigit Lola Lapaz, professora de gui\u00f3 i narrativa audiovisual del CITM, arriba a la plataforma Filmin, on est\u00e0 disponible des d\u2019aquest mes de mar\u00e7. El projecte est\u00e0 centrat en la figura de Sergio Algora (1969-2008), m\u00fasic i escriptor aragon\u00e8s que va formar part dels grups El Ni\u00f1o &#8230; <a title=\"&#8216;Champ\u00e1n para todos&#8217;, el documental de la professora Lola Lapaz, arriba a Filmin\" class=\"read-more\" href=\"https:\/\/www.citm.upc.edu\/blog\/champan-para-todos-el-documental-de-la-professora-lola-lapaz-arriba-a-filmin\/?lang=ca\" aria-label=\"Read more about &#8216;Champ\u00e1n para todos&#8217;, el documental de la professora Lola Lapaz, arriba a Filmin\">Leer m\u00e1s<\/a><\/p>\n","protected":false},"author":2,"featured_media":4108,"comment_status":"open","ping_status":"open","sticky":false,"template":"","format":"standard","meta":{"footnotes":""},"categories":[104],"tags":[464,405,513],"class_list":["post-4107","post","type-post","status-publish","format-standard","has-post-thumbnail","hentry","category-institucional","tag-documental-musical","tag-projectes-audiovisuals","tag-projectes-professorat"],"aioseo_notices":[],"_links":{"self":[{"href":"https:\/\/www.citm.upc.edu\/blog\/wp-json\/wp\/v2\/posts\/4107","targetHints":{"allow":["GET"]}}],"collection":[{"href":"https:\/\/www.citm.upc.edu\/blog\/wp-json\/wp\/v2\/posts"}],"about":[{"href":"https:\/\/www.citm.upc.edu\/blog\/wp-json\/wp\/v2\/types\/post"}],"author":[{"embeddable":true,"href":"https:\/\/www.citm.upc.edu\/blog\/wp-json\/wp\/v2\/users\/2"}],"replies":[{"embeddable":true,"href":"https:\/\/www.citm.upc.edu\/blog\/wp-json\/wp\/v2\/comments?post=4107"}],"version-history":[{"count":2,"href":"https:\/\/www.citm.upc.edu\/blog\/wp-json\/wp\/v2\/posts\/4107\/revisions"}],"predecessor-version":[{"id":4113,"href":"https:\/\/www.citm.upc.edu\/blog\/wp-json\/wp\/v2\/posts\/4107\/revisions\/4113"}],"wp:featuredmedia":[{"embeddable":true,"href":"https:\/\/www.citm.upc.edu\/blog\/wp-json\/wp\/v2\/media\/4108"}],"wp:attachment":[{"href":"https:\/\/www.citm.upc.edu\/blog\/wp-json\/wp\/v2\/media?parent=4107"}],"wp:term":[{"taxonomy":"category","embeddable":true,"href":"https:\/\/www.citm.upc.edu\/blog\/wp-json\/wp\/v2\/categories?post=4107"},{"taxonomy":"post_tag","embeddable":true,"href":"https:\/\/www.citm.upc.edu\/blog\/wp-json\/wp\/v2\/tags?post=4107"}],"curies":[{"name":"wp","href":"https:\/\/api.w.org\/{rel}","templated":true}]}}