{"id":4213,"date":"2020-06-17T16:32:04","date_gmt":"2020-06-17T14:32:04","guid":{"rendered":"https:\/\/www.citm.upc.edu\/blog\/?p=4213"},"modified":"2020-07-30T08:59:49","modified_gmt":"2020-07-30T06:59:49","slug":"el-citm-organiza-un-ciclo-de-dialogos-sobre-el-antes-y-el-despues-de-las-industrias-digitales-en-confinamiento","status":"publish","type":"post","link":"https:\/\/www.citm.upc.edu\/blog\/el-citm-organiza-un-ciclo-de-dialogos-sobre-el-antes-y-el-despues-de-las-industrias-digitales-en-confinamiento\/","title":{"rendered":"El CITM ha organizado un ciclo de di\u00e1logos sobre el antes y el despu\u00e9s de las industrias digitales en confinamiento"},"content":{"rendered":"<p>El Centro de la Imagen y la Tecnolog\u00eda Multimedia, con el apoyo del Institut Catal\u00e0 de les Empreses Culturals de la Generalitat de Catalunya y el Ayuntamiento de Terrassa, ha puesto en marcha un ciclo de di\u00e1logos abiertos para analizar c\u00f3mo est\u00e1n funcionando en periodo de confinamiento las empresas de creaci\u00f3n digital y qu\u00e9 retos y transformaciones de futuro ha generado esta emergencia.<!--more--><\/p>\n<p><a href=\"https:\/\/www.citm.upc.edu\/blog\/wp-content\/uploads\/2020\/05\/Cartell_Cicle.png\"><img loading=\"lazy\" decoding=\"async\" class=\"alignleft wp-image-4221\" src=\"https:\/\/www.citm.upc.edu\/blog\/wp-content\/uploads\/2020\/05\/Cartell_Cicle-251x300.png\" alt=\"\" width=\"202\" height=\"250\" \/><\/a>Estos encuentros virtuales ten\u00edan un formato de <strong>entrevista<\/strong> entre un profesor\/a del CITM y un profesional referente del sector de las industrias digitales. Las sesiones, de una hora aproximada de duraci\u00f3n, han generado un espacio de<strong> reflexi\u00f3n en torno al impacto de la pandemia en el sector digital<\/strong>, las transformaciones que ha generado en sus metodolog\u00edas y din\u00e1micas de trabajo, as\u00ed como las nuevas formas de consumo que ha incentivado, en \u00e1mbitos como los videojuegos, la animaci\u00f3n o el audiovisual y las empresas culturales.<\/p>\n<p>Estas han sido las 3 <strong>sesiones del ciclo:<\/strong><\/p>\n<p>&nbsp;<\/p>\n<ul>\n<li><strong>CONFINAMIENTO GLOBAL, APRENDIZAJES DIGITALES<\/strong><\/li>\n<\/ul>\n<p><em>Mi\u00e9rcoles 20 de mayo &#8211; 17 h &#8211; En l\u00ednea<br \/>\n<\/em><\/p>\n<p><a href=\"https:\/\/www.citm.upc.edu\/blog\/wp-content\/uploads\/2020\/05\/1aSesion.jpg\" target=\"_blank\" rel=\"noopener noreferrer\"><img loading=\"lazy\" decoding=\"async\" class=\"alignleft wp-image-4215 size-medium\" src=\"https:\/\/www.citm.upc.edu\/blog\/wp-content\/uploads\/2020\/05\/1aSesion-300x168.jpg\" alt=\"\" width=\"300\" height=\"168\" srcset=\"https:\/\/www.citm.upc.edu\/blog\/wp-content\/uploads\/2020\/05\/1aSesion-300x168.jpg 300w, https:\/\/www.citm.upc.edu\/blog\/wp-content\/uploads\/2020\/05\/1aSesion.jpg 500w\" sizes=\"auto, (max-width: 300px) 100vw, 300px\" \/><\/a>En esta primera sesi\u00f3n, el profesional invitado fue <strong>Gen\u00eds Roca<\/strong>, socio fundador de Roca Salvatella. Empresario y especialista en cultura digital y procesos de transformaci\u00f3n en Internet. Miembro de juntas y consejos asesores, tanto de la administraci\u00f3n, el tercer sector como del \u00e1mbito privado. Docente en universidades y escuelas de negocio y colaborador habitual en medios de comunicaci\u00f3n. Elegido en 2013 y 2014 por el diario El Mundo como uno de los 25 espa\u00f1oles m\u00e1s influyentes en Internet. Fue entrevistado por <strong>Vanessa Estorach<\/strong>, consultora en estrategias digitales y especialista en tecnolog\u00edas m\u00f3viles. Cofundadora de Women in Mobile, premio Dona TIC 2015 y Top 30 Tech Influencers en Barcelona. Profesora de transformaci\u00f3n digital en los grados del CITM.<\/p>\n<p><strong>V\u00cdDEO: <\/strong><strong><a href=\"https:\/\/vimeo.com\/425177221\" target=\"_blank\" rel=\"noopener noreferrer\"><img loading=\"lazy\" decoding=\"async\" class=\"alignleft wp-image-4287 size-full\" src=\"https:\/\/www.citm.upc.edu\/blog\/wp-content\/uploads\/2020\/05\/DialegObert1.png\" alt=\"\" width=\"972\" height=\"539\" srcset=\"https:\/\/www.citm.upc.edu\/blog\/wp-content\/uploads\/2020\/05\/DialegObert1.png 972w, https:\/\/www.citm.upc.edu\/blog\/wp-content\/uploads\/2020\/05\/DialegObert1-300x166.png 300w, https:\/\/www.citm.upc.edu\/blog\/wp-content\/uploads\/2020\/05\/DialegObert1-768x426.png 768w, https:\/\/www.citm.upc.edu\/blog\/wp-content\/uploads\/2020\/05\/DialegObert1-500x277.png 500w\" sizes=\"auto, (max-width: 972px) 100vw, 972px\" \/><\/a><\/strong><\/p>\n<ul>\n<li><strong>ARTE Y DESARROLLO DE VIDEOJUEGOS EN TIEMPO DE CONFINAMIENTO<br \/>\n<\/strong><\/li>\n<\/ul>\n<p><em>Mi\u00e9rcoles 27 de mayo &#8211; 17 h &#8211; En l\u00ednea<br \/>\n<\/em><\/p>\n<p><a href=\"https:\/\/www.citm.upc.edu\/blog\/wp-content\/uploads\/2020\/05\/MarcMarti_JesusAlonso.jpg\" target=\"_blank\" rel=\"noopener noreferrer\"><img loading=\"lazy\" decoding=\"async\" class=\"alignleft wp-image-4226 size-medium\" src=\"https:\/\/www.citm.upc.edu\/blog\/wp-content\/uploads\/2020\/05\/MarcMarti_JesusAlonso-300x168.jpg\" alt=\"\" width=\"300\" height=\"168\" srcset=\"https:\/\/www.citm.upc.edu\/blog\/wp-content\/uploads\/2020\/05\/MarcMarti_JesusAlonso-300x168.jpg 300w, https:\/\/www.citm.upc.edu\/blog\/wp-content\/uploads\/2020\/05\/MarcMarti_JesusAlonso.jpg 500w\" sizes=\"auto, (max-width: 300px) 100vw, 300px\" \/><\/a>En esta ocasi\u00f3n, el profesional invitado fue <strong>Marc Mart\u00ed<\/strong>, director de Arte en Social Point, empresa referente en el \u00e1mbito de los videojuegos en Barcelona, \u200b\u200ben la que tambi\u00e9n ha ocupado el cargo de 3D Technical Manager &amp; Art Director en los \u00faltimos cuatro a\u00f1os. Graduado en Multimedia, tambi\u00e9n ha trabajado para Gameloft como Lead 3D Environment Artist. Convers\u00f3 sobre el desarrollo de videojuegos en tiempo de confinamiento con <strong>Jes\u00fas Alonso<\/strong>, profesor del CITM y de la FIB y doctorando del Departamento de Ciencias de la Computaci\u00f3n de la UPC. Fue impulsor del grado en Dise\u00f1o y Desarrollo de Videojuegos del CITM y es director acad\u00e9mico del m\u00e1ster en Advanced Programming for AAA Video Games y del m\u00e1ster en Animation &amp; Digital Arts for AAA Video Games de la UPC School.<\/p>\n<p><strong>V\u00cdDEO: <\/strong><a href=\"https:\/\/vimeo.com\/426151241\" target=\"_blank\" rel=\"noopener noreferrer\"><img loading=\"lazy\" decoding=\"async\" class=\"alignleft wp-image-4303 size-full\" src=\"https:\/\/www.citm.upc.edu\/blog\/wp-content\/uploads\/2020\/05\/DialegVJ.png\" alt=\"\" width=\"964\" height=\"539\" srcset=\"https:\/\/www.citm.upc.edu\/blog\/wp-content\/uploads\/2020\/05\/DialegVJ.png 964w, https:\/\/www.citm.upc.edu\/blog\/wp-content\/uploads\/2020\/05\/DialegVJ-300x168.png 300w, https:\/\/www.citm.upc.edu\/blog\/wp-content\/uploads\/2020\/05\/DialegVJ-768x429.png 768w, https:\/\/www.citm.upc.edu\/blog\/wp-content\/uploads\/2020\/05\/DialegVJ-500x280.png 500w\" sizes=\"auto, (max-width: 964px) 100vw, 964px\" \/><\/a><\/p>\n<ul>\n<li><strong>EFECTOS DEL CONFINAMIENTO EN LOS ESTUDIOS DE ANIMACI\u00d3N Y VFX<\/strong><\/li>\n<\/ul>\n<p><em>Mi\u00e9rcoles 3 de Junio \u200b\u200b- 17 h &#8211; En l\u00ednea<br \/>\n<\/em><\/p>\n<p><a href=\"https:\/\/www.citm.upc.edu\/blog\/wp-content\/uploads\/2020\/05\/Balbas_Maria.jpg\" target=\"_blank\" rel=\"noopener noreferrer\"><img loading=\"lazy\" decoding=\"async\" class=\"alignleft wp-image-4231 size-medium\" src=\"https:\/\/www.citm.upc.edu\/blog\/wp-content\/uploads\/2020\/05\/Balbas_Maria-300x168.jpg\" alt=\"\" width=\"300\" height=\"168\" srcset=\"https:\/\/www.citm.upc.edu\/blog\/wp-content\/uploads\/2020\/05\/Balbas_Maria-300x168.jpg 300w, https:\/\/www.citm.upc.edu\/blog\/wp-content\/uploads\/2020\/05\/Balbas_Maria.jpg 500w\" sizes=\"auto, (max-width: 300px) 100vw, 300px\" \/><\/a>Cerr\u00f3 el ciclo de di\u00e1logos abiertos del CITM <strong>F\u00e8lix Balbas<\/strong>, especialista mundial en animaci\u00f3n 3D y visual effects (VFX). Ha trabajado para grandes superproducciones internacionales de cine como Harry Potter, El Se\u00f1or de los Anillos o Avatar, entre otros, y es el director del festival B&#8217;art, feria profesional de arte digital y VFX de Barcelona. Fue entrevistado por <strong>Mar\u00eda Gonz\u00e1lez<\/strong>, directora de fotograf\u00eda y experta en publicidad y comunicaci\u00f3n audiovisual. Es profesora de comunicaci\u00f3n audiovisual en los grados del CITM.<\/p>\n<p>En esta sesi\u00f3n, conversaron sobre los procesos de postproducci\u00f3n digital que pueden realizarse fuera de plat\u00f3 y c\u00f3mo las empresas de producci\u00f3n de efectos digitales y animaci\u00f3n est\u00e1n modificando el desarrollo de sus proyectos.<\/p>\n<p><strong>V\u00cdDEO: <\/strong><a href=\"https:\/\/vimeo.com\/427056098\" target=\"_blank\" rel=\"noopener noreferrer\"><img loading=\"lazy\" decoding=\"async\" class=\"alignleft wp-image-4307 size-full\" src=\"https:\/\/www.citm.upc.edu\/blog\/wp-content\/uploads\/2020\/05\/VideoAnimacioVFX.png\" alt=\"\" width=\"968\" height=\"539\" srcset=\"https:\/\/www.citm.upc.edu\/blog\/wp-content\/uploads\/2020\/05\/VideoAnimacioVFX.png 968w, https:\/\/www.citm.upc.edu\/blog\/wp-content\/uploads\/2020\/05\/VideoAnimacioVFX-300x167.png 300w, https:\/\/www.citm.upc.edu\/blog\/wp-content\/uploads\/2020\/05\/VideoAnimacioVFX-768x428.png 768w, https:\/\/www.citm.upc.edu\/blog\/wp-content\/uploads\/2020\/05\/VideoAnimacioVFX-500x278.png 500w\" sizes=\"auto, (max-width: 968px) 100vw, 968px\" \/><\/a><\/p>\n<p><strong>Con la colaboraci\u00f3n de:<\/strong><\/p>\n<p><a href=\"https:\/\/www.citm.upc.edu\/blog\/wp-content\/uploads\/2020\/05\/icec_logo.jpg\"><img loading=\"lazy\" decoding=\"async\" class=\"alignleft size-medium wp-image-4202\" src=\"https:\/\/www.citm.upc.edu\/blog\/wp-content\/uploads\/2020\/05\/icec_logo-300x61.jpg\" alt=\"\" width=\"300\" height=\"61\" srcset=\"https:\/\/www.citm.upc.edu\/blog\/wp-content\/uploads\/2020\/05\/icec_logo-300x61.jpg 300w, https:\/\/www.citm.upc.edu\/blog\/wp-content\/uploads\/2020\/05\/icec_logo-500x102.jpg 500w, https:\/\/www.citm.upc.edu\/blog\/wp-content\/uploads\/2020\/05\/icec_logo.jpg 512w\" sizes=\"auto, (max-width: 300px) 100vw, 300px\" \/><\/a><\/p>\n<p>&nbsp;<\/p>\n<p><a href=\"https:\/\/www.citm.upc.edu\/blog\/wp-content\/uploads\/2020\/05\/ajuntament_terrassa.png\"><img loading=\"lazy\" decoding=\"async\" class=\"alignleft size-medium wp-image-4203\" src=\"https:\/\/www.citm.upc.edu\/blog\/wp-content\/uploads\/2020\/05\/ajuntament_terrassa-300x57.png\" alt=\"\" width=\"300\" height=\"57\" srcset=\"https:\/\/www.citm.upc.edu\/blog\/wp-content\/uploads\/2020\/05\/ajuntament_terrassa-300x57.png 300w, https:\/\/www.citm.upc.edu\/blog\/wp-content\/uploads\/2020\/05\/ajuntament_terrassa-768x146.png 768w, https:\/\/www.citm.upc.edu\/blog\/wp-content\/uploads\/2020\/05\/ajuntament_terrassa-500x95.png 500w, https:\/\/www.citm.upc.edu\/blog\/wp-content\/uploads\/2020\/05\/ajuntament_terrassa.png 1024w\" sizes=\"auto, (max-width: 300px) 100vw, 300px\" \/><\/a><\/p>\n","protected":false},"excerpt":{"rendered":"<p>El Centro de la Imagen y la Tecnolog\u00eda Multimedia, con el apoyo del Institut Catal\u00e0 de les Empreses Culturals de la Generalitat de Catalunya y el Ayuntamiento de Terrassa, ha puesto en marcha un ciclo de di\u00e1logos abiertos para analizar c\u00f3mo est\u00e1n funcionando en periodo de confinamiento las empresas de creaci\u00f3n digital y qu\u00e9 retos &#8230; <a title=\"El CITM ha organizado un ciclo de di\u00e1logos sobre el antes y el despu\u00e9s de las industrias digitales en confinamiento\" class=\"read-more\" href=\"https:\/\/www.citm.upc.edu\/blog\/el-citm-organiza-un-ciclo-de-dialogos-sobre-el-antes-y-el-despues-de-las-industrias-digitales-en-confinamiento\/\" aria-label=\"Read more about El CITM ha organizado un ciclo de di\u00e1logos sobre el antes y el despu\u00e9s de las industrias digitales en confinamiento\">Leer m\u00e1s<\/a><\/p>\n","protected":false},"author":2,"featured_media":4205,"comment_status":"closed","ping_status":"closed","sticky":false,"template":"","format":"standard","meta":{"footnotes":""},"categories":[23,108,17,19],"tags":[250,535,528,31],"class_list":["post-4213","post","type-post","status-publish","format-standard","has-post-thumbnail","hentry","category-animacion-digital","category-institucional-2","category-multimedia-2","category-videojuegos","tag-animacion","tag-confinamiento","tag-cultura-digital","tag-videojuegos-2"],"aioseo_notices":[],"_links":{"self":[{"href":"https:\/\/www.citm.upc.edu\/blog\/wp-json\/wp\/v2\/posts\/4213","targetHints":{"allow":["GET"]}}],"collection":[{"href":"https:\/\/www.citm.upc.edu\/blog\/wp-json\/wp\/v2\/posts"}],"about":[{"href":"https:\/\/www.citm.upc.edu\/blog\/wp-json\/wp\/v2\/types\/post"}],"author":[{"embeddable":true,"href":"https:\/\/www.citm.upc.edu\/blog\/wp-json\/wp\/v2\/users\/2"}],"replies":[{"embeddable":true,"href":"https:\/\/www.citm.upc.edu\/blog\/wp-json\/wp\/v2\/comments?post=4213"}],"version-history":[{"count":20,"href":"https:\/\/www.citm.upc.edu\/blog\/wp-json\/wp\/v2\/posts\/4213\/revisions"}],"predecessor-version":[{"id":4308,"href":"https:\/\/www.citm.upc.edu\/blog\/wp-json\/wp\/v2\/posts\/4213\/revisions\/4308"}],"wp:featuredmedia":[{"embeddable":true,"href":"https:\/\/www.citm.upc.edu\/blog\/wp-json\/wp\/v2\/media\/4205"}],"wp:attachment":[{"href":"https:\/\/www.citm.upc.edu\/blog\/wp-json\/wp\/v2\/media?parent=4213"}],"wp:term":[{"taxonomy":"category","embeddable":true,"href":"https:\/\/www.citm.upc.edu\/blog\/wp-json\/wp\/v2\/categories?post=4213"},{"taxonomy":"post_tag","embeddable":true,"href":"https:\/\/www.citm.upc.edu\/blog\/wp-json\/wp\/v2\/tags?post=4213"}],"curies":[{"name":"wp","href":"https:\/\/api.w.org\/{rel}","templated":true}]}}