{"id":4313,"date":"2020-06-17T12:20:50","date_gmt":"2020-06-17T10:20:50","guid":{"rendered":"https:\/\/www.citm.upc.edu\/blog\/?p=4313"},"modified":"2022-04-25T13:37:06","modified_gmt":"2022-04-25T11:37:06","slug":"el-citm-impulsa-un-seminari-de-recerca","status":"publish","type":"post","link":"https:\/\/www.citm.upc.edu\/blog\/el-citm-impulsa-un-seminari-de-recerca\/?lang=ca","title":{"rendered":"Seminari de Recerca CITM"},"content":{"rendered":"<p>El pr\u00f2xim dijous <strong>25 de juny, a les 10h<\/strong> i de manera virtual, tindr\u00e0 lloc un <strong>seminari de recerca CITM<\/strong>. Aquesta trobada vol ser un espai on professors i investigadors exposin projectes de recerca a la resta de comunitat docent i investigadora del Centre.<!--more--><\/p>\n<p><a href=\"https:\/\/www.citm.upc.edu\/blog\/wp-content\/uploads\/2020\/06\/NarrativaImmersiva.jpg\" target=\"_blank\" rel=\"noopener noreferrer\"><img loading=\"lazy\" decoding=\"async\" class=\"alignleft wp-image-4323 size-medium\" src=\"https:\/\/www.citm.upc.edu\/blog\/wp-content\/uploads\/2020\/06\/NarrativaImmersiva-300x169.jpg\" alt=\"\" width=\"300\" height=\"169\" srcset=\"https:\/\/www.citm.upc.edu\/blog\/wp-content\/uploads\/2020\/06\/NarrativaImmersiva-300x169.jpg 300w, https:\/\/www.citm.upc.edu\/blog\/wp-content\/uploads\/2020\/06\/NarrativaImmersiva-768x432.jpg 768w, https:\/\/www.citm.upc.edu\/blog\/wp-content\/uploads\/2020\/06\/NarrativaImmersiva-500x281.jpg 500w, https:\/\/www.citm.upc.edu\/blog\/wp-content\/uploads\/2020\/06\/NarrativaImmersiva.jpg 980w\" sizes=\"auto, (max-width: 300px) 100vw, 300px\" \/><\/a>L&#8217;objectiu del seminari \u00e9s compartir coneixement i experi\u00e8ncies \u00fatils sobre el desenvolupament de les seves recerques, doctorals o postdoctorals i, alhora, que la comunitat docent i investigadora del CITM conegui el treball que altres companys estan portant a terme entorn de tem\u00e0tiques d&#8217;inter\u00e8s general pel CITM.<\/p>\n<p>El programa del seminari del pr\u00f2xim 25 de juny \u00e9s el seg\u00fcent:<\/p>\n<ul>\n<li><strong><em>Narrativas inmersivas en parques tem\u00e1ticos<\/em> d&#8217;Elisabet Fonts<\/strong>, doctorant del Departament de Ci\u00e8ncies i Tecnologia de la UVic. Direcci\u00f3: Jaume Duran.<\/li>\n<li><strong>Participaci\u00f3 del CITM en un projecte H2020<\/strong>, a c\u00e0rrec de Josep Torell\u00f3.<\/li>\n<li><strong><em>Las posibilidades expresivas del cine inmersivo<\/em> de Jos\u00e9 M. Cabello<\/strong>, doctorand del Departament de Comunicaci\u00f3 de la UPF. Direcci\u00f3: Carles Sora.<\/li>\n<\/ul>\n<p>Us hi esperem!<\/p>\n","protected":false},"excerpt":{"rendered":"<p>El pr\u00f2xim dijous 25 de juny, a les 10h i de manera virtual, tindr\u00e0 lloc un seminari de recerca CITM. Aquesta trobada vol ser un espai on professors i investigadors exposin projectes de recerca a la resta de comunitat docent i investigadora del Centre.<\/p>\n","protected":false},"author":2,"featured_media":4323,"comment_status":"closed","ping_status":"closed","sticky":false,"template":"","format":"standard","meta":{"footnotes":""},"categories":[104,815],"tags":[207,540],"class_list":["post-4313","post","type-post","status-publish","format-standard","has-post-thumbnail","hentry","category-institucional","category-recerca","tag-professorat-citm","tag-projectes-de-recerca"],"aioseo_notices":[],"_links":{"self":[{"href":"https:\/\/www.citm.upc.edu\/blog\/wp-json\/wp\/v2\/posts\/4313","targetHints":{"allow":["GET"]}}],"collection":[{"href":"https:\/\/www.citm.upc.edu\/blog\/wp-json\/wp\/v2\/posts"}],"about":[{"href":"https:\/\/www.citm.upc.edu\/blog\/wp-json\/wp\/v2\/types\/post"}],"author":[{"embeddable":true,"href":"https:\/\/www.citm.upc.edu\/blog\/wp-json\/wp\/v2\/users\/2"}],"replies":[{"embeddable":true,"href":"https:\/\/www.citm.upc.edu\/blog\/wp-json\/wp\/v2\/comments?post=4313"}],"version-history":[{"count":8,"href":"https:\/\/www.citm.upc.edu\/blog\/wp-json\/wp\/v2\/posts\/4313\/revisions"}],"predecessor-version":[{"id":6241,"href":"https:\/\/www.citm.upc.edu\/blog\/wp-json\/wp\/v2\/posts\/4313\/revisions\/6241"}],"wp:featuredmedia":[{"embeddable":true,"href":"https:\/\/www.citm.upc.edu\/blog\/wp-json\/wp\/v2\/media\/4323"}],"wp:attachment":[{"href":"https:\/\/www.citm.upc.edu\/blog\/wp-json\/wp\/v2\/media?parent=4313"}],"wp:term":[{"taxonomy":"category","embeddable":true,"href":"https:\/\/www.citm.upc.edu\/blog\/wp-json\/wp\/v2\/categories?post=4313"},{"taxonomy":"post_tag","embeddable":true,"href":"https:\/\/www.citm.upc.edu\/blog\/wp-json\/wp\/v2\/tags?post=4313"}],"curies":[{"name":"wp","href":"https:\/\/api.w.org\/{rel}","templated":true}]}}