{"id":4334,"date":"2020-06-22T11:40:31","date_gmt":"2020-06-22T09:40:31","guid":{"rendered":"https:\/\/www.citm.upc.edu\/blog\/?p=4334"},"modified":"2020-07-20T12:10:25","modified_gmt":"2020-07-20T10:10:25","slug":"lab-creativitat-360-presenta-en-remot-els-seus-projectes-finals","status":"publish","type":"post","link":"https:\/\/www.citm.upc.edu\/blog\/lab-creativitat-360-presenta-en-remot-els-seus-projectes-finals\/?lang=ca","title":{"rendered":"&#8216;Lab Creativitat 360&#8217; presenta en remot els seus projectes finals"},"content":{"rendered":"<p>Els primers projectes desenvolupats al Laboratori de Creativitat 360 posat en marxa pel Centre de la Imatge i la Tecnologia Multim\u00e8dia (CITM), Telef\u00f3nica i el Parc Audiovisual de Catalunya han estat presentats pels estudiants als seus tutors i mentors en una reuni\u00f3 telem\u00e0tica.<!--more--><\/p>\n<p><a href=\"https:\/\/www.citm.upc.edu\/blog\/wp-content\/uploads\/2019\/05\/ComposicioVirtual.jpg\" target=\"_blank\" rel=\"noopener noreferrer\"><img loading=\"lazy\" decoding=\"async\" class=\"alignleft wp-image-3790 size-medium\" src=\"https:\/\/www.citm.upc.edu\/blog\/wp-content\/uploads\/2019\/05\/ComposicioVirtual-300x169.jpg\" alt=\"Composici\u00f3 Virtual\" width=\"300\" height=\"169\" srcset=\"https:\/\/www.citm.upc.edu\/blog\/wp-content\/uploads\/2019\/05\/ComposicioVirtual-300x169.jpg 300w, https:\/\/www.citm.upc.edu\/blog\/wp-content\/uploads\/2019\/05\/ComposicioVirtual-768x432.jpg 768w, https:\/\/www.citm.upc.edu\/blog\/wp-content\/uploads\/2019\/05\/ComposicioVirtual-1024x576.jpg 1024w, https:\/\/www.citm.upc.edu\/blog\/wp-content\/uploads\/2019\/05\/ComposicioVirtual-500x281.jpg 500w\" sizes=\"auto, (max-width: 300px) 100vw, 300px\" \/><\/a>L&#8217;objectiu d&#8217;aquest laboratori, emmarcat com una assignatura de tercer i quart curs dels graus en Multim\u00e8dia; Disseny i Desenvolupament de Videojocs; i Disseny, Animaci\u00f3 i Art Digital del CITM-UPC, \u00e9s que l&#8217;estudiantat universitari i les empreses puguin investigar conjuntament en el camp audiovisual i generar idees al voltant de les noves formes de veure la televisi\u00f3 que permetran tecnologies com les c\u00e0meres de gravaci\u00f3 360\u00ba.<\/p>\n<p>Durant la presentaci\u00f3 d&#8217;aquests quatre primers projectes, s&#8217;han avaluat la fase d&#8217;ideaci\u00f3 i creativitat, l&#8217;equip, la innovaci\u00f3 i diferenciaci\u00f3 de la proposta, aix\u00ed com el desenvolupament del projecte i la presentaci\u00f3 final.<\/p>\n<p><strong><u>Els quatre projectes<\/u><\/strong><\/p>\n<p>El primer projecte <em><strong>Qui soc?<\/strong><\/em> es tracta d&#8217;un curt en 360 amb argument thriller centrat en un segrest. La trama avan\u00e7a de forma intu\u00eftiva gr\u00e0cies a les potencialitats de la tecnologia de fer sentir a l&#8217;usuari com a protagonista del curt. S&#8217;introdueix aix\u00ed el concepte \u00abVirtual Real Reality\u00bb, que fa que l&#8217;usuari pugui prendre decisions mentre s&#8217;estableix un grau d&#8217;immersi\u00f3 en la hist\u00f2ria \u00fanic.<\/p>\n<p>En segon lloc,<strong><em> Lango<\/em>,<\/strong> acad\u00e8mia d&#8217;idiomes, un projecte que aprofita les capacitats immersives de la tecnologia 360 per facilitar l&#8217;aprenentatge d&#8217;idiomes. S&#8217;habiliten entorns habituals en el dia a dia on es presenten tasques i missions que es resolen utilitzant la veu i interactuant amb els personatges en un escenari virtual.<\/p>\n<p>En tercer lloc, <em><strong>MERCAPP,<\/strong><\/em> un projecte de botiga en realitat virtual, que aplica la tecnologia v\u00eddeo 360 amb l&#8217;objectiu de fer m\u00e9s real i natural l&#8217;experi\u00e8ncia de compra. Es tracta que el client pugui moure&#8217;s per la botiga o fins i tot un centre comercial com si realment estigu\u00e9s all\u00e0.<\/p>\n<p>I, finalment, <strong><em>MoviBOX<\/em> d&#8217;eSports en <em>streaming<\/em><\/strong>, en el qual s&#8217;aplica el v\u00eddeo 360 de manera integral en l&#8217;avantsala d&#8217;un esdeveniment esportiu, la qual cosa permet a l&#8217;usuari consultar diferent informaci\u00f3 relacionada amb l&#8217;esdeveniment esportiu: partits anteriors, estad\u00edstiques, jugadors, esdeveniments relacionats, etc.<\/p>\n<p>Els estudiants que avui han presentat les seves propostes tindran l&#8217;<strong>oportunitat de visitar Movistar+<\/strong>, on acompanyats per l&#8217;equip t\u00e8cnic coneixeran des de dins com es desenvolupen i posen en marxa els programes de televisi\u00f3. A m\u00e9s, visitaran <strong>Wayra<\/strong>, el <em>hub<\/em> d&#8217;innovaci\u00f3 oberta de Telef\u00f3nica a Barcelona, \u200b\u200bon descobriran com es desenvolupen els projectes d&#8217;emprenedoria i coneixeran de primera m\u00e0 l&#8217;experi\u00e8ncia dels emprenedors que desenvolupen all\u00e0 els seus projectes tecnol\u00f2gics.<\/p>\n<p>Tamb\u00e9 acompanyaran l&#8217;equip t\u00e8cnic del Parc Audiovisual de Catalunya per con\u00e8ixer el centre de producci\u00f3 audiovisual referent al sud d&#8217;Europa i al qual pertanyen empreses del sector audiovisual, innovaci\u00f3 i media.<\/p>\n<p>Per\u00f2, sens dubte, ara el repte per a tots els alumnes participants ser\u00e0 el d&#8217;aconseguir<strong> fer realitat el seu projecte i convertir-lo en una <em>startup<\/em><\/strong>. Per a aix\u00f2, podran presentar els seus treballs a <a href=\"https:\/\/www.openfuture.org\/\" target=\"_blank\" rel=\"noopener noreferrer\">openfuture.org<\/a>, la plataforma d&#8217;innovaci\u00f3 oberta de Telef\u00f3nica que t\u00e9 com a focus la recerca i acceleraci\u00f3 d&#8217;<em>startups<\/em> amb base digital. Els equips s&#8217;inscriuran en aquesta plataforma, s&#8217;avaluaran en ella els progressos i s&#8217;analitzaran les solucions.<\/p>\n<p>Tamb\u00e9 comptaran amb el suport de l&#8217;ecosistema del Parc Audiovisual i d&#8217;iniciatives com l&#8217;Espai Empr\u00e8n de la Universitat Polit\u00e8cnica de Catalunya (UPC) per assegurar que totes aquestes iniciatives puguin tenir una bona evoluci\u00f3 i que els alumnes es familiaritzin amb el desenvolupament d&#8217;un projecte d&#8217;innovaci\u00f3 des dels seus inicis i fins a la seva possible conversi\u00f3 en producte o empresa.<\/p>\n<p>&nbsp;<\/p>\n","protected":false},"excerpt":{"rendered":"<p>Els primers projectes desenvolupats al Laboratori de Creativitat 360 posat en marxa pel Centre de la Imatge i la Tecnologia Multim\u00e8dia (CITM), Telef\u00f3nica i el Parc Audiovisual de Catalunya han estat presentats pels estudiants als seus tutors i mentors en una reuni\u00f3 telem\u00e0tica.<\/p>\n","protected":false},"author":2,"featured_media":3790,"comment_status":"closed","ping_status":"closed","sticky":false,"template":"","format":"standard","meta":{"footnotes":""},"categories":[104,14],"tags":[544,557,221,504],"class_list":["post-4334","post","type-post","status-publish","format-standard","has-post-thumbnail","hentry","category-institucional","category-treballs-alumnes","tag-lab-creativitat-360","tag-laboratori-360","tag-treballs-alumnes-2","tag-universitat-empresa"],"aioseo_notices":[],"_links":{"self":[{"href":"https:\/\/www.citm.upc.edu\/blog\/wp-json\/wp\/v2\/posts\/4334","targetHints":{"allow":["GET"]}}],"collection":[{"href":"https:\/\/www.citm.upc.edu\/blog\/wp-json\/wp\/v2\/posts"}],"about":[{"href":"https:\/\/www.citm.upc.edu\/blog\/wp-json\/wp\/v2\/types\/post"}],"author":[{"embeddable":true,"href":"https:\/\/www.citm.upc.edu\/blog\/wp-json\/wp\/v2\/users\/2"}],"replies":[{"embeddable":true,"href":"https:\/\/www.citm.upc.edu\/blog\/wp-json\/wp\/v2\/comments?post=4334"}],"version-history":[{"count":2,"href":"https:\/\/www.citm.upc.edu\/blog\/wp-json\/wp\/v2\/posts\/4334\/revisions"}],"predecessor-version":[{"id":4336,"href":"https:\/\/www.citm.upc.edu\/blog\/wp-json\/wp\/v2\/posts\/4334\/revisions\/4336"}],"wp:featuredmedia":[{"embeddable":true,"href":"https:\/\/www.citm.upc.edu\/blog\/wp-json\/wp\/v2\/media\/3790"}],"wp:attachment":[{"href":"https:\/\/www.citm.upc.edu\/blog\/wp-json\/wp\/v2\/media?parent=4334"}],"wp:term":[{"taxonomy":"category","embeddable":true,"href":"https:\/\/www.citm.upc.edu\/blog\/wp-json\/wp\/v2\/categories?post=4334"},{"taxonomy":"post_tag","embeddable":true,"href":"https:\/\/www.citm.upc.edu\/blog\/wp-json\/wp\/v2\/tags?post=4334"}],"curies":[{"name":"wp","href":"https:\/\/api.w.org\/{rel}","templated":true}]}}