{"id":4341,"date":"2020-06-16T10:22:38","date_gmt":"2020-06-16T08:22:38","guid":{"rendered":"https:\/\/www.citm.upc.edu\/blog\/?p=4341"},"modified":"2020-07-30T08:57:10","modified_gmt":"2020-07-30T06:57:10","slug":"preinscripcion-universitaria-abierta","status":"publish","type":"post","link":"https:\/\/www.citm.upc.edu\/blog\/preinscripcion-universitaria-abierta\/","title":{"rendered":"\u00a1Preinscripci\u00f3n universitaria abierta!"},"content":{"rendered":"<p>\u00bfQuieres hacer de tu pasi\u00f3n tu profesi\u00f3n de futuro? \u00a1Elige los grados oficiales del Centro de la Imagen y la Tecnolog\u00eda Multimedia! <strong>Desde el 23 de junio al 29 de julio<\/strong> (ambos inclusive) podr\u00e1s realizar la <strong>preinscripci\u00f3n universitaria<\/strong> para estudiar con nosotros. Si quieres iniciar los estudios de grado en Multimedia, Animaci\u00f3n y Arte Digital o Videojuegos en el CITM es necesario que realices este paso previo, indispensable para matricularse posteriormente en nuestro centro.<!--more--><\/p>\n<p><a href=\"https:\/\/www.citm.upc.edu\/blog\/wp-content\/uploads\/2020\/06\/grausCITM.png\" target=\"_blank\" rel=\"noopener noreferrer\"><img loading=\"lazy\" decoding=\"async\" class=\"alignleft wp-image-4346 \" src=\"https:\/\/www.citm.upc.edu\/blog\/wp-content\/uploads\/2020\/06\/grausCITM.png\" alt=\"\" width=\"419\" height=\"246\" \/><\/a>Para formalizar este tr\u00e1mite, deber\u00e1s elegir las preferencias de estudio y entregar la documentaci\u00f3n requerida a trav\u00e9s del Portal de Acceso a la Universidad de la Generalitat de Catalunya.<\/p>\n<p>Estos son los c\u00f3digos de preinscripci\u00f3n de cada grado del CITM:<\/p>\n<ul>\n<li><strong><a href=\"https:\/\/www.citm.upc.edu\/esp\/estudis\/grau-animacio\/\" target=\"_blank\" rel=\"noopener noreferrer\">Grado oficial en Dise\u00f1o, Animaci\u00f3n y Arte Digital<\/a><\/strong> &#8211; <strong>31093.<\/strong><br \/>\nNota de corte del curso anterior (2019-2020): 9.422<\/li>\n<\/ul>\n<ul>\n<li><strong><a href=\"https:\/\/www.citm.upc.edu\/esp\/estudis\/grau-multimedia\/\" target=\"_blank\" rel=\"noopener noreferrer\">Grado oficial en Multimedia<\/a><\/strong> &#8211; <strong>31042<\/strong>.<br \/>\nNota de corte del curso anterior (2019-2020): 5,000<\/li>\n<\/ul>\n<ul>\n<li><strong><a href=\"https:\/\/www.citm.upc.edu\/esp\/estudis\/grau-videojocs-terrassa\/\" target=\"_blank\" rel=\"noopener noreferrer\">Grado oficial en Dise\u00f1o y Desarrollo de Videojuegos (Terrassa)<\/a><\/strong> &#8211; <strong>31074<\/strong>. Nota de corte del curso anterior (2019-2020): 5.018<\/li>\n<\/ul>\n<ul>\n<li><strong><a href=\"https:\/\/www.citm.upc.edu\/esp\/estudis\/grau-videojocs-bcn\/\" target=\"_blank\" rel=\"noopener noreferrer\">Grado oficial en Dise\u00f1o y Desarrollo de Videojuegos (Barcelona)<\/a><\/strong> &#8211; <strong>31083<\/strong>. Nota de corte del curso anterior (2019-2020): 7.647<\/li>\n<\/ul>\n<p>En cuanto a las fechas de matr\u00edcula, ser\u00e1n del 7 al 10 de septiembre (ambos inclusive). Si despu\u00e9s de hacer la preinscripci\u00f3n ha sido asignado a uno de los grados oficiales del CITM, recibir\u00e1s un correo electr\u00f3nico y te llamaremos para concretar el d\u00eda, la hora y el aula para formalizar la matr\u00edcula.<\/p>\n<p>\u00a1Te esperamos en el CITM!<\/p>\n","protected":false},"excerpt":{"rendered":"<p>\u00bfQuieres hacer de tu pasi\u00f3n tu profesi\u00f3n de futuro? \u00a1Elige los grados oficiales del Centro de la Imagen y la Tecnolog\u00eda Multimedia! Desde el 23 de junio al 29 de julio (ambos inclusive) podr\u00e1s realizar la preinscripci\u00f3n universitaria para estudiar con nosotros. Si quieres iniciar los estudios de grado en Multimedia, Animaci\u00f3n y Arte Digital &#8230; <a title=\"\u00a1Preinscripci\u00f3n universitaria abierta!\" class=\"read-more\" href=\"https:\/\/www.citm.upc.edu\/blog\/preinscripcion-universitaria-abierta\/\" aria-label=\"Read more about \u00a1Preinscripci\u00f3n universitaria abierta!\">Leer m\u00e1s<\/a><\/p>\n","protected":false},"author":2,"featured_media":4587,"comment_status":"closed","ping_status":"closed","sticky":false,"template":"","format":"standard","meta":{"footnotes":""},"categories":[108],"tags":[],"class_list":["post-4341","post","type-post","status-publish","format-standard","has-post-thumbnail","hentry","category-institucional-2"],"aioseo_notices":[],"_links":{"self":[{"href":"https:\/\/www.citm.upc.edu\/blog\/wp-json\/wp\/v2\/posts\/4341","targetHints":{"allow":["GET"]}}],"collection":[{"href":"https:\/\/www.citm.upc.edu\/blog\/wp-json\/wp\/v2\/posts"}],"about":[{"href":"https:\/\/www.citm.upc.edu\/blog\/wp-json\/wp\/v2\/types\/post"}],"author":[{"embeddable":true,"href":"https:\/\/www.citm.upc.edu\/blog\/wp-json\/wp\/v2\/users\/2"}],"replies":[{"embeddable":true,"href":"https:\/\/www.citm.upc.edu\/blog\/wp-json\/wp\/v2\/comments?post=4341"}],"version-history":[{"count":3,"href":"https:\/\/www.citm.upc.edu\/blog\/wp-json\/wp\/v2\/posts\/4341\/revisions"}],"predecessor-version":[{"id":4589,"href":"https:\/\/www.citm.upc.edu\/blog\/wp-json\/wp\/v2\/posts\/4341\/revisions\/4589"}],"wp:featuredmedia":[{"embeddable":true,"href":"https:\/\/www.citm.upc.edu\/blog\/wp-json\/wp\/v2\/media\/4587"}],"wp:attachment":[{"href":"https:\/\/www.citm.upc.edu\/blog\/wp-json\/wp\/v2\/media?parent=4341"}],"wp:term":[{"taxonomy":"category","embeddable":true,"href":"https:\/\/www.citm.upc.edu\/blog\/wp-json\/wp\/v2\/categories?post=4341"},{"taxonomy":"post_tag","embeddable":true,"href":"https:\/\/www.citm.upc.edu\/blog\/wp-json\/wp\/v2\/tags?post=4341"}],"curies":[{"name":"wp","href":"https:\/\/api.w.org\/{rel}","templated":true}]}}