{"id":4729,"date":"2020-09-03T15:44:39","date_gmt":"2020-09-03T13:44:39","guid":{"rendered":"https:\/\/www.citm.upc.edu\/blog\/?p=4729"},"modified":"2020-09-03T16:04:51","modified_gmt":"2020-09-03T14:04:51","slug":"1a-jornada-de-tecnologies-immersives-en-educacio","status":"publish","type":"post","link":"https:\/\/www.citm.upc.edu\/blog\/1a-jornada-de-tecnologies-immersives-en-educacio\/?lang=ca","title":{"rendered":"1a Jornada de Tecnologies Immersives en Educaci\u00f3"},"content":{"rendered":"<p>La Universitat Polit\u00e8cnica de Catalunya (UPC) i IDEAL Barcelona han coorganitzat per al 8 de setembre la primera jornada sobre <strong>\u201cMixed Reality en Educaci\u00f3\u201d<\/strong>, un esdeveniment en l\u00ednia que tindr\u00e0 com a eix central l\u2019an\u00e0lisi de les tecnologies immersives aplicades al futur de la doc\u00e8ncia i la divulgaci\u00f3.<!--more--><\/p>\n<p>Diversos professionals del sector educatiu, de la recerca i la tecnologia, entre altres convidats internacionals, compartiran els seus coneixements i debatran al voltant de les noves tend\u00e8ncies de l\u2019educaci\u00f3 en l\u00ednia, que es dirigeixen cada cop m\u00e9s cap a l\u2019audiovisual immersiu 360 i la realitat virtual.<\/p>\n<p>Carles Sora, director acad\u00e8mic del Centre de la Imatge i la Tecnologia Multim\u00e8dia, ha estat assessor cient\u00edfic de la jornada i, a m\u00e9s a m\u00e9s, hi participar\u00e0 directament presentant dos projectes de tecnologia immersiva fets per alumnes del CITM.<\/p>\n<p>Aquesta \u00e9s l\u2019<strong>agenda completa de la jornada:<\/strong><\/p>\n<p>BLOC 1 \u2013 Mat\u00ed<\/p>\n<ul>\n<li>10:30\u202fh \u2013 11:00\u202fh: <strong>\u00c8tica rectangular<\/strong>. Amb Jordi Sell\u00e0s, director executiu d\u2019IDEAL.<\/li>\n<\/ul>\n<ul>\n<li>11:00\u202fh \u2013 11:20\u202fh: <strong>Presentaci\u00f3 de les l\u00ednies clau de la Fundaci\u00f3 Polit\u00e8cnica de Catalunya (FPC)<\/strong>. Amb Francesc Torres, rector de la UPC, i Lu\u00eds Llanes, director de l\u2019FPC.<\/li>\n<\/ul>\n<ul>\n<li>11:25\u202fh \u2013 12:05\u202fh: <strong> Learning without limits<\/strong>. Amb Fergus Bruce, director de Sublime &#8211; Digital Realities, i Neil McDonnell, research fellow a la Univeritat de Glasgow.<\/li>\n<\/ul>\n<ul>\n<li>12: 10\u202fh \u2013 13:10\u202fh: <strong>Taula rodona. Projectes de refer\u00e8ncia a la UPC<\/strong>. Amb la participaci\u00f3 de Carles Sora, director acad\u00e8mic del CITM, Sisco Vallverd\u00fa, delegat del rector per a Tecnologia per a la Innovaci\u00f3 Docent i Josep Ramon Casas, PDI en Teoria del Senyal i Comunicacions a la UPC.<\/li>\n<\/ul>\n<p style=\"padding-left: 40px;\">Modera: Soraya Hidalgo, R&amp;I Advisor de la UPC.<\/p>\n<p>BLOC 2 \u2013 Tarda<\/p>\n<ul>\n<li>16:10\u202fh \u2013 17:00\u202fh:<strong> Taula rodona. Projectes locals. <\/strong>Amb la participaci\u00f3 de Miquel Carreras, fundador i exdirector de Fab Lab School, Alicia Ca\u00f1ellas, Innovation &amp; XR Training Consultant a VISYON i Carlos J. Ochoa, Global Co-Chair VR\/AR Education Committee.<\/li>\n<\/ul>\n<p style=\"padding-left: 40px;\">Modera: Rosa Monge, coordinadora d\u2019IDEAL Lab.<\/p>\n<ul>\n<li>17:00\u202fh \u2013 17:40\u202fh: <strong>Impossible outsider VR<\/strong>. Amb Mar Gonz\u00e1lez, Microsoft Research.<\/li>\n<\/ul>\n<ul>\n<li>17:40\u202fh \u2013 18:00\u202fh: <strong>Conclusions<\/strong>. Amb Ariadna Llorens, directora de l\u2019ICE UPC.<\/li>\n<\/ul>\n<p>La jornada es podr\u00e0 seguir en <em>streaming<\/em> i de forma gratu\u00efta a trav\u00e9s del seg\u00fcent <a href=\"https:\/\/www.youtube.com\/watch?v=fpq8teqlMaQ\" target=\"_blank\" rel=\"noopener noreferrer\"><strong>enlla\u00e7 de YouTube.<\/strong><\/a><\/p>\n<p>Us hi esperem!<\/p>\n","protected":false},"excerpt":{"rendered":"<p>La Universitat Polit\u00e8cnica de Catalunya (UPC) i IDEAL Barcelona han coorganitzat per al 8 de setembre la primera jornada sobre \u201cMixed Reality en Educaci\u00f3\u201d, un esdeveniment en l\u00ednia que tindr\u00e0 com a eix central l\u2019an\u00e0lisi de les tecnologies immersives aplicades al futur de la doc\u00e8ncia i la divulgaci\u00f3.<\/p>\n","protected":false},"author":2,"featured_media":4735,"comment_status":"closed","ping_status":"closed","sticky":false,"template":"","format":"standard","meta":{"footnotes":""},"categories":[104],"tags":[156,341,566,465,70,567],"class_list":["post-4729","post","type-post","status-publish","format-standard","has-post-thumbnail","hentry","category-institucional","tag-audiovisual","tag-convenis-de-collaboracio","tag-educacio","tag-narrativa-audiovisual","tag-realitat-virtual","tag-tecnologies-immersives"],"aioseo_notices":[],"_links":{"self":[{"href":"https:\/\/www.citm.upc.edu\/blog\/wp-json\/wp\/v2\/posts\/4729","targetHints":{"allow":["GET"]}}],"collection":[{"href":"https:\/\/www.citm.upc.edu\/blog\/wp-json\/wp\/v2\/posts"}],"about":[{"href":"https:\/\/www.citm.upc.edu\/blog\/wp-json\/wp\/v2\/types\/post"}],"author":[{"embeddable":true,"href":"https:\/\/www.citm.upc.edu\/blog\/wp-json\/wp\/v2\/users\/2"}],"replies":[{"embeddable":true,"href":"https:\/\/www.citm.upc.edu\/blog\/wp-json\/wp\/v2\/comments?post=4729"}],"version-history":[{"count":4,"href":"https:\/\/www.citm.upc.edu\/blog\/wp-json\/wp\/v2\/posts\/4729\/revisions"}],"predecessor-version":[{"id":4737,"href":"https:\/\/www.citm.upc.edu\/blog\/wp-json\/wp\/v2\/posts\/4729\/revisions\/4737"}],"wp:featuredmedia":[{"embeddable":true,"href":"https:\/\/www.citm.upc.edu\/blog\/wp-json\/wp\/v2\/media\/4735"}],"wp:attachment":[{"href":"https:\/\/www.citm.upc.edu\/blog\/wp-json\/wp\/v2\/media?parent=4729"}],"wp:term":[{"taxonomy":"category","embeddable":true,"href":"https:\/\/www.citm.upc.edu\/blog\/wp-json\/wp\/v2\/categories?post=4729"},{"taxonomy":"post_tag","embeddable":true,"href":"https:\/\/www.citm.upc.edu\/blog\/wp-json\/wp\/v2\/tags?post=4729"}],"curies":[{"name":"wp","href":"https:\/\/api.w.org\/{rel}","templated":true}]}}