{"id":4788,"date":"2020-09-17T09:40:38","date_gmt":"2020-09-17T07:40:38","guid":{"rendered":"https:\/\/www.citm.upc.edu\/blog\/?p=4788"},"modified":"2020-09-23T09:39:08","modified_gmt":"2020-09-23T07:39:08","slug":"upcarts-con-la-colaboracion-del-citm-participa-en-el-festival-sonard","status":"publish","type":"post","link":"https:\/\/www.citm.upc.edu\/blog\/upcarts-con-la-colaboracion-del-citm-participa-en-el-festival-sonard\/","title":{"rendered":"UPCArts, con la colaboraci\u00f3n del CITM, participa en el festival S\u00f3nar+D"},"content":{"rendered":"<p>Los d\u00edas 18 y 19 de septiembre, se realiza una nueva edici\u00f3n del S\u00f3nar+D, la cita de referencia en creatividad y tecnolog\u00eda. Las tem\u00e1ticas de concienciaci\u00f3n medioambiental y las relaciones entre arte y ciencia destacan en el programa de conferencias y presentaciones de este a\u00f1o, que se podr\u00e1 seguir v\u00eda<em> streaming<\/em>. La Universitat Polit\u00e8cnica de Catalunya (UPC) participa a trav\u00e9s del programa UPCArts, en el que el CITM colabora con la aportaci\u00f3n de dos Trabajos Finales de Grado vinculados a la cultura y la tecnolog\u00eda.<!--more--><\/p>\n<p>Los dos proyectos seleccionados se mostrar\u00e1n en la pieza audiovisual que UPCArts proyectar\u00e1 durante el festival y dentro del apartado S\u00f3narHub Studios de la p\u00e1gina web del festival.<\/p>\n<p>En concreto, son estos dos trabajos:<\/p>\n<p><strong><em><a href=\"https:\/\/www.citm.upc.edu\/blog\/wp-content\/uploads\/2020\/09\/Parallels.jpg\" target=\"_blank\" rel=\"noopener noreferrer\"><img loading=\"lazy\" decoding=\"async\" class=\"alignleft wp-image-4783 size-thumbnail\" src=\"https:\/\/www.citm.upc.edu\/blog\/wp-content\/uploads\/2020\/09\/Parallels-150x150.jpg\" alt=\"\" width=\"150\" height=\"150\" \/><\/a>&#8211; Parallels, a Story about You,<\/em><\/strong> de <strong>Helena C\u00f3rdoba<\/strong>, graduada en Multimedia (2019). Este proyecto nos propone un montaje esc\u00e9nico donde la danza contempor\u00e1nea interact\u00faa con t\u00e9cnicas multimedia, como el <em>v\u00eddeo mapping<\/em>. Un espect\u00e1culo que combina tecnolog\u00eda y arte y que nos invita a adentrarnos en el equilibrio entre lo positivo y lo negativo, los dos grandes paralelos que rigen la personalidad.<\/p>\n<p><strong><a href=\"https:\/\/www.citm.upc.edu\/blog\/wp-content\/uploads\/2020\/09\/sonar.jpg\" target=\"_blank\" rel=\"noopener noreferrer\"><img loading=\"lazy\" decoding=\"async\" class=\"alignleft wp-image-4781 size-thumbnail\" src=\"https:\/\/www.citm.upc.edu\/blog\/wp-content\/uploads\/2020\/09\/sonar-150x150.jpg\" alt=\"\" width=\"150\" height=\"150\" \/><\/a>&#8211; Qu4Tre<\/strong>, de <strong>Pablo Soler<\/strong>, graduado en Multimedia (2020). Se trata de una instalaci\u00f3n de arte interactivo, compuesta por efectos visuales y auditivos que son modificados por la acci\u00f3n de los usuarios. Los participantes, a trav\u00e9s del m\u00f3vil, eligen los instrumentos y con el movimiento de su cuerpo suben y bajan la intensidad, para convertirse, as\u00ed, en los autores en tiempo real de su propia creaci\u00f3n sonora.<\/p>\n<p>Durante 2019 la UPC cre\u00f3 el <a href=\"https:\/\/www.upc.edu\/ca\/upcarts\" target=\"_blank\" rel=\"noopener noreferrer\"><strong>programa UPC Arts<\/strong><\/a>, un proyecto interdisciplinario que tiene por objetivo vincular el arte y la ciencia. A trav\u00e9s de esta iniciativa se pretende, por un lado, abrir una agenda cultural con propuestas culturales externas para toda la comunidad UPC y, por otra parte, poner en relieve la actividad cultural interna de la UPC y darla a conocer a otros espacios externos a la Universidad. La UPC busca constantemente nuevos creadores y nuevos espacios para incluirlos en la programaci\u00f3n cultural de la ciudad y propiciar que los estudiantes puedan establecer contacto directo con creadores emergentes, buscando nuevas intersecciones entre el \u00e1mbito cultural y el digital.<\/p>\n<p>S\u00f3nar+D, el Institut del Teatre, el CCCB, la ESMUC, el Gran Teatro del Liceo, el Museo de Arte Contempor\u00e1neo de Barcelona (MACBA), el Museo de la Ciencia y de la T\u00e9cnica de Catalu\u00f1a (mNACTEC) de Terrassa, la Fundaci\u00f3n la Pedrera o el Museo Nacional de Arte de Catalu\u00f1a (MNAC) son algunas de las instituciones con las que UPCArts ha colaborado en los \u00faltimos meses.<\/p>\n<p><strong>M\u00e1s informaci\u00f3n:<\/strong><\/p>\n<p><strong><a href=\"https:\/\/sonarplusd.com\/es\/programs\/barcelona-2020-special-edition\/areas\/sonarhub-studios\/upcarts\" target=\"_blank\" rel=\"noopener noreferrer\">UPCArts al S\u00f3nar+D<\/a><\/strong><\/p>\n","protected":false},"excerpt":{"rendered":"<p>Los d\u00edas 18 y 19 de septiembre, se realiza una nueva edici\u00f3n del S\u00f3nar+D, la cita de referencia en creatividad y tecnolog\u00eda. Las tem\u00e1ticas de concienciaci\u00f3n medioambiental y las relaciones entre arte y ciencia destacan en el programa de conferencias y presentaciones de este a\u00f1o, que se podr\u00e1 seguir v\u00eda streaming. La Universitat Polit\u00e8cnica de &#8230; <a title=\"UPCArts, con la colaboraci\u00f3n del CITM, participa en el festival S\u00f3nar+D\" class=\"read-more\" href=\"https:\/\/www.citm.upc.edu\/blog\/upcarts-con-la-colaboracion-del-citm-participa-en-el-festival-sonard\/\" aria-label=\"Read more about UPCArts, con la colaboraci\u00f3n del CITM, participa en el festival S\u00f3nar+D\">Leer m\u00e1s<\/a><\/p>\n","protected":false},"author":2,"featured_media":4781,"comment_status":"closed","ping_status":"closed","sticky":false,"template":"","format":"standard","meta":{"footnotes":""},"categories":[108,17,24],"tags":[576,573,119,184,575],"class_list":["post-4788","post","type-post","status-publish","format-standard","has-post-thumbnail","hentry","category-institucional-2","category-multimedia-2","category-trabajos-alumnos","tag-colaboraciones","tag-festival-sonard","tag-proyectos-alumnos","tag-trabajos-multimedia","tag-upcarts"],"aioseo_notices":[],"_links":{"self":[{"href":"https:\/\/www.citm.upc.edu\/blog\/wp-json\/wp\/v2\/posts\/4788","targetHints":{"allow":["GET"]}}],"collection":[{"href":"https:\/\/www.citm.upc.edu\/blog\/wp-json\/wp\/v2\/posts"}],"about":[{"href":"https:\/\/www.citm.upc.edu\/blog\/wp-json\/wp\/v2\/types\/post"}],"author":[{"embeddable":true,"href":"https:\/\/www.citm.upc.edu\/blog\/wp-json\/wp\/v2\/users\/2"}],"replies":[{"embeddable":true,"href":"https:\/\/www.citm.upc.edu\/blog\/wp-json\/wp\/v2\/comments?post=4788"}],"version-history":[{"count":1,"href":"https:\/\/www.citm.upc.edu\/blog\/wp-json\/wp\/v2\/posts\/4788\/revisions"}],"predecessor-version":[{"id":4789,"href":"https:\/\/www.citm.upc.edu\/blog\/wp-json\/wp\/v2\/posts\/4788\/revisions\/4789"}],"wp:featuredmedia":[{"embeddable":true,"href":"https:\/\/www.citm.upc.edu\/blog\/wp-json\/wp\/v2\/media\/4781"}],"wp:attachment":[{"href":"https:\/\/www.citm.upc.edu\/blog\/wp-json\/wp\/v2\/media?parent=4788"}],"wp:term":[{"taxonomy":"category","embeddable":true,"href":"https:\/\/www.citm.upc.edu\/blog\/wp-json\/wp\/v2\/categories?post=4788"},{"taxonomy":"post_tag","embeddable":true,"href":"https:\/\/www.citm.upc.edu\/blog\/wp-json\/wp\/v2\/tags?post=4788"}],"curies":[{"name":"wp","href":"https:\/\/api.w.org\/{rel}","templated":true}]}}