{"id":4791,"date":"2020-09-18T11:59:57","date_gmt":"2020-09-18T09:59:57","guid":{"rendered":"https:\/\/www.citm.upc.edu\/blog\/?p=4791"},"modified":"2020-09-18T12:10:10","modified_gmt":"2020-09-18T10:10:10","slug":"julia-serrano-i-judith-berenguer-les-dues-estudiants-becades-pel-citm","status":"publish","type":"post","link":"https:\/\/www.citm.upc.edu\/blog\/julia-serrano-i-judith-berenguer-les-dues-estudiants-becades-pel-citm\/?lang=ca","title":{"rendered":"J\u00falia Serrano i Judith Berenguer, les dues estudiants becades pel CITM"},"content":{"rendered":"<p>J\u00falia Serrano Marina i Judith Berenguer Guinovart s\u00f3n les dues joves estudiants que han rebut la <strong>beca CITM a l\u2019excel\u00b7l\u00e8ncia acad\u00e8mica<\/strong> per iniciar els seus estudis al Centre de la Imatge i la Tecnologia Multim\u00e8dia aquest curs 2020-2021. J\u00falia estudiar\u00e0 el grau en Multim\u00e8dia, mentre que Judith comen\u00e7ar\u00e0 els estudis de grau en Disseny, Animaci\u00f3 i Art Digital.<!--more--><\/p>\n<p>Els ajuts CITM a l&#8217;excel\u00b7l\u00e8ncia acad\u00e8mica cobreixen el 100% de l&#8217;import de la matr\u00edcula de primer curs (6.360 \u20ac) i s\u2019han adre\u00e7at a estudiants que havien cursat segon de batxillerat amb un expedient acad\u00e8mic excel\u00b7lent.<\/p>\n<ul>\n<li><strong>J\u00falia Serrano<\/strong> \u00e9s una noia de Premi\u00e0 de Mar. Amant de les matem\u00e0tiques i la m\u00fasica, amb una mitjana de Batxillerat de 9,76. Durant una estada al Canad\u00e0 va cursar assignatures de <em>media arts<\/em>, i aix\u00f2 li va fer adonar-se\u2019n que la seva vertadera passi\u00f3 era la postproducci\u00f3 audiovisual. Despr\u00e9s de visitar el Centre a les Jornades de Portes Obertes, J\u00falia va tenir clar que el CITM era el lloc on iniciar aquesta nova etapa.<\/li>\n<\/ul>\n<ul>\n<li><strong>Judith Berenguer<\/strong> \u00e9s una noia de Tarragona. Amb un curr\u00edculum brillant i una mitjana de Batxillerat de 9,91, \u00e9s una apassionada de la literatura de fantasia i ci\u00e8ncia-ficci\u00f3, dels c\u00f2mics i l\u2019animaci\u00f3 japonesa. Li encanta dibuixar i el seu somni \u00e9s crear l\u2019est\u00e8tica i l\u2019animaci\u00f3 dels personatges que donen vida als videojocs o crear pel\u00b7l\u00edcules animades 2D o 3D. Per a ella, segons comenta, el grau en Disseny, Animaci\u00f3 i Art Digital del CITM \u00e9s \u201cidoni\u201d, ja que li permetr\u00e0 desenvolupar-se professionalment en all\u00f2 que l&#8217;apassiona.<\/li>\n<\/ul>\n<p>Felicitats per la vostra dedicaci\u00f3 i esfor\u00e7 durant els estudis de batxillerat. Des del CITM, us desitgem una etapa universit\u00e0ria plena d\u2019\u00e8xits!<\/p>\n","protected":false},"excerpt":{"rendered":"<p>J\u00falia Serrano Marina i Judith Berenguer Guinovart s\u00f3n les dues joves estudiants que han rebut la beca CITM a l\u2019excel\u00b7l\u00e8ncia acad\u00e8mica per iniciar els seus estudis al Centre de la Imatge i la Tecnologia Multim\u00e8dia aquest curs 2020-2021. J\u00falia estudiar\u00e0 el grau en Multim\u00e8dia, mentre que Judith comen\u00e7ar\u00e0 els estudis de grau en Disseny, Animaci\u00f3 &#8230; <a title=\"J\u00falia Serrano i Judith Berenguer, les dues estudiants becades pel CITM\" class=\"read-more\" href=\"https:\/\/www.citm.upc.edu\/blog\/julia-serrano-i-judith-berenguer-les-dues-estudiants-becades-pel-citm\/?lang=ca\" aria-label=\"Read more about J\u00falia Serrano i Judith Berenguer, les dues estudiants becades pel CITM\">Leer m\u00e1s<\/a><\/p>\n","protected":false},"author":2,"featured_media":4792,"comment_status":"closed","ping_status":"closed","sticky":false,"template":"","format":"standard","meta":{"footnotes":""},"categories":[22,108,18],"tags":[98],"class_list":["post-4791","post","type-post","status-publish","format-standard","has-post-thumbnail","hentry","category-animacio-digital","category-institucional-2","category-multimedia1","tag-multimedia"],"aioseo_notices":[],"_links":{"self":[{"href":"https:\/\/www.citm.upc.edu\/blog\/wp-json\/wp\/v2\/posts\/4791","targetHints":{"allow":["GET"]}}],"collection":[{"href":"https:\/\/www.citm.upc.edu\/blog\/wp-json\/wp\/v2\/posts"}],"about":[{"href":"https:\/\/www.citm.upc.edu\/blog\/wp-json\/wp\/v2\/types\/post"}],"author":[{"embeddable":true,"href":"https:\/\/www.citm.upc.edu\/blog\/wp-json\/wp\/v2\/users\/2"}],"replies":[{"embeddable":true,"href":"https:\/\/www.citm.upc.edu\/blog\/wp-json\/wp\/v2\/comments?post=4791"}],"version-history":[{"count":2,"href":"https:\/\/www.citm.upc.edu\/blog\/wp-json\/wp\/v2\/posts\/4791\/revisions"}],"predecessor-version":[{"id":4798,"href":"https:\/\/www.citm.upc.edu\/blog\/wp-json\/wp\/v2\/posts\/4791\/revisions\/4798"}],"wp:featuredmedia":[{"embeddable":true,"href":"https:\/\/www.citm.upc.edu\/blog\/wp-json\/wp\/v2\/media\/4792"}],"wp:attachment":[{"href":"https:\/\/www.citm.upc.edu\/blog\/wp-json\/wp\/v2\/media?parent=4791"}],"wp:term":[{"taxonomy":"category","embeddable":true,"href":"https:\/\/www.citm.upc.edu\/blog\/wp-json\/wp\/v2\/categories?post=4791"},{"taxonomy":"post_tag","embeddable":true,"href":"https:\/\/www.citm.upc.edu\/blog\/wp-json\/wp\/v2\/tags?post=4791"}],"curies":[{"name":"wp","href":"https:\/\/api.w.org\/{rel}","templated":true}]}}