{"id":4827,"date":"2020-10-09T11:39:42","date_gmt":"2020-10-09T09:39:42","guid":{"rendered":"https:\/\/www.citm.upc.edu\/blog\/?p=4827"},"modified":"2020-10-09T12:12:51","modified_gmt":"2020-10-09T10:12:51","slug":"la-professora-del-ctim-carolina-lopez-directora-de-continguts-del-festival-internacional-animario","status":"publish","type":"post","link":"https:\/\/www.citm.upc.edu\/blog\/la-professora-del-ctim-carolina-lopez-directora-de-continguts-del-festival-internacional-animario\/?lang=ca","title":{"rendered":"La professora del CITM Carolina L\u00f3pez, directora de continguts del Festival ANIMARIO"},"content":{"rendered":"<p>El <strong>III Festival Internacional d\u2019Animaci\u00f3 Contempor\u00e0nia de Madrid<\/strong><strong>,<\/strong> organitzat per\u00a0Matadero Madrid\u00a0i\u00a0Cineteca Madrid, amb el patrocini del centre comercial\u00a0Plaza R\u00edo 2, tindr\u00e0 lloc del 15 al 18 d\u2019octubre de 2020 (en versi\u00f3 presencial) i del 15 al 25 d\u2019octubre (en versi\u00f3 en l\u00ednia). Comissariat per Carolina L\u00f3pez, el Festival <strong>ANIMARIO<\/strong> suposa un nou repte per a la professora del CITM, que torna a posar tot el seu coneixement i experi\u00e8ncia en el m\u00f3n de l&#8217;animaci\u00f3 en la direcci\u00f3 de continguts d\u2019aquest prestigi\u00f3s Festival.<!--more--><\/p>\n<p>Carolina L\u00f3pez, especialista en cinema d\u2019animaci\u00f3 i audiovisual, es va graduar en Animaci\u00f3 amb matr\u00edcula d\u2019honor al prestigi\u00f3s West Surrey College of Art and Design de Farnham, al Regne Unit. \u00a0La nova professora del CITM \u00e9s una de les veus referents a tot l\u2019Estat en aquesta tem\u00e0tica i fins i tot el prestigi\u00f3s director i productor Guillermo del Toro, que t\u00e9 la seva pr\u00f2pia secci\u00f3 al Festival Internacional de Guadalajara de M\u00e8xic, \u00a0va trucar-la perqu\u00e8 fos la seva directora de continguts. Alhora, tamb\u00e9 s\u2019ha fet un lloc en el m\u00f3n de la creaci\u00f3 treballant per a productores i canals de televisi\u00f3 com la MTV, Canal Plus o TVE, entre moltes d\u2019altres.<\/p>\n<p><a href=\"https:\/\/www.citm.upc.edu\/blog\/wp-content\/uploads\/2020\/09\/CarolinaLopez-scaled.jpg\"><img loading=\"lazy\" decoding=\"async\" class=\"alignleft size-medium wp-image-4771\" src=\"https:\/\/www.citm.upc.edu\/blog\/wp-content\/uploads\/2020\/09\/CarolinaLopez-284x300.jpg\" alt=\"\" width=\"284\" height=\"300\" srcset=\"https:\/\/www.citm.upc.edu\/blog\/wp-content\/uploads\/2020\/09\/CarolinaLopez-284x300.jpg 284w, https:\/\/www.citm.upc.edu\/blog\/wp-content\/uploads\/2020\/09\/CarolinaLopez-971x1024.jpg 971w, https:\/\/www.citm.upc.edu\/blog\/wp-content\/uploads\/2020\/09\/CarolinaLopez-768x810.jpg 768w, https:\/\/www.citm.upc.edu\/blog\/wp-content\/uploads\/2020\/09\/CarolinaLopez-1456x1536.jpg 1456w, https:\/\/www.citm.upc.edu\/blog\/wp-content\/uploads\/2020\/09\/CarolinaLopez-1942x2048.jpg 1942w\" sizes=\"auto, (max-width: 284px) 100vw, 284px\" \/><\/a>Amb Carolina hem tingut l\u2019oportunitat de parlar sobre la seva participaci\u00f3 en ANIMARIO:<\/p>\n<ul>\n<li><strong>Quin \u00e9s el teu paper en el Festival ANIMARIO?<\/strong><\/li>\n<\/ul>\n<p>S\u00f3c la directora de continguts del Festival i, per tant, decideixo les pel\u00b7l\u00edcules i els curts que hi participen, aix\u00ed com la l\u00ednia conceptual que tindr\u00e0 el Festival. Aquest \u00e9s el tercer any que confien en el meu criteri i la meva mirada.<\/p>\n<ul>\n<li><strong>\u00c9s evident, doncs, que has de tenir un coneixement molt actualitzat i ampli del que passa al m\u00f3n de l\u2019animaci\u00f3.<\/strong><\/li>\n<\/ul>\n<p>S\u00ed, \u00e9s cert. Per\u00f2 tamb\u00e9 \u00e9s molt important con\u00e8ixer els autors amb qui haur\u00e0s de treballar, tenir clar si s\u00f3n persones accessibles, amb qui hi pots contactar f\u00e0cilment per a resoldre dubtes, etc.<\/p>\n<ul>\n<li><strong>Suposo que ha ajudat el fet que hagis estat directora de continguts en un munt de Festivals de tot el m\u00f3n.<\/strong><\/li>\n<\/ul>\n<p>Si, he viatjat molt i he conegut molts estils i maneres de fer. Aix\u00f2 \u00e9s molt important, et proporciona una visi\u00f3 m\u00e9s oberta i un coneixement m\u00e9s ampli. Tot i que, dins del sector de l\u2019animaci\u00f3, som una fam\u00edlia petita. Per\u00f2 \u00e9s cert que estem deixant de ser el germ\u00e0 petit del cinema: cada vegada m\u00e9s la t\u00e8cnica, la il\u00b7luminaci\u00f3 o les tem\u00e0tiques van agafant m\u00e9s protagonisme per la seva qualitat i van captant un p\u00fablic m\u00e9s gen\u00e8ric.<\/p>\n<ul>\n<li><strong>Qu\u00e8 destacaries de la teva feina a ANIMARIO?<\/strong><\/li>\n<\/ul>\n<p>Per mi el m\u00e9s divertit \u00e9s veure quin ser\u00e0 l\u2019ADN del festival, veure com el seu segell \u00e9s apreciat tant per la gent com pels altres Festivals. I, sobretot, apostar per les propostes m\u00e9s arriscades i avantguardistes que sempre presentem.<\/p>\n<ul>\n<li><strong>D\u2019aquest Festival, quines peces haurien de veure els alumnes del CITM?<\/strong><\/li>\n<\/ul>\n<p>Jo destacaria una entrevista amb els germans Quay que val molt la pena perqu\u00e8 mostra el seu m\u00f3n m\u00e9s obscur. De fet, presentem el seu darrer treball <em>The Dolls Breaht<\/em>, produ\u00efda per Christopher Nolan. Tamb\u00e9 \u00e9s molt interessant la retrospectiva de Sofia Carrillo, una de les apadrinades de Guillermo del Toro i, per descomptat, <em>Homeless Home<\/em> d&#8217;Alberto V\u00e1zquez. La novetat d\u2019aquest any \u00e9s un concurs de curtmetratges en qu\u00e8, evidentment, hi poden participar, ja que la proposta \u00e9s molt propera.<\/p>\n<p>Enguany el <strong>concurs de curtmetratges<\/strong> porta el nom de <strong>\u201cNaturaleza en Stop Motion\u201d<\/strong> i proposa crear animacions amb imaginaci\u00f3, humor i elements naturals com pedres o fulles. Per tal de participar \u00e9s necessari generar una pe\u00e7a d\u2019animaci\u00f3 en v\u00eddeo de 10 a 59 segons i compartir el resultat a Instagram, etiquetant \u00a0a Cineteca Madrid, Matadero Madrid i el Centre Comercial Plaza R\u00edo 2, i incloent-hi el hashtag #RetoANIMARIOPlazaR\u00edo2.<\/p>\n<p>No et perdis en el seg\u00fcent v\u00eddeo el #RetoANIMARIO que proposen per al concurs de curtmetratges:<\/p>\n<p><a href=\"https:\/\/www.youtube.com\/watch?v=5x4c3pF7NRM&amp;t=16s&amp;ab_channel=CinetecaMadrid\" target=\"_blank\" rel=\"noopener noreferrer\"><img loading=\"lazy\" decoding=\"async\" class=\"alignleft wp-image-4828\" src=\"https:\/\/www.citm.upc.edu\/blog\/wp-content\/uploads\/2020\/10\/RetoAnimario.png\" alt=\"\" width=\"651\" height=\"302\" \/><\/a><\/p>\n<p>&nbsp;<\/p>\n<p>&nbsp;<\/p>\n<p>&nbsp;<\/p>\n<p>&nbsp;<\/p>\n<p>&nbsp;<\/p>\n<p>&nbsp;<\/p>\n<p>&nbsp;<\/p>\n<p>&nbsp;<\/p>\n<p>Les pel\u00b7l\u00edcules, <em>masterclass <\/em>i retrospectives del Festival ANIMARIO es podran veure a trav\u00e9s de la plataforma Filmin.<\/p>\n<p><strong>M\u00e9s informaci\u00f3: <\/strong><\/p>\n<p><a href=\"https:\/\/www.cinetecamadrid.com\/secciones\/animario-2020\" target=\"_blank\" rel=\"noopener noreferrer\">III Festival Internacional d\u2019Animaci\u00f3 Contempor\u00e0nia de Madrid ANIMARIO<\/a><\/p>\n","protected":false},"excerpt":{"rendered":"<p>El III Festival Internacional d\u2019Animaci\u00f3 Contempor\u00e0nia de Madrid, organitzat per\u00a0Matadero Madrid\u00a0i\u00a0Cineteca Madrid, amb el patrocini del centre comercial\u00a0Plaza R\u00edo 2, tindr\u00e0 lloc del 15 al 18 d\u2019octubre de 2020 (en versi\u00f3 presencial) i del 15 al 25 d\u2019octubre (en versi\u00f3 en l\u00ednia). Comissariat per Carolina L\u00f3pez, el Festival ANIMARIO suposa un nou repte per a &#8230; <a title=\"La professora del CITM Carolina L\u00f3pez, directora de continguts del Festival ANIMARIO\" class=\"read-more\" href=\"https:\/\/www.citm.upc.edu\/blog\/la-professora-del-ctim-carolina-lopez-directora-de-continguts-del-festival-internacional-animario\/?lang=ca\" aria-label=\"Read more about La professora del CITM Carolina L\u00f3pez, directora de continguts del Festival ANIMARIO\">Leer m\u00e1s<\/a><\/p>\n","protected":false},"author":2,"featured_media":4830,"comment_status":"closed","ping_status":"closed","sticky":false,"template":"","format":"standard","meta":{"footnotes":""},"categories":[22,62],"tags":[393,584,582,583,420,207,513],"class_list":["post-4827","post","type-post","status-publish","format-standard","has-post-thumbnail","hentry","category-animacio-digital","category-concursos","tag-animacio","tag-carolina-lopez","tag-festival-animario","tag-festivals-animacio","tag-grau-en-animacio","tag-professorat-citm","tag-projectes-professorat"],"aioseo_notices":[],"_links":{"self":[{"href":"https:\/\/www.citm.upc.edu\/blog\/wp-json\/wp\/v2\/posts\/4827","targetHints":{"allow":["GET"]}}],"collection":[{"href":"https:\/\/www.citm.upc.edu\/blog\/wp-json\/wp\/v2\/posts"}],"about":[{"href":"https:\/\/www.citm.upc.edu\/blog\/wp-json\/wp\/v2\/types\/post"}],"author":[{"embeddable":true,"href":"https:\/\/www.citm.upc.edu\/blog\/wp-json\/wp\/v2\/users\/2"}],"replies":[{"embeddable":true,"href":"https:\/\/www.citm.upc.edu\/blog\/wp-json\/wp\/v2\/comments?post=4827"}],"version-history":[{"count":11,"href":"https:\/\/www.citm.upc.edu\/blog\/wp-json\/wp\/v2\/posts\/4827\/revisions"}],"predecessor-version":[{"id":4842,"href":"https:\/\/www.citm.upc.edu\/blog\/wp-json\/wp\/v2\/posts\/4827\/revisions\/4842"}],"wp:featuredmedia":[{"embeddable":true,"href":"https:\/\/www.citm.upc.edu\/blog\/wp-json\/wp\/v2\/media\/4830"}],"wp:attachment":[{"href":"https:\/\/www.citm.upc.edu\/blog\/wp-json\/wp\/v2\/media?parent=4827"}],"wp:term":[{"taxonomy":"category","embeddable":true,"href":"https:\/\/www.citm.upc.edu\/blog\/wp-json\/wp\/v2\/categories?post=4827"},{"taxonomy":"post_tag","embeddable":true,"href":"https:\/\/www.citm.upc.edu\/blog\/wp-json\/wp\/v2\/tags?post=4827"}],"curies":[{"name":"wp","href":"https:\/\/api.w.org\/{rel}","templated":true}]}}