{"id":4875,"date":"2020-10-14T15:50:30","date_gmt":"2020-10-14T13:50:30","guid":{"rendered":"https:\/\/www.citm.upc.edu\/blog\/?p=4875"},"modified":"2020-10-30T14:59:25","modified_gmt":"2020-10-30T13:59:25","slug":"medidas-de-reduccion-de-la-presencialidad-en-el-citm-del-15-al-31-de-octubre","status":"publish","type":"post","link":"https:\/\/www.citm.upc.edu\/blog\/medidas-de-reduccion-de-la-presencialidad-en-el-citm-del-15-al-31-de-octubre\/","title":{"rendered":"Medidas de reducci\u00f3n de la presencialidad en el CITM del 13 al 31 de octubre"},"content":{"rendered":"<p>Atendiendo a las \u00faltimas indicaciones del Consell Interuniversitari de Catalunya y del Departament de Salut de la Generalitat de Catalunya en relaci\u00f3n con la adopci\u00f3n transitoria de nuevas medidas en los campus universitarios para contener el \u00edndice de contagio por Covid-19, el CITM aplica <strong>desde el martes 13 y hasta el 31 de octubre<\/strong> la reducci\u00f3n de su actividad presencial lectiva. La voluntad de esta decisi\u00f3n es la de<strong> limitar al m\u00e1ximo la presencialidad<\/strong> durante las pr\u00f3ximas semanas en el CITM.<!--more--><\/p>\n<p>La Direcci\u00f3n del CITM ha aplicado las medidas sobre el plan de contingencia previamente dise\u00f1ado para este curso, que establece 3 modalidades docentes h\u00edbridas seg\u00fan los requerimientos docentes de cada asignatura. De este modo, durante este periodo temporal el Centro ha limitado la presencialidad a la modalidad 2, que corresponde a aquellas asignaturas pr\u00e1cticas que tienen unos requisitos t\u00e9cnicos m\u00e1s dif\u00edciles de virtualizar. De las 70 asignaturas impartidas durante este semestre, <strong>solamente la mitad de la docencia de 28 de ellas se est\u00e1 realizando de forma presencial<\/strong>; un 20% de todas las sesiones lectivas del centro, cumpliendo con todas las medidas de distanciamiento requeridas por las autoridades sanitarias. Esta decisi\u00f3n ser\u00e1 revisable seg\u00fan las indicaciones de las autoridades sanitarias y las de la Universidad.<\/p>\n<p>Agradecemos mucho la colaboraci\u00f3n y comprensi\u00f3n de toda la comunidad del Centro, profesorado y alumnado, para adaptarse a las condiciones que la pandemia nos exige.<\/p>\n","protected":false},"excerpt":{"rendered":"<p>Atendiendo a las \u00faltimas indicaciones del Consell Interuniversitari de Catalunya y del Departament de Salut de la Generalitat de Catalunya en relaci\u00f3n con la adopci\u00f3n transitoria de nuevas medidas en los campus universitarios para contener el \u00edndice de contagio por Covid-19, el CITM aplica desde el martes 13 y hasta el 31 de octubre la &#8230; <a title=\"Medidas de reducci\u00f3n de la presencialidad en el CITM del 13 al 31 de octubre\" class=\"read-more\" href=\"https:\/\/www.citm.upc.edu\/blog\/medidas-de-reduccion-de-la-presencialidad-en-el-citm-del-15-al-31-de-octubre\/\" aria-label=\"Read more about Medidas de reducci\u00f3n de la presencialidad en el CITM del 13 al 31 de octubre\">Leer m\u00e1s<\/a><\/p>\n","protected":false},"author":2,"featured_media":4883,"comment_status":"closed","ping_status":"closed","sticky":false,"template":"","format":"standard","meta":{"footnotes":""},"categories":[108],"tags":[555,536,587],"class_list":["post-4875","post","type-post","status-publish","format-standard","has-post-thumbnail","hentry","category-institucional-2","tag-covid-19","tag-docencia-citm","tag-docencia-en-linea"],"aioseo_notices":[],"_links":{"self":[{"href":"https:\/\/www.citm.upc.edu\/blog\/wp-json\/wp\/v2\/posts\/4875","targetHints":{"allow":["GET"]}}],"collection":[{"href":"https:\/\/www.citm.upc.edu\/blog\/wp-json\/wp\/v2\/posts"}],"about":[{"href":"https:\/\/www.citm.upc.edu\/blog\/wp-json\/wp\/v2\/types\/post"}],"author":[{"embeddable":true,"href":"https:\/\/www.citm.upc.edu\/blog\/wp-json\/wp\/v2\/users\/2"}],"replies":[{"embeddable":true,"href":"https:\/\/www.citm.upc.edu\/blog\/wp-json\/wp\/v2\/comments?post=4875"}],"version-history":[{"count":2,"href":"https:\/\/www.citm.upc.edu\/blog\/wp-json\/wp\/v2\/posts\/4875\/revisions"}],"predecessor-version":[{"id":4884,"href":"https:\/\/www.citm.upc.edu\/blog\/wp-json\/wp\/v2\/posts\/4875\/revisions\/4884"}],"wp:featuredmedia":[{"embeddable":true,"href":"https:\/\/www.citm.upc.edu\/blog\/wp-json\/wp\/v2\/media\/4883"}],"wp:attachment":[{"href":"https:\/\/www.citm.upc.edu\/blog\/wp-json\/wp\/v2\/media?parent=4875"}],"wp:term":[{"taxonomy":"category","embeddable":true,"href":"https:\/\/www.citm.upc.edu\/blog\/wp-json\/wp\/v2\/categories?post=4875"},{"taxonomy":"post_tag","embeddable":true,"href":"https:\/\/www.citm.upc.edu\/blog\/wp-json\/wp\/v2\/tags?post=4875"}],"curies":[{"name":"wp","href":"https:\/\/api.w.org\/{rel}","templated":true}]}}