{"id":4969,"date":"2020-12-21T13:02:16","date_gmt":"2020-12-21T12:02:16","guid":{"rendered":"https:\/\/www.citm.upc.edu\/blog\/?p=4969"},"modified":"2020-12-21T13:17:16","modified_gmt":"2020-12-21T12:17:16","slug":"neix-el-barcelona-hub-dart-ciencia-i-tecnologia","status":"publish","type":"post","link":"https:\/\/www.citm.upc.edu\/blog\/neix-el-barcelona-hub-dart-ciencia-i-tecnologia\/?lang=ca","title":{"rendered":"Neix el Barcelona Hub d&#8217;Art, Ci\u00e8ncia i Tecnologia"},"content":{"rendered":"<p>Nou institucions, entre les quals s\u2019inclou la UPC, creen una iniciativa per promoure la relaci\u00f3 dels \u00e0mbits art\u00edstics i cientificot\u00e8cnics. Es tracta del Barcelona Hub d\u2019Art, Ci\u00e8ncia i Tecnologia (Artech Hub), una iniciativa transversal per impulsar programes de recerca, formaci\u00f3, difusi\u00f3, transfer\u00e8ncia i producci\u00f3. <strong>Carles Sora<\/strong>, director acad\u00e8mic del CITM, hi ha participat com a <strong>membre de la comissi\u00f3 t\u00e8cnica en representaci\u00f3 de la UPC.<\/strong><!--more--><\/p>\n<p><strong>Explorar i desenvolupar les interseccions entre art, ci\u00e8ncia i tecnologia per enfortir la transformaci\u00f3 digital de la societat.<\/strong> Aquest \u00e9s l\u2019objectiu del Barcelona Hub d\u2019Art, Ci\u00e8ncia i Tecnologia (<strong>Artech Hub<\/strong>), impulsat per nou institucions per fer de Barcelona un pol global de recerca, formaci\u00f3, difusi\u00f3, transfer\u00e8ncia i producci\u00f3 en aquest \u00e0mbit.<\/p>\n<p>L\u2019Artech Hub est\u00e0 integrat per la Universitat Oberta de Catalunya (UOC), la Universitat Polit\u00e8cnica de Catalunya \u00b7 BarcelonaTech (UPC), Fira de Barcelona, l\u2019Institut de Ci\u00e8ncies Fot\u00f2niques (ICFO), el Barcelona Supercomputing Center (BSC), Barcelona Tech City, Hangar, la New Art Foundation i el Barcelona Institute of Science and Technology (BIST). L\u2019Artech Hub s\u2019ha presentat el 21 de desembre al Palau Marc de Barcelona, amb la participaci\u00f3 de la consellera de Cultura, \u00c0ngels Ponsa; el conseller d\u2019Empresa i Coneixement, Ramon Tremosa; el tinent d&#8217;alcaldia de l&#8217;\u00c0rea de Cultura, Educaci\u00f3, Ci\u00e8ncia i Comunitat de l\u2019Ajuntament de Barcelona, Joan Subirats; el director general de Fira de Barcelona, Constant\u00ed Serrallonga, i el rector de la UOC, Josep A. Planell, i els representants de la resta d\u2019institucions que constitueixen el hub.<\/p>\n<p>Es tracta d\u2019una iniciativa transversal, amb un model de governan\u00e7a compartida, que t\u00e9 el suport d\u2019institucions com l\u2019Ajuntament de Barcelona, la Generalitat de Catalunya i la Cambra de Comer\u00e7 de Barcelona.<\/p>\n<p><strong>L\u2019impuls transformador de la conflu\u00e8ncia de l\u2019art, la ci\u00e8ncia i la tecnologia<\/strong><\/p>\n<p>Aquest projecte busca interconnectar i incentivar la col\u00b7laboraci\u00f3 entre sectors i institucions per aprofitar el gran potencial que t\u00e9 el treball conjunt en els \u00e0mbits de l\u2019art, el disseny, la ci\u00e8ncia i la tecnologia. En els processos creatius \u2013concretats en arts experimentals, aplicades, o en productes industrials\u2013 no hi ha fronteres entre aquests \u00e0mbits. Fomentar-ne la relaci\u00f3 pot aportar un coneixement molt valu\u00f3s per superar els reptes de la transformaci\u00f3 digital, en un moment en qu\u00e8 la pand\u00e8mia ha fet encara m\u00e9s evident l\u2019aportaci\u00f3 de les tecnologies digitals al desenvolupament de la societat.<\/p>\n<p>Barcelona t\u00e9 actualment molts agents que treballen en aquest \u00e0mbit, en el qual conflueixen l\u2019art, el disseny, la ci\u00e8ncia i la tecnologia; per\u00f2 ho fan separadament. L\u2019Artech Hub vol articular la col\u00b7laboraci\u00f3 i fomentar les sinergies entre tots aquests agents, ja siguin centres de recerca, universitats, espais expositius o centres de producci\u00f3 art\u00edstica o d\u2019innovaci\u00f3.<\/p>\n<p><strong>Recerca, producci\u00f3, difusi\u00f3 i formaci\u00f3<\/strong><\/p>\n<p>Les institucions que formen part de l\u2019Artech Hub treballaran a partir d\u2019ara en la posada en marxa de programes transversals per impulsar la recerca, la producci\u00f3, la difusi\u00f3 i transfer\u00e8ncia de coneixement i la formaci\u00f3 sobre les interconnexions entre l\u2019\u00e0mbit art\u00edstic i el cientificot\u00e8cnic.<\/p>\n<p>A m\u00e9s de promoure l\u2019aven\u00e7 del coneixement en camps interdisciplinaris, es promouran resid\u00e8ncies d\u2019artistes en grans infraestructures cient\u00edfiques, socials i educatives, i es facilitar\u00e0 la producci\u00f3 art\u00edstica i la participaci\u00f3 ciutadana.<\/p>\n<p>L\u2019Artech Hub tamb\u00e9 crear\u00e0 les activitats i les col\u00b7laboracions necess\u00e0ries per transferir coneixement art\u00edstic i tecnol\u00f2gic a la ind\u00fastria, incentivar-la i facilitar noves oportunitats de negoci, per consolidar el teixit productiu.<\/p>\n<p><strong>Espais per crear connexions<\/strong><strong><br \/>\n<\/strong><\/p>\n<p>Per desenvolupar aquests programes, l\u2019Artech Hub tindr\u00e0 una dimensi\u00f3 h\u00edbrida, ja que utilitzar\u00e0 indistintament entorns virtuals i espais ja existents, com ara centres de creaci\u00f3, infraestructures cient\u00edfiques, centres de recerca, empreses i festivals i esdeveniments sobre art, ci\u00e8ncia i tecnologia.<\/p>\n<p>Per tal de vertebrar la connexi\u00f3 entre el teixit productiu, les ind\u00fastries culturals i els creadors, Fira de Barcelona ha posat a disposici\u00f3 de l\u2019Artech Hub part del Palau Alfons XIII, que flanqueja la Font M\u00e0gica de Montju\u00efc. Amb aquest prop\u00f2sit es pret\u00e9n connectar els grans esdeveniments firals de car\u00e0cter tecnol\u00f2gic que se celebren a Barcelona amb la comunitat art\u00edstica i creativa de la ciutat.<\/p>\n<p>Es tracta d\u2019un espai de 7.200 m<sup>2<\/sup> que, un cop restaurat, podria esdevenir la seu d\u2019aquesta iniciativa i acollir-hi un centre de recerca, una acceleradora d\u2019empreses creatives, laboratoris i tallers per a la comunitat art\u00edstica. A m\u00e9s, l\u2019edifici inclouria <em>showrooms<\/em> per a la presentaci\u00f3 de projectes, obres o innovacions de la ind\u00fastria creativa i acolliria activitats de difusi\u00f3, oferint oportunitats per a tota la comunitat art\u00edstica, cient\u00edfica i industrial de la ciutat i per a tota la ciutadania.<\/p>\n<p>Aquest palau se situa en l\u2019entorn d\u2019un conjunt d\u2019equipaments culturals a la muntanya de Montju\u00efc, com el MNAC, la Fundaci\u00f3 Mies Van der Rohe, la Fundaci\u00f3 Mir\u00f3, CaixaForum, el Museu d\u2019Arqueologia de Catalunya i el Mercat de les Flors, cosa que permetr\u00e0 crear sinergies amb aquest conjunt d\u2019equipaments culturals. En la rehabilitaci\u00f3 d\u2019aquest equipament es vol crear espais oberts i de relaci\u00f3 per fer accessible a tota la ciutadania el conjunt de l\u2019activitat que s\u2019hi desenvolupi.<\/p>\n<p>El Barcelona Hub d\u2019Art, Ci\u00e8ncia i Tecnologia treballar\u00e0 en la seva programaci\u00f3 amb la voluntat de fomentar la participaci\u00f3 i l\u2019intercanvi entre societat i teixit productiu, i esdevenir un espai obert a Barcelona i al m\u00f3n.<\/p>\n<p>&nbsp;<\/p>\n","protected":false},"excerpt":{"rendered":"<p>Nou institucions, entre les quals s\u2019inclou la UPC, creen una iniciativa per promoure la relaci\u00f3 dels \u00e0mbits art\u00edstics i cientificot\u00e8cnics. Es tracta del Barcelona Hub d\u2019Art, Ci\u00e8ncia i Tecnologia (Artech Hub), una iniciativa transversal per impulsar programes de recerca, formaci\u00f3, difusi\u00f3, transfer\u00e8ncia i producci\u00f3. Carles Sora, director acad\u00e8mic del CITM, hi ha participat com a &#8230; <a title=\"Neix el Barcelona Hub d&#8217;Art, Ci\u00e8ncia i Tecnologia\" class=\"read-more\" href=\"https:\/\/www.citm.upc.edu\/blog\/neix-el-barcelona-hub-dart-ciencia-i-tecnologia\/?lang=ca\" aria-label=\"Read more about Neix el Barcelona Hub d&#8217;Art, Ci\u00e8ncia i Tecnologia\">Leer m\u00e1s<\/a><\/p>\n","protected":false},"author":2,"featured_media":4970,"comment_status":"closed","ping_status":"closed","sticky":false,"template":"","format":"standard","meta":{"footnotes":""},"categories":[104,108],"tags":[611,511,608,609],"class_list":["post-4969","post","type-post","status-publish","format-standard","has-post-thumbnail","hentry","category-institucional","category-institucional-2","tag-artech-hub","tag-carles-sora","tag-ciencia","tag-tecnologia"],"aioseo_notices":[],"_links":{"self":[{"href":"https:\/\/www.citm.upc.edu\/blog\/wp-json\/wp\/v2\/posts\/4969","targetHints":{"allow":["GET"]}}],"collection":[{"href":"https:\/\/www.citm.upc.edu\/blog\/wp-json\/wp\/v2\/posts"}],"about":[{"href":"https:\/\/www.citm.upc.edu\/blog\/wp-json\/wp\/v2\/types\/post"}],"author":[{"embeddable":true,"href":"https:\/\/www.citm.upc.edu\/blog\/wp-json\/wp\/v2\/users\/2"}],"replies":[{"embeddable":true,"href":"https:\/\/www.citm.upc.edu\/blog\/wp-json\/wp\/v2\/comments?post=4969"}],"version-history":[{"count":2,"href":"https:\/\/www.citm.upc.edu\/blog\/wp-json\/wp\/v2\/posts\/4969\/revisions"}],"predecessor-version":[{"id":4974,"href":"https:\/\/www.citm.upc.edu\/blog\/wp-json\/wp\/v2\/posts\/4969\/revisions\/4974"}],"wp:featuredmedia":[{"embeddable":true,"href":"https:\/\/www.citm.upc.edu\/blog\/wp-json\/wp\/v2\/media\/4970"}],"wp:attachment":[{"href":"https:\/\/www.citm.upc.edu\/blog\/wp-json\/wp\/v2\/media?parent=4969"}],"wp:term":[{"taxonomy":"category","embeddable":true,"href":"https:\/\/www.citm.upc.edu\/blog\/wp-json\/wp\/v2\/categories?post=4969"},{"taxonomy":"post_tag","embeddable":true,"href":"https:\/\/www.citm.upc.edu\/blog\/wp-json\/wp\/v2\/tags?post=4969"}],"curies":[{"name":"wp","href":"https:\/\/api.w.org\/{rel}","templated":true}]}}