{"id":5106,"date":"2021-02-05T11:17:05","date_gmt":"2021-02-05T10:17:05","guid":{"rendered":"https:\/\/www.citm.upc.edu\/blog\/?p=5106"},"modified":"2021-02-05T11:30:06","modified_gmt":"2021-02-05T10:30:06","slug":"la-professora-del-citm-vanessa-del-campo-presenta-el-seu-nou-curtmetratge-al-festival-de-cine-i-drets-humans-de-barcelona","status":"publish","type":"post","link":"https:\/\/www.citm.upc.edu\/blog\/la-professora-del-citm-vanessa-del-campo-presenta-el-seu-nou-curtmetratge-al-festival-de-cine-i-drets-humans-de-barcelona\/?lang=ca","title":{"rendered":"La professora del CITM Vanessa del Campo presenta el seu nou curtmetratge al Festival de Cine i Drets Humans de Barcelona"},"content":{"rendered":"<p>Vanessa del Campo Gatell, directora, guionista i professora del CITM, presenta el seu <strong>curt \u00abSe\u00f1ora Pepita, no robar\u00bb<\/strong> al XVII Festival de Cinema i Drets Humans de Barcelona.<!--more--><\/p>\n<p>Aquest \u00e9s el certamen independent dedicat a aquesta tem\u00e0tica m\u00e9s antic d\u2019Espanya. Al llarg de la seva traject\u00f2ria, ha acollit pel\u00b7l\u00edcules importants de tots els g\u00e8neres, que denuncien dram\u00e0tiques situacions d\u2019explotaci\u00f3 i injust\u00edcia sofertes per persones i comunitats d\u2019arreu del m\u00f3n.<\/p>\n<p>El treball presentat per la professora del CITM \u00e9s el seu tercer curtmetratge, un treball que ha obtingut el Premi del P\u00fablic en el Festival de Curtmetratges Requena y\u2026 \u00a1Acci\u00f3n!, i el primer Premi del Festival Internacional de Curtmetratges de Cines\u00e1n. Tamb\u00e9 ha estat seleccionat en diferents festivals internacionals com el de Cleveland, l&#8217;International Women Film de Turquia o el San Diego International Film Festival, per citar alguns exemples destacats.<\/p>\n<p>Rodat a Barcelona i interpretat per l\u2019actriu catalana Dora Santacreu, aquest curtmetratge posa de manifest la solitud que moltes persones viuen quan arriben a una edat avan\u00e7ada.<\/p>\n<p><span class=\"VIiyi\" lang=\"ca\"><span class=\"JLqJ4b ChMk0b\" data-language-for-alternatives=\"ca\" data-language-to-translate-into=\"es\" data-phrase-index=\"0\">Podeu<\/span> <span class=\"JLqJ4b ChMk0b\" data-language-for-alternatives=\"ca\" data-language-to-translate-into=\"es\" data-phrase-index=\"1\">gaudir d&#8217;aquest<\/span> <span class=\"JLqJ4b ChMk0b\" data-language-for-alternatives=\"ca\" data-language-to-translate-into=\"es\" data-phrase-index=\"2\">fant\u00e0stic<\/span> <span class=\"JLqJ4b ChMk0b\" data-language-for-alternatives=\"ca\" data-language-to-translate-into=\"es\" data-phrase-index=\"3\">treball<\/span> <span class=\"JLqJ4b ChMk0b\" data-language-for-alternatives=\"ca\" data-language-to-translate-into=\"es\" data-phrase-index=\"4\">i<\/span> <span class=\"JLqJ4b ChMk0b\" data-language-for-alternatives=\"ca\" data-language-to-translate-into=\"es\" data-phrase-index=\"5\">altres<\/span> <span class=\"JLqJ4b ChMk0b\" data-language-for-alternatives=\"ca\" data-language-to-translate-into=\"es\" data-phrase-index=\"6\">continguts<\/span> <span class=\"JLqJ4b ChMk0b\" data-language-for-alternatives=\"ca\" data-language-to-translate-into=\"es\" data-phrase-index=\"7\">de<\/span>l <span class=\"JLqJ4b ChMk0b\" data-language-for-alternatives=\"ca\" data-language-to-translate-into=\"es\" data-phrase-index=\"9\">certamen<\/span>, <span class=\"JLqJ4b ChMk0b\" data-language-for-alternatives=\"ca\" data-language-to-translate-into=\"es\" data-phrase-index=\"10\">de manera gratu\u00efta<\/span>, <\/span>des del<a href=\"https:\/\/fcdhbcn.com\/\" target=\"_blank\" rel=\"noopener noreferrer\"><strong> web del Festival de Cine i Drets Humans de Barcelona.<\/strong><\/a><\/p>\n","protected":false},"excerpt":{"rendered":"<p>Vanessa del Campo Gatell, directora, guionista i professora del CITM, presenta el seu curt \u00abSe\u00f1ora Pepita, no robar\u00bb al XVII Festival de Cinema i Drets Humans de Barcelona.<\/p>\n","protected":false},"author":2,"featured_media":5107,"comment_status":"closed","ping_status":"closed","sticky":false,"template":"","format":"standard","meta":{"footnotes":""},"categories":[104],"tags":[156],"class_list":["post-5106","post","type-post","status-publish","format-standard","has-post-thumbnail","hentry","category-institucional","tag-audiovisual"],"aioseo_notices":[],"_links":{"self":[{"href":"https:\/\/www.citm.upc.edu\/blog\/wp-json\/wp\/v2\/posts\/5106","targetHints":{"allow":["GET"]}}],"collection":[{"href":"https:\/\/www.citm.upc.edu\/blog\/wp-json\/wp\/v2\/posts"}],"about":[{"href":"https:\/\/www.citm.upc.edu\/blog\/wp-json\/wp\/v2\/types\/post"}],"author":[{"embeddable":true,"href":"https:\/\/www.citm.upc.edu\/blog\/wp-json\/wp\/v2\/users\/2"}],"replies":[{"embeddable":true,"href":"https:\/\/www.citm.upc.edu\/blog\/wp-json\/wp\/v2\/comments?post=5106"}],"version-history":[{"count":6,"href":"https:\/\/www.citm.upc.edu\/blog\/wp-json\/wp\/v2\/posts\/5106\/revisions"}],"predecessor-version":[{"id":5115,"href":"https:\/\/www.citm.upc.edu\/blog\/wp-json\/wp\/v2\/posts\/5106\/revisions\/5115"}],"wp:featuredmedia":[{"embeddable":true,"href":"https:\/\/www.citm.upc.edu\/blog\/wp-json\/wp\/v2\/media\/5107"}],"wp:attachment":[{"href":"https:\/\/www.citm.upc.edu\/blog\/wp-json\/wp\/v2\/media?parent=5106"}],"wp:term":[{"taxonomy":"category","embeddable":true,"href":"https:\/\/www.citm.upc.edu\/blog\/wp-json\/wp\/v2\/categories?post=5106"},{"taxonomy":"post_tag","embeddable":true,"href":"https:\/\/www.citm.upc.edu\/blog\/wp-json\/wp\/v2\/tags?post=5106"}],"curies":[{"name":"wp","href":"https:\/\/api.w.org\/{rel}","templated":true}]}}