{"id":5197,"date":"2021-02-24T17:36:25","date_gmt":"2021-02-24T16:36:25","guid":{"rendered":"https:\/\/www.citm.upc.edu\/blog\/?p=5197"},"modified":"2021-02-24T17:47:03","modified_gmt":"2021-02-24T16:47:03","slug":"comenca-el-25e-animac-la-mostra-internacional-de-cinema-danimacio-de-catalunya","status":"publish","type":"post","link":"https:\/\/www.citm.upc.edu\/blog\/comenca-el-25e-animac-la-mostra-internacional-de-cinema-danimacio-de-catalunya\/?lang=ca","title":{"rendered":"Comen\u00e7a el 25\u00e8 Animac, la Mostra Internacional de Cinema d\u2019Animaci\u00f3 de Catalunya"},"content":{"rendered":"<p>Animac est\u00e0 de celebraci\u00f3, i \u00e9s que compleix 25 anys d\u2019exist\u00e8ncia, una fita que ja no \u00e9s cap broma i que demostra el gran exercici d\u2019imaginaci\u00f3 i qualitat d\u2019aquest Festival. Una cita anual valenta que ha sabut connectar amb l&#8217;atreviment just amb els amants del cinema d\u2019animaci\u00f3 i fer-se un lloc com a referent en el sector. Organitzat per l\u2019Ajuntament de Lleida, i <strong>sota la direcci\u00f3 de la professora del CITM Carolina L\u00f3pez<\/strong>, es realitzar\u00e0 <strong>del<\/strong> <strong>25 de febrer al 7 de mar\u00e7. <\/strong><!--more--><\/p>\n<p>Enguany, Animac acull noves col\u00b7laboracions de centres educatius, com el <strong>taller<\/strong> que <strong>Joan Josep Pons<\/strong>, professor del <a href=\"https:\/\/www.citm.upc.edu\/cat\/estudis\/graus-videojocs\/\" target=\"_blank\" rel=\"noopener noreferrer\">grau en Disseny i Desenvolupament de Videojocs<\/a>, realitzar\u00e0 sobre <strong>M\u00f3ns Fant\u00e0stics<\/strong>, \u00a0i que es podr\u00e0 seguir dins de la secci\u00f3 Animacrea online. Aquesta \u00e9s una secci\u00f3 especial d\u2019Animac on es podran seguir tallers de diferents centres universitaris i escoles d\u2019animaci\u00f3.<\/p>\n<p><a href=\"https:\/\/www.citm.upc.edu\/blog\/wp-content\/uploads\/2021\/02\/ANIMAC_DATES.jpg\" target=\"_blank\" rel=\"noopener noreferrer\"><img loading=\"lazy\" decoding=\"async\" class=\"alignleft wp-image-5198 size-medium\" src=\"https:\/\/www.citm.upc.edu\/blog\/wp-content\/uploads\/2021\/02\/ANIMAC_DATES-300x100.jpg\" alt=\"\" width=\"300\" height=\"100\" srcset=\"https:\/\/www.citm.upc.edu\/blog\/wp-content\/uploads\/2021\/02\/ANIMAC_DATES-300x100.jpg 300w, https:\/\/www.citm.upc.edu\/blog\/wp-content\/uploads\/2021\/02\/ANIMAC_DATES-1024x341.jpg 1024w, https:\/\/www.citm.upc.edu\/blog\/wp-content\/uploads\/2021\/02\/ANIMAC_DATES-768x256.jpg 768w, https:\/\/www.citm.upc.edu\/blog\/wp-content\/uploads\/2021\/02\/ANIMAC_DATES.jpg 1500w\" sizes=\"auto, (max-width: 300px) 100vw, 300px\" \/><\/a>La 25a edici\u00f3 comptar\u00e0 tamb\u00e9 amb dues confer\u00e8ncies d\u2019excepci\u00f3 que tenen com a nexe d\u2019uni\u00f3 l\u2019estudi d\u2019animaci\u00f3 <strong>Pixar<\/strong>. Una, amb <strong>Daniel L\u00f3pez Mu\u00f1oz<\/strong>, dissenyador i director art\u00edstic de personatges a <em><strong>Soul<\/strong><\/em>,\u00a0 i l\u2019altra amb <strong>Lee Unkrich<\/strong>, director de <strong><em>Coco<\/em> <\/strong>i<em><strong> Toy Story 3<\/strong><\/em>, entre altres produccions d\u2019\u00e8xit. De fet, el padr\u00ed d\u2019Animac Campus d\u2019aquesta 25a edici\u00f3 \u00e9s precisament Daniel L\u00f3pez Mu\u00f1oz, un dels artistes que ha donat forma a Joe Gardner, el primer protagonista afroameric\u00e0 del llargmetratge <em>Soul<\/em>, l\u2019\u00faltima producci\u00f3 de Pixar dirigida per Pete Docter. Daniel L\u00f3pez Mu\u00f1oz repassar\u00e0 la seva traject\u00f2ria en una confer\u00e8ncia \u00fanica, el pr\u00f2xim 27 de febrer, a les 19.00 h, al Teatre de La Llotja de Lleida i que es retransmetr\u00e0 tamb\u00e9 en l\u00ednia.<\/p>\n<p>Animac presenta tamb\u00e9 <strong>Incubator<\/strong>, un espai especialment dedicat a tots els alumnes de centres universitaris i escoles d\u2019animaci\u00f3 que tinguin projectes en fase de preproducci\u00f3, producci\u00f3 o postproducci\u00f3. En aquest espai de <em>networking<\/em>, posaran els projectes presentats en mans de destacats professionals de la ind\u00fastria de l\u2019animaci\u00f3 perqu\u00e8 puguin oferir-los, gratu\u00eftament, la seva experta opini\u00f3 i assessorament.<\/p>\n<p>Com sempre totes les confer\u00e8ncies, curts i llargmetratges es podran seguir gratu\u00eftament des de la p\u00e0gina web d\u2019Animac i des de la plataforma Filmin.<\/p>\n<p><strong>M\u00e9s informaci\u00f3:<\/strong><\/p>\n<p><a href=\"http:\/\/www.animac.cat\/mostra-es\/programa-2021\" target=\"_blank\" rel=\"noopener noreferrer\">25\u00e8 Animac, la Mostra Internacional de Cinema d\u2019Animaci\u00f3 de Catalunya<\/a><\/p>\n","protected":false},"excerpt":{"rendered":"<p>Animac est\u00e0 de celebraci\u00f3, i \u00e9s que compleix 25 anys d\u2019exist\u00e8ncia, una fita que ja no \u00e9s cap broma i que demostra el gran exercici d\u2019imaginaci\u00f3 i qualitat d\u2019aquest Festival. Una cita anual valenta que ha sabut connectar amb l&#8217;atreviment just amb els amants del cinema d\u2019animaci\u00f3 i fer-se un lloc com a referent en &#8230; <a title=\"Comen\u00e7a el 25\u00e8 Animac, la Mostra Internacional de Cinema d\u2019Animaci\u00f3 de Catalunya\" class=\"read-more\" href=\"https:\/\/www.citm.upc.edu\/blog\/comenca-el-25e-animac-la-mostra-internacional-de-cinema-danimacio-de-catalunya\/?lang=ca\" aria-label=\"Read more about Comen\u00e7a el 25\u00e8 Animac, la Mostra Internacional de Cinema d\u2019Animaci\u00f3 de Catalunya\">Leer m\u00e1s<\/a><\/p>\n","protected":false},"author":2,"featured_media":5200,"comment_status":"closed","ping_status":"closed","sticky":false,"template":"","format":"standard","meta":{"footnotes":""},"categories":[22],"tags":[628,584],"class_list":["post-5197","post","type-post","status-publish","format-standard","has-post-thumbnail","hentry","category-animacio-digital","tag-animac","tag-carolina-lopez"],"aioseo_notices":[],"_links":{"self":[{"href":"https:\/\/www.citm.upc.edu\/blog\/wp-json\/wp\/v2\/posts\/5197","targetHints":{"allow":["GET"]}}],"collection":[{"href":"https:\/\/www.citm.upc.edu\/blog\/wp-json\/wp\/v2\/posts"}],"about":[{"href":"https:\/\/www.citm.upc.edu\/blog\/wp-json\/wp\/v2\/types\/post"}],"author":[{"embeddable":true,"href":"https:\/\/www.citm.upc.edu\/blog\/wp-json\/wp\/v2\/users\/2"}],"replies":[{"embeddable":true,"href":"https:\/\/www.citm.upc.edu\/blog\/wp-json\/wp\/v2\/comments?post=5197"}],"version-history":[{"count":3,"href":"https:\/\/www.citm.upc.edu\/blog\/wp-json\/wp\/v2\/posts\/5197\/revisions"}],"predecessor-version":[{"id":5206,"href":"https:\/\/www.citm.upc.edu\/blog\/wp-json\/wp\/v2\/posts\/5197\/revisions\/5206"}],"wp:featuredmedia":[{"embeddable":true,"href":"https:\/\/www.citm.upc.edu\/blog\/wp-json\/wp\/v2\/media\/5200"}],"wp:attachment":[{"href":"https:\/\/www.citm.upc.edu\/blog\/wp-json\/wp\/v2\/media?parent=5197"}],"wp:term":[{"taxonomy":"category","embeddable":true,"href":"https:\/\/www.citm.upc.edu\/blog\/wp-json\/wp\/v2\/categories?post=5197"},{"taxonomy":"post_tag","embeddable":true,"href":"https:\/\/www.citm.upc.edu\/blog\/wp-json\/wp\/v2\/tags?post=5197"}],"curies":[{"name":"wp","href":"https:\/\/api.w.org\/{rel}","templated":true}]}}