{"id":5301,"date":"2021-03-23T11:11:17","date_gmt":"2021-03-23T10:11:17","guid":{"rendered":"https:\/\/www.citm.upc.edu\/blog\/?p=5301"},"modified":"2022-04-21T12:27:29","modified_gmt":"2022-04-21T10:27:29","slug":"la-estudiante-del-grado-en-multimedia-marta-cabrera-becada-por-la-biblioteca-del-european-university-institute-eui","status":"publish","type":"post","link":"https:\/\/www.citm.upc.edu\/blog\/la-estudiante-del-grado-en-multimedia-marta-cabrera-becada-por-la-biblioteca-del-european-university-institute-eui\/","title":{"rendered":"Entrevista a la estudiante del grado en Multimedia Marta Cabrera, becada por la Biblioteca del European University Institute (EUI)"},"content":{"rendered":"<p>\u00abLa biblioteca del European University Institute, ubicada en Florencia, busca contratar un aprendiz multimedia. Somos una biblioteca acad\u00e9mica que atiende las necesidades de investigaci\u00f3n de profesores, becarios e investigadores de doctorado en Ciencias Sociales\u00bb. Con estas palabras comenzaba la propuesta de beca que esta prestigiosa instituci\u00f3n ofrec\u00eda a estudiantes de toda Europa. Finalmente, despu\u00e9s de realizar varias entrevistas y visionar los trabajos de la alumna Marta Cabrera, del grado en Multimedia del CITM, el equipo de selecci\u00f3n del <a href=\"https:\/\/www.eui.eu\/\" target=\"_blank\" rel=\"noopener noreferrer\">European University Institute<\/a> decidi\u00f3 que era la persona adecuada para desarrollar los retos multimedia que ten\u00edan en marcha.<!--more--><\/p>\n<p>Para averiguar en qu\u00e9 consiste su trabajo en el prestigioso Instituto Universitario Europeo, hemos hablado con Marta para que nos explique de primera mano c\u00f3mo es su experiencia.<\/p>\n<ul>\n<li><strong>Antes de todo, felicidades por haber ganado este concurso y empezar esta nueva etapa. \u00bfC\u00f3mo es la biblioteca donde realizas tu actividad?<\/strong><\/li>\n<\/ul>\n<p><a href=\"https:\/\/www.citm.upc.edu\/blog\/wp-content\/uploads\/2021\/03\/Biblio1.gif\" target=\"_blank\" rel=\"noopener noreferrer\"><img loading=\"lazy\" decoding=\"async\" class=\"alignleft wp-image-5303 size-medium\" src=\"https:\/\/www.citm.upc.edu\/blog\/wp-content\/uploads\/2021\/03\/Biblio1-300x107.gif\" alt=\"\" width=\"300\" height=\"107\" srcset=\"https:\/\/www.citm.upc.edu\/blog\/wp-content\/uploads\/2021\/03\/Biblio1-300x107.gif 300w, https:\/\/www.citm.upc.edu\/blog\/wp-content\/uploads\/2021\/03\/Biblio1-768x274.gif 768w\" sizes=\"auto, (max-width: 300px) 100vw, 300px\" \/><\/a>La biblioteca es la que tiene la misma universidad, el European University Institute Library. El ambiente es muy interesante: hay gente de toda Europa estudiando, trabajando y haciendo investigaci\u00f3n, sobre todo en el \u00e1rea de las Ciencias Sociales. Todo el mundo es muy amable y muy atento, a la vez que muy profesional. Aunque comentamos que gan\u00e9 una beca, ellos lo llaman \u00abtraineeship\u00bb y el t\u00edtulo oficial que tengo aqu\u00ed es el de \u00abmultimedia trinee\u00bb.<\/p>\n<ul>\n<li><strong>\u00bfC\u00f3mo es tu trabajo? \u00bfQu\u00e9 tipo de tareas realizas?<\/strong><\/li>\n<\/ul>\n<p>Esta es la primera vez que tienen alguien con perfil multimedia en pr\u00e1cticas y, por tanto, soy un poco el \u00abconejillo de indias\u00bb. Principalmente, lo que quieren es que les ayude en la creaci\u00f3n de v\u00eddeos promocionales y videotutoriales, haciendo animaciones para mejorar las explicaciones de estas piezas audiovisuales. Tambi\u00e9n hago dise\u00f1o gr\u00e1fico, realizando carteles, <em>flyers<\/em> y otras tareas de dise\u00f1o editorial.<\/p>\n<ul>\n<li><strong>Pues est\u00e1s totalmente en el \u00e1mbito multimedia&#8230;<\/strong><\/li>\n<\/ul>\n<p>S\u00ed, absolutamente. Ahora mismo tambi\u00e9n estoy ayudando en el contenido para las redes sociales, y s\u00e9 que en alg\u00fan momento tambi\u00e9n apoyar\u00e9 en la web, pero solo en aspectos de contenido.<\/p>\n<ul>\n<li><strong>\u00bfTu formaci\u00f3n en multimedia te permite trabajar con seguridad?<\/strong><\/li>\n<\/ul>\n<p>Totalmente. De hecho, veo que los trabajos los puedo hacer con seguridad y sobre todo aportando creatividad, ya que en el plano estrictamente t\u00e9cnico considero que tengo muy buen nivel. Esto me da confianza para poder seguir trabajando y aportando nuevas ideas.<\/p>\n<ul>\n<li><strong>Al ser un nuevo perfil profesional, \u00bfellos tambi\u00e9n se est\u00e1n adaptando?<\/strong><\/li>\n<\/ul>\n<p><a href=\"https:\/\/www.citm.upc.edu\/blog\/wp-content\/uploads\/2021\/03\/Biblio2.jpg\" target=\"_blank\" rel=\"noopener noreferrer\"><img loading=\"lazy\" decoding=\"async\" class=\"alignleft wp-image-5305 size-medium\" src=\"https:\/\/www.citm.upc.edu\/blog\/wp-content\/uploads\/2021\/03\/Biblio2-300x149.jpg\" alt=\"\" width=\"300\" height=\"149\" srcset=\"https:\/\/www.citm.upc.edu\/blog\/wp-content\/uploads\/2021\/03\/Biblio2-300x149.jpg 300w, https:\/\/www.citm.upc.edu\/blog\/wp-content\/uploads\/2021\/03\/Biblio2-768x381.jpg 768w, https:\/\/www.citm.upc.edu\/blog\/wp-content\/uploads\/2021\/03\/Biblio2.jpg 1024w\" sizes=\"auto, (max-width: 300px) 100vw, 300px\" \/><\/a>Exacto, como te dec\u00eda antes, al ser la primera vez que trabajan con alguien como yo estamos todos tratando de adaptarnos, ver qu\u00e9 necesitan y en qu\u00e9 les puedo ayudar a mejorar. Tienen mucho inter\u00e9s en mi perfil y quieren potenciar claramente las posibilidades multimedia de la biblioteca.<\/p>\n<p>Marta tambi\u00e9n nos comenta que est\u00e1 encantada con su estancia en Florencia, en el coraz\u00f3n de la Toscana, una ciudad que los mismos italianos llaman \u00abla ciudad de las maravillas\u00bb, llena de arte y cultura.<\/p>\n<p>El Instituto Universitario Europeo (en ingl\u00e9s, EUI: European University Institute), es un centro educativo de investigaci\u00f3n y documentaci\u00f3n especializado en estudios de posgrado. Esta instituci\u00f3n fue creada en 1972 por los pa\u00edses fundadores de las Comunidades Europeas. Entre sus principales objetivos est\u00e1 contribuir al desarrollo del patrimonio cultural y cient\u00edfico europeo y dirigir investigaciones propias del campo de las ciencias humanas y sociales desde una perspectiva europea.<\/p>\n<p>Por lo tanto, seguro que el trabajo multimedia que desarrolla Marta Cabrera servir\u00e1 para hacer una difusi\u00f3n m\u00e1s visual, clara, directa y comprensible para toda la comunidad de este prestigioso Instituto.<\/p>\n","protected":false},"excerpt":{"rendered":"<p>\u00abLa biblioteca del European University Institute, ubicada en Florencia, busca contratar un aprendiz multimedia. Somos una biblioteca acad\u00e9mica que atiende las necesidades de investigaci\u00f3n de profesores, becarios e investigadores de doctorado en Ciencias Sociales\u00bb. Con estas palabras comenzaba la propuesta de beca que esta prestigiosa instituci\u00f3n ofrec\u00eda a estudiantes de toda Europa. Finalmente, despu\u00e9s de &#8230; <a title=\"Entrevista a la estudiante del grado en Multimedia Marta Cabrera, becada por la Biblioteca del European University Institute (EUI)\" class=\"read-more\" href=\"https:\/\/www.citm.upc.edu\/blog\/la-estudiante-del-grado-en-multimedia-marta-cabrera-becada-por-la-biblioteca-del-european-university-institute-eui\/\" aria-label=\"Read more about Entrevista a la estudiante del grado en Multimedia Marta Cabrera, becada por la Biblioteca del European University Institute (EUI)\">Leer m\u00e1s<\/a><\/p>\n","protected":false},"author":2,"featured_media":5299,"comment_status":"closed","ping_status":"closed","sticky":false,"template":"","format":"standard","meta":{"footnotes":""},"categories":[813,108,17],"tags":[548,653,521,130],"class_list":["post-5301","post","type-post","status-publish","format-standard","has-post-thumbnail","hentry","category-entrevistas-alumni","category-institucional-2","category-multimedia-2","tag-becas","tag-entrevistas","tag-estudiantes-citm","tag-grado-en-multimedia"],"aioseo_notices":[],"_links":{"self":[{"href":"https:\/\/www.citm.upc.edu\/blog\/wp-json\/wp\/v2\/posts\/5301","targetHints":{"allow":["GET"]}}],"collection":[{"href":"https:\/\/www.citm.upc.edu\/blog\/wp-json\/wp\/v2\/posts"}],"about":[{"href":"https:\/\/www.citm.upc.edu\/blog\/wp-json\/wp\/v2\/types\/post"}],"author":[{"embeddable":true,"href":"https:\/\/www.citm.upc.edu\/blog\/wp-json\/wp\/v2\/users\/2"}],"replies":[{"embeddable":true,"href":"https:\/\/www.citm.upc.edu\/blog\/wp-json\/wp\/v2\/comments?post=5301"}],"version-history":[{"count":6,"href":"https:\/\/www.citm.upc.edu\/blog\/wp-json\/wp\/v2\/posts\/5301\/revisions"}],"predecessor-version":[{"id":6239,"href":"https:\/\/www.citm.upc.edu\/blog\/wp-json\/wp\/v2\/posts\/5301\/revisions\/6239"}],"wp:featuredmedia":[{"embeddable":true,"href":"https:\/\/www.citm.upc.edu\/blog\/wp-json\/wp\/v2\/media\/5299"}],"wp:attachment":[{"href":"https:\/\/www.citm.upc.edu\/blog\/wp-json\/wp\/v2\/media?parent=5301"}],"wp:term":[{"taxonomy":"category","embeddable":true,"href":"https:\/\/www.citm.upc.edu\/blog\/wp-json\/wp\/v2\/categories?post=5301"},{"taxonomy":"post_tag","embeddable":true,"href":"https:\/\/www.citm.upc.edu\/blog\/wp-json\/wp\/v2\/tags?post=5301"}],"curies":[{"name":"wp","href":"https:\/\/api.w.org\/{rel}","templated":true}]}}