{"id":5312,"date":"2021-03-25T16:21:08","date_gmt":"2021-03-25T15:21:08","guid":{"rendered":"https:\/\/www.citm.upc.edu\/blog\/?p=5312"},"modified":"2021-03-26T17:03:51","modified_gmt":"2021-03-26T16:03:51","slug":"sonar-la-upc-i-beteve-organitzaran-el-primer-ai-and-music-festival","status":"publish","type":"post","link":"https:\/\/www.citm.upc.edu\/blog\/sonar-la-upc-i-beteve-organitzaran-el-primer-ai-and-music-festival\/?lang=ca","title":{"rendered":"S\u00f3nar, la UPC i betev\u00e9 organitzaran el primer AI and Music Festival"},"content":{"rendered":"<p>S\u00f3nar, la UPC i betev\u00e9 organitzaran l\u2019AI and Music Festival, que tindr\u00e0 lloc a Barcelona, els dies 27 i 28 d\u2019octubre, en format h\u00edbrid. El festival, impulsat en el marc del programa S+T+ARTS de la Comissi\u00f3 Europea, se centrar\u00e0 en les aplicacions i els reptes de la Intel\u00b7lig\u00e8ncia Artificial en la creaci\u00f3 musical. En paral\u00b7lel, la UPC liderar\u00e0, des del final d\u2019abril, un laboratori de recerca aplicada (Thinking Lab) per explorar aquesta interrelaci\u00f3. El Centre de la Imatge i la Tecnologia Multim\u00e8dia, junt amb IDEAI-UPC, <span class=\"VIiyi\" lang=\"ca\"><span class=\"JLqJ4b ChMk0b\" data-language-for-alternatives=\"ca\" data-language-to-translate-into=\"es\" data-phrase-index=\"0\">seran<\/span> <span class=\"JLqJ4b ChMk0b\" data-language-for-alternatives=\"ca\" data-language-to-translate-into=\"es\" data-phrase-index=\"1\">dos dels<\/span> <span class=\"JLqJ4b ChMk0b\" data-language-for-alternatives=\"ca\" data-language-to-translate-into=\"es\" data-phrase-index=\"2\">actors<\/span> <span class=\"JLqJ4b ChMk0b\" data-language-for-alternatives=\"ca\" data-language-to-translate-into=\"es\" data-phrase-index=\"3\">centrals d&#8217;aquest<\/span> <span class=\"JLqJ4b ChMk0b\" data-language-for-alternatives=\"ca\" data-language-to-translate-into=\"es\" data-phrase-index=\"4\">projecte<\/span> <span class=\"JLqJ4b ChMk0b\" data-language-for-alternatives=\"ca\" data-language-to-translate-into=\"es\" data-phrase-index=\"5\">per<\/span> <span class=\"JLqJ4b ChMk0b\" data-language-for-alternatives=\"ca\" data-language-to-translate-into=\"es\" data-phrase-index=\"6\">part de la UPC. <\/span><\/span>A m\u00e9s a m\u00e9s, Carles Sora, director acad\u00e8mic del CITM, n&#8217;\u00e9s un dels investigadors principals.<!--more--><\/p>\n<p>Els mesos previs a l\u2019AI and Music Festival, S\u00f3nar i la Universitat Polit\u00e8cnica de Catalunya, amb l&#8217;impuls principal del CITM i IDEAI, actuaran com un <strong>Thinking Lab<\/strong>, que promour\u00e0 un di\u00e0leg obert entre l\u2019art i la ci\u00e8ncia i la tecnologia al voltant de la Intel\u00b7lig\u00e8ncia Artificial (IA). L\u2019objectiu \u00e9s reunir m\u00fasics, compositors, historiadors culturals, tecn\u00f2legs, cient\u00edfics i desenvolupadors d\u2019Intel\u00b7lig\u00e8ncia Artificial d\u2019arreu del m\u00f3n, per posar en com\u00fa, explorar i demostrar <strong>el rol de la Intel\u00b7lig\u00e8ncia Artificial en la creativitat musical<\/strong> i, en definitiva, com avan\u00e7ar en la interacci\u00f3 entre les persones i les m\u00e0quines.<\/p>\n<p>El Thinking Lab servir\u00e0, doncs, per identificar i conceptualitzar els principals reptes per a l\u2019enfocament art\u00edstic, social i cient\u00edfic del festival. Les conclusions i nous reptes que sorgeixin d\u2019aquest laboratori nodriran el contingut de l\u2019AI and Music Festival, que esdevindr\u00e0 un banc de proves per experimentar amb la IA en el context de l\u2019activitat musical.<\/p>\n<p><a href=\"https:\/\/www.citm.upc.edu\/blog\/wp-content\/uploads\/2021\/03\/CartellFestival.jpg\" target=\"_blank\" rel=\"noopener noreferrer\"><img loading=\"lazy\" decoding=\"async\" class=\"alignleft wp-image-5314 size-medium\" src=\"https:\/\/www.citm.upc.edu\/blog\/wp-content\/uploads\/2021\/03\/CartellFestival-236x300.jpg\" alt=\"\" width=\"236\" height=\"300\" srcset=\"https:\/\/www.citm.upc.edu\/blog\/wp-content\/uploads\/2021\/03\/CartellFestival-236x300.jpg 236w, https:\/\/www.citm.upc.edu\/blog\/wp-content\/uploads\/2021\/03\/CartellFestival.jpg 315w\" sizes=\"auto, (max-width: 236px) 100vw, 236px\" \/><\/a>L\u2019<strong>AI and Music Festival<\/strong>, oferir\u00e0, durant dos dies (<strong>27 i 28 d\u2019octubre<\/strong>) un programa amb activitats tant de m\u00fasica en viu, com de confer\u00e8ncies, <em>workshops<\/em>, debats, <em>hackathons<\/em>, espais de cocreaci\u00f3, <em>performances<\/em> i presentacions centrades en <strong>la interrelaci\u00f3 entre la creativitat humana i els aven\u00e7os tecnol\u00f2gics<\/strong><strong>.<\/strong> La majoria d\u2019activitats seran presencials, garantint les mesures de seguretat davant la COVID-19, i seran retransmeses per betev\u00e9, per\u00f2 d\u2019altres continguts seran exclusivament <em>online<\/em> i estaran espec\u00edficament dissenyats per a les audi\u00e8ncies digitals.<\/p>\n<p>La programaci\u00f3 completa es donar\u00e0 a con\u00e8ixer pr\u00f2ximament i se celebrar\u00e0 en paral\u00b7lel al festival S\u00f3narCCCB, que tamb\u00e9 tindr\u00e0 lloc la mateixa setmana, concretament els dies 29 i 30 d\u2019octubre, al Centre de Cultura Contempor\u00e0nia de Barcelona (CCCB).<\/p>\n<p>La Comissi\u00f3 Europea ha seleccionat el consorci format per S\u00f3nar, la UPC i betev\u00e9 per organitzar l\u2019AI and Music Festival, en el marc del programa europeu <a href=\"https:\/\/www.starts.eu\/\" target=\"_blank\" rel=\"noopener noreferrer\" data-linktype=\"external\" data-val=\"https:\/\/www.starts.eu\/\">S+T+ARTS (Science, Technology &amp; the Arts)<\/a>, una iniciativa dins del programa d\u2019R+D Horizon 2020 per fomentar aliances entre ci\u00e8ncia, tecnologia i arts.<\/p>\n<p><strong>La UPC, un referent docent i de recerca en IA<\/strong><\/p>\n<p>La UPC t\u00e9 una llarga experi\u00e8ncia en formaci\u00f3 i recerca en IA. Disposa d\u2019un ecosistema de coneixement i tecnol\u00f2gic format per diferents centres i grups de recerca, que participen en grans projectes nacionals i internacionals en aquest \u00e0mbit. A m\u00e9s, est\u00e0 a l\u2019avantguarda docent del pa\u00eds en IA: amb la posada en marxa del primer grau en Intel\u00b7lig\u00e8ncia Artificial de Catalunya, ser\u00e0 la primera universitat de tot l\u2019Estat a oferir una formaci\u00f3 completa de grau, m\u00e0ster i doctorat en IA.<\/p>\n<p>Per la seva banda, el <strong>CITM<\/strong>, un dels actors principals del projecte per part d\u2019UPC, \u00e9s un centre referent en explorar, a trav\u00e9s de la seva activitat formativa i de recerca, <strong>noves formes d\u2019interrelaci\u00f3 entre la creativitat, la innovaci\u00f3 i la tecnologia<\/strong>. Actualment \u00e9s l\u2019\u00fanic centre de l\u2019Estat en el qual s\u2019imparteixen tres graus complementaris en l\u2019\u00e0mbit de les ind\u00fastries digitals creatives: el grau oficial en Disseny, Animaci\u00f3 i Art Digital, el grau en Multim\u00e8dia i el grau en Disseny i Desenvolupament de Videojocs.<\/p>\n<p>D\u2019altra banda, aquest projecte s&#8217;inscriu tamb\u00e9 en la iniciativa <a href=\"https:\/\/www.upc.edu\/upcarts\/\" data-linktype=\"external\" data-val=\"https:\/\/www.upc.edu\/upcarts\/\"><strong>UPCArts<\/strong><\/a> per al foment de la relaci\u00f3 entre l\u2019art i la cultura i les ci\u00e8ncies i la tecnologia.<\/p>\n<p>&nbsp;<\/p>\n","protected":false},"excerpt":{"rendered":"<p>S\u00f3nar, la UPC i betev\u00e9 organitzaran l\u2019AI and Music Festival, que tindr\u00e0 lloc a Barcelona, els dies 27 i 28 d\u2019octubre, en format h\u00edbrid. El festival, impulsat en el marc del programa S+T+ARTS de la Comissi\u00f3 Europea, se centrar\u00e0 en les aplicacions i els reptes de la Intel\u00b7lig\u00e8ncia Artificial en la creaci\u00f3 musical. En paral\u00b7lel, &#8230; <a title=\"S\u00f3nar, la UPC i betev\u00e9 organitzaran el primer AI and Music Festival\" class=\"read-more\" href=\"https:\/\/www.citm.upc.edu\/blog\/sonar-la-upc-i-beteve-organitzaran-el-primer-ai-and-music-festival\/?lang=ca\" aria-label=\"Read more about S\u00f3nar, la UPC i betev\u00e9 organitzaran el primer AI and Music Festival\">Leer m\u00e1s<\/a><\/p>\n","protected":false},"author":2,"featured_media":5313,"comment_status":"closed","ping_status":"closed","sticky":false,"template":"","format":"standard","meta":{"footnotes":""},"categories":[104],"tags":[655,157,575],"class_list":["post-5312","post","type-post","status-publish","format-standard","has-post-thumbnail","hentry","category-institucional","tag-artificial-intelligence","tag-musica","tag-upcarts"],"aioseo_notices":[],"_links":{"self":[{"href":"https:\/\/www.citm.upc.edu\/blog\/wp-json\/wp\/v2\/posts\/5312","targetHints":{"allow":["GET"]}}],"collection":[{"href":"https:\/\/www.citm.upc.edu\/blog\/wp-json\/wp\/v2\/posts"}],"about":[{"href":"https:\/\/www.citm.upc.edu\/blog\/wp-json\/wp\/v2\/types\/post"}],"author":[{"embeddable":true,"href":"https:\/\/www.citm.upc.edu\/blog\/wp-json\/wp\/v2\/users\/2"}],"replies":[{"embeddable":true,"href":"https:\/\/www.citm.upc.edu\/blog\/wp-json\/wp\/v2\/comments?post=5312"}],"version-history":[{"count":6,"href":"https:\/\/www.citm.upc.edu\/blog\/wp-json\/wp\/v2\/posts\/5312\/revisions"}],"predecessor-version":[{"id":5329,"href":"https:\/\/www.citm.upc.edu\/blog\/wp-json\/wp\/v2\/posts\/5312\/revisions\/5329"}],"wp:featuredmedia":[{"embeddable":true,"href":"https:\/\/www.citm.upc.edu\/blog\/wp-json\/wp\/v2\/media\/5313"}],"wp:attachment":[{"href":"https:\/\/www.citm.upc.edu\/blog\/wp-json\/wp\/v2\/media?parent=5312"}],"wp:term":[{"taxonomy":"category","embeddable":true,"href":"https:\/\/www.citm.upc.edu\/blog\/wp-json\/wp\/v2\/categories?post=5312"},{"taxonomy":"post_tag","embeddable":true,"href":"https:\/\/www.citm.upc.edu\/blog\/wp-json\/wp\/v2\/tags?post=5312"}],"curies":[{"name":"wp","href":"https:\/\/api.w.org\/{rel}","templated":true}]}}