{"id":5351,"date":"2021-04-19T12:28:42","date_gmt":"2021-04-19T10:28:42","guid":{"rendered":"https:\/\/www.citm.upc.edu\/blog\/?p=5351"},"modified":"2021-04-19T12:42:23","modified_gmt":"2021-04-19T10:42:23","slug":"el-citm-col%c2%b7labora-en-el-cicle-tecnologies-emergents-i-desigualtats-del-palau-macaya","status":"publish","type":"post","link":"https:\/\/www.citm.upc.edu\/blog\/el-citm-col%c2%b7labora-en-el-cicle-tecnologies-emergents-i-desigualtats-del-palau-macaya\/?lang=ca","title":{"rendered":"El CITM col\u00b7labora en el cicle &#8216;Tecnologies Emergents i Desigualtats&#8217; del Palau Macaya"},"content":{"rendered":"<p>Carles Sora, director del CITM, ha estat convidat a col\u00b7laborar com a assessor cient\u00edfic i tamb\u00e9 com a ponent del cicle \u00abTecnologies Emergents i Desigualtats\u00bb. Coorganitzat per Fundaci\u00f3 \u201cla Caixa\u201d i la Universitat Polit\u00e8cnica de Catalunya (UPC), amb la col\u00b7laboraci\u00f3 de <a href=\"https:\/\/digitalfuturesociety.com\/\" target=\"_blank\" rel=\"noopener noreferrer\">Digital Future Society<\/a>, aquest cicle de di\u00e0legs oberts pret\u00e9n generar un espai de reflexi\u00f3 al voltant de la relaci\u00f3 existent entre les desigualtats i la tecnologia, amb una perspectiva educativa i inclusiva. El cicle, que s\u2019estendr\u00e0 del 20 d\u2019abril a l\u20191 de juny, es realitzar\u00e0 de forma presencial al Palau Macaya, per\u00f2 tamb\u00e9 es podr\u00e0 seguir de forma virtual.<!--more--><\/p>\n<p>Les tecnologies emergents han contribu\u00eft a l\u2019augment de la bretxa social que s\u2019ha produ\u00eft quan una part de la poblaci\u00f3 no hi t\u00e9 acc\u00e9s, o s\u2019han implantat de manera r\u00e0pida sense que s\u2019hagi rebut la formaci\u00f3 necess\u00e0ria per fer-les servir cr\u00edticament. Per tot aix\u00f2, aquest cicle plantejar\u00e0 quins <strong>reptes socials<\/strong> hi tenim al davant d\u2019aquesta q\u00fcesti\u00f3, i ho far\u00e0 des d\u2019una triple perspectiva: l&#8217;educaci\u00f3 i alfabetitzaci\u00f3 digital, la inclusi\u00f3 digital i els reptes emergents i desigualtats. Tot, mentre ofereix una an\u00e0lisi m\u00e9s \u00e0mplia sobre la relaci\u00f3 entre els humans i la tecnologia.<\/p>\n<p>Per abordar aquestes q\u00fcestions, s\u2019han programat 7 di\u00e0legs oberts:<\/p>\n<ul>\n<li>Alfabetitzaci\u00f3 i bretxa digital<\/li>\n<li>Desinformaci\u00f3, <em>deep fakes<\/em> i habilitats digitals<\/li>\n<li>Dona, tecnologia i inclusi\u00f3<\/li>\n<li>Drets digitals i dades personals<\/li>\n<li>Reconeixement facial, IA i tecno\u00e8tica<\/li>\n<li>Tecnologia contra les desigualtats durant la pand\u00e8mia<\/li>\n<li><em>Happycr\u00e0cia<\/em>: felicitat i desigualtat social?<\/li>\n<\/ul>\n<p><strong>Carles Sora,<\/strong> a m\u00e9s de ser membre del comit\u00e8 cient\u00edfic, participar\u00e0 com a <strong>ponent en el 2n di\u00e0leg: \u00abDesinformaci\u00f3, <em>deep fakes<\/em> i habilitats digitals\u00bb<\/strong>, on analitzar\u00e0, juntament amb Simona Levi, presidenta i cofundadora de Xnet i de 15MPARATO, els perills de la desinformaci\u00f3 i els <em>deep fakes<\/em>, aix\u00ed com les desigualtats i els biaixos socials que generen aquestes poderoses tecnologies de control. A m\u00e9s, ens aportaran eines pr\u00e0ctiques per protegir-nos-en. El di\u00e0leg tindr\u00e0 lloc dijous 29 d\u2019abril, de 18:30\u202fh a 20:00\u202fh. Es realitzar\u00e0 de forma presencial amb reserva i tamb\u00e9 en l\u00ednia.<\/p>\n<p><strong>M\u00e9s informaci\u00f3 i inscripcions:<\/strong><\/p>\n<p><a href=\"https:\/\/palaumacaya.org\/ca\/p\/tecnologias-emergentes-y-desigualdades_c17454766\" target=\"_blank\" rel=\"noopener noreferrer\">Cicle de Reptes Socials &#8211; Tecnologies Emergents i Desigualtats<\/a><\/p>\n","protected":false},"excerpt":{"rendered":"<p>Carles Sora, director del CITM, ha estat convidat a col\u00b7laborar com a assessor cient\u00edfic i tamb\u00e9 com a ponent del cicle \u00abTecnologies Emergents i Desigualtats\u00bb. Coorganitzat per Fundaci\u00f3 \u201cla Caixa\u201d i la Universitat Polit\u00e8cnica de Catalunya (UPC), amb la col\u00b7laboraci\u00f3 de Digital Future Society, aquest cicle de di\u00e0legs oberts pret\u00e9n generar un espai de reflexi\u00f3 &#8230; <a title=\"El CITM col\u00b7labora en el cicle &#8216;Tecnologies Emergents i Desigualtats&#8217; del Palau Macaya\" class=\"read-more\" href=\"https:\/\/www.citm.upc.edu\/blog\/el-citm-col%c2%b7labora-en-el-cicle-tecnologies-emergents-i-desigualtats-del-palau-macaya\/?lang=ca\" aria-label=\"Read more about El CITM col\u00b7labora en el cicle &#8216;Tecnologies Emergents i Desigualtats&#8217; del Palau Macaya\">Leer m\u00e1s<\/a><\/p>\n","protected":false},"author":2,"featured_media":5355,"comment_status":"closed","ping_status":"closed","sticky":false,"template":"","format":"standard","meta":{"footnotes":""},"categories":[104],"tags":[511,667,661,662,663],"class_list":["post-5351","post","type-post","status-publish","format-standard","has-post-thumbnail","hentry","category-institucional","tag-carles-sora","tag-conferencies","tag-debats-socials","tag-noves-tecnologies","tag-tecnologies-emergents"],"aioseo_notices":[],"_links":{"self":[{"href":"https:\/\/www.citm.upc.edu\/blog\/wp-json\/wp\/v2\/posts\/5351","targetHints":{"allow":["GET"]}}],"collection":[{"href":"https:\/\/www.citm.upc.edu\/blog\/wp-json\/wp\/v2\/posts"}],"about":[{"href":"https:\/\/www.citm.upc.edu\/blog\/wp-json\/wp\/v2\/types\/post"}],"author":[{"embeddable":true,"href":"https:\/\/www.citm.upc.edu\/blog\/wp-json\/wp\/v2\/users\/2"}],"replies":[{"embeddable":true,"href":"https:\/\/www.citm.upc.edu\/blog\/wp-json\/wp\/v2\/comments?post=5351"}],"version-history":[{"count":1,"href":"https:\/\/www.citm.upc.edu\/blog\/wp-json\/wp\/v2\/posts\/5351\/revisions"}],"predecessor-version":[{"id":5353,"href":"https:\/\/www.citm.upc.edu\/blog\/wp-json\/wp\/v2\/posts\/5351\/revisions\/5353"}],"wp:featuredmedia":[{"embeddable":true,"href":"https:\/\/www.citm.upc.edu\/blog\/wp-json\/wp\/v2\/media\/5355"}],"wp:attachment":[{"href":"https:\/\/www.citm.upc.edu\/blog\/wp-json\/wp\/v2\/media?parent=5351"}],"wp:term":[{"taxonomy":"category","embeddable":true,"href":"https:\/\/www.citm.upc.edu\/blog\/wp-json\/wp\/v2\/categories?post=5351"},{"taxonomy":"post_tag","embeddable":true,"href":"https:\/\/www.citm.upc.edu\/blog\/wp-json\/wp\/v2\/tags?post=5351"}],"curies":[{"name":"wp","href":"https:\/\/api.w.org\/{rel}","templated":true}]}}