{"id":5354,"date":"2021-04-19T12:41:26","date_gmt":"2021-04-19T10:41:26","guid":{"rendered":"https:\/\/www.citm.upc.edu\/blog\/?p=5354"},"modified":"2021-04-19T12:42:35","modified_gmt":"2021-04-19T10:42:35","slug":"el-citm-colabora-en-el-ciclo-tecnologias-emergentes-y-desigualdades-del-palau-macaya","status":"publish","type":"post","link":"https:\/\/www.citm.upc.edu\/blog\/el-citm-colabora-en-el-ciclo-tecnologias-emergentes-y-desigualdades-del-palau-macaya\/","title":{"rendered":"El CITM colabora en el ciclo &#8216;Tecnolog\u00edas Emergentes y Desigualdades&#8217; del Palau Macaya"},"content":{"rendered":"<p>Carles Sora, director del CITM, ha sido invitado a colaborar como asesor cient\u00edfico y tambi\u00e9n como ponente del ciclo \u00abTecnolog\u00edas Emergentes y Desigualdades\u00bb. Coorganizado por Fundaci\u00f3 \u00abla Caixa\u00bb y la Universitat Polit\u00e8cnica de Catalunya (UPC), con la colaboraci\u00f3n de <a href=\"https:\/\/digitalfuturesociety.com\" target=\"_blank\" rel=\"noopener noreferrer\">Digital Future Society<\/a>, este ciclo de di\u00e1logos abiertos pretende generar un espacio de reflexi\u00f3n en torno a la relaci\u00f3n existente entre las desigualdades y la tecnolog\u00eda, con una perspectiva educativa e inclusiva. El ciclo, que se extender\u00e1 del 20 de abril al 1 de junio, se realizar\u00e1 de forma presencial en el Palau Macaya, pero tambi\u00e9n se podr\u00e1 seguir de forma virtual.<!--more--><\/p>\n<p>Las tecnolog\u00edas emergentes han contribuido al aumento de la brecha social que se ha producido cuando una parte de la poblaci\u00f3n no tiene acceso a ellas, o se han implantado de manera r\u00e1pida sin que se haya recibido la formaci\u00f3n necesaria para utilizarlas cr\u00edticamente. Por todo ello, este ciclo plantear\u00e1 qu\u00e9 <strong>retos sociales<\/strong> tenemos en frente de esta cuesti\u00f3n, y lo har\u00e1 desde una triple perspectiva: la educaci\u00f3n y alfabetizaci\u00f3n digital, la inclusi\u00f3n digital y los retos emergentes y desigualdades. Todo, mientras ofrece un an\u00e1lisis m\u00e1s amplio sobre la relaci\u00f3n entre los humanos y la tecnolog\u00eda.<\/p>\n<p>Para abordar estas cuestiones, se han programado 7 di\u00e1logos abiertos:<\/p>\n<ul>\n<li>Alfabetizaci\u00f3n y brecha digital<\/li>\n<li>Desinformaci\u00f3n, <em>deep fakes<\/em> y habilidades digitales<\/li>\n<li>Mujer, tecnolog\u00eda e inclusi\u00f3n<\/li>\n<li>Derechos digitales y datos personales<\/li>\n<li>Reconocimiento facial, IA y tecno\u00e9tica<\/li>\n<li>Tecnolog\u00eda contra las desigualdades durante la pandemia<\/li>\n<li><em>Happycracia<\/em>: \u00bffelicidad y desigualdad social?<\/li>\n<\/ul>\n<p><strong>Carles Sora<\/strong>, adem\u00e1s de ser miembro del comit\u00e9 cient\u00edfico, participar\u00e1 como p<strong>onente en el 2\u00ba di\u00e1logo: \u00abDesinformaci\u00f3n, <em>deep fakes<\/em> y habilidades digitales\u00bb<\/strong>, donde analizar\u00e1, junto con Simona Levi, presidenta y cofundadora de Xnet y de 15MPARATO, los peligros de la desinformaci\u00f3n y los <em>deep fakes<\/em>, as\u00ed como las desigualdades y los sesgos sociales que generan estas poderosas tecnolog\u00edas de control. Adem\u00e1s, nos aportar\u00e1n herramientas pr\u00e1cticas para protegerse de ello. El di\u00e1logo tendr\u00e1 lugar el jueves 29 de abril, de 18:30 h a 20:00 h. Se realizar\u00e1 de forma presencial con reserva y tambi\u00e9n en l\u00ednea.<\/p>\n<p><strong>M\u00e1s informaci\u00f3n e inscripciones:<\/strong><\/p>\n<p><a href=\"https:\/\/palaumacaya.org\/es\/p\/tecnologias-emergentes-y-desigualdades_c17454766\" target=\"_blank\" rel=\"noopener noreferrer\">Ciclo de Retos Sociales &#8211; Tecnolog\u00edas Emergentes y Desigualdades<\/a><\/p>\n","protected":false},"excerpt":{"rendered":"<p>Carles Sora, director del CITM, ha sido invitado a colaborar como asesor cient\u00edfico y tambi\u00e9n como ponente del ciclo \u00abTecnolog\u00edas Emergentes y Desigualdades\u00bb. Coorganizado por Fundaci\u00f3 \u00abla Caixa\u00bb y la Universitat Polit\u00e8cnica de Catalunya (UPC), con la colaboraci\u00f3n de Digital Future Society, este ciclo de di\u00e1logos abiertos pretende generar un espacio de reflexi\u00f3n en torno &#8230; <a title=\"El CITM colabora en el ciclo &#8216;Tecnolog\u00edas Emergentes y Desigualdades&#8217; del Palau Macaya\" class=\"read-more\" href=\"https:\/\/www.citm.upc.edu\/blog\/el-citm-colabora-en-el-ciclo-tecnologias-emergentes-y-desigualdades-del-palau-macaya\/\" aria-label=\"Read more about El CITM colabora en el ciclo &#8216;Tecnolog\u00edas Emergentes y Desigualdades&#8217; del Palau Macaya\">Leer m\u00e1s<\/a><\/p>\n","protected":false},"author":2,"featured_media":5355,"comment_status":"closed","ping_status":"closed","sticky":false,"template":"","format":"standard","meta":{"footnotes":""},"categories":[108],"tags":[511,666,665,664],"class_list":["post-5354","post","type-post","status-publish","format-standard","has-post-thumbnail","hentry","category-institucional-2","tag-carles-sora","tag-debates-sociales","tag-nuevas-tecnologias","tag-tecnologias-emergentes"],"aioseo_notices":[],"_links":{"self":[{"href":"https:\/\/www.citm.upc.edu\/blog\/wp-json\/wp\/v2\/posts\/5354","targetHints":{"allow":["GET"]}}],"collection":[{"href":"https:\/\/www.citm.upc.edu\/blog\/wp-json\/wp\/v2\/posts"}],"about":[{"href":"https:\/\/www.citm.upc.edu\/blog\/wp-json\/wp\/v2\/types\/post"}],"author":[{"embeddable":true,"href":"https:\/\/www.citm.upc.edu\/blog\/wp-json\/wp\/v2\/users\/2"}],"replies":[{"embeddable":true,"href":"https:\/\/www.citm.upc.edu\/blog\/wp-json\/wp\/v2\/comments?post=5354"}],"version-history":[{"count":2,"href":"https:\/\/www.citm.upc.edu\/blog\/wp-json\/wp\/v2\/posts\/5354\/revisions"}],"predecessor-version":[{"id":5357,"href":"https:\/\/www.citm.upc.edu\/blog\/wp-json\/wp\/v2\/posts\/5354\/revisions\/5357"}],"wp:featuredmedia":[{"embeddable":true,"href":"https:\/\/www.citm.upc.edu\/blog\/wp-json\/wp\/v2\/media\/5355"}],"wp:attachment":[{"href":"https:\/\/www.citm.upc.edu\/blog\/wp-json\/wp\/v2\/media?parent=5354"}],"wp:term":[{"taxonomy":"category","embeddable":true,"href":"https:\/\/www.citm.upc.edu\/blog\/wp-json\/wp\/v2\/categories?post=5354"},{"taxonomy":"post_tag","embeddable":true,"href":"https:\/\/www.citm.upc.edu\/blog\/wp-json\/wp\/v2\/tags?post=5354"}],"curies":[{"name":"wp","href":"https:\/\/api.w.org\/{rel}","templated":true}]}}