{"id":5359,"date":"2021-05-10T11:40:21","date_gmt":"2021-05-10T09:40:21","guid":{"rendered":"https:\/\/www.citm.upc.edu\/blog\/?p=5359"},"modified":"2021-05-10T11:55:33","modified_gmt":"2021-05-10T09:55:33","slug":"la-upc-i-sonar-donen-el-tret-de-sortida-al-thinkinglab-amb-un-workshop-sobre-les-connexions-entre-intel%c2%b7ligencia-artificial-i-musica","status":"publish","type":"post","link":"https:\/\/www.citm.upc.edu\/blog\/la-upc-i-sonar-donen-el-tret-de-sortida-al-thinkinglab-amb-un-workshop-sobre-les-connexions-entre-intel%c2%b7ligencia-artificial-i-musica\/?lang=ca","title":{"rendered":"La UPC i S\u00f3nar donen el tret de sortida al ThinkingLab amb un workshop sobre les connexions entre IA i m\u00fasica"},"content":{"rendered":"<p>Aquest dijous 13 de maig, un panell format per artistes innovadors i experts en Intel\u00b7lig\u00e8ncia Artificial (IA) exploraran les connexions entre la IA i la m\u00fasica en un <em>workshop<\/em> que ser\u00e0 transm\u00e8s en directe. Aquest taller \u00e9s la primera activitat del ThinkingLab, una iniciativa de la UPC i S\u00f3nar, i que \u00e9s la pr\u00e8via del S+T+ARTS AI i Music Festival, que tindr\u00e0 lloc a la tardor a Barcelona.<!--more--><\/p>\n<p>El <em>workshop<\/em> col\u00b7laboratiu <strong>&#8216;Exploring connections between AI and Music&#8217;<\/strong>, organitzat per la Universitat Polit\u00e8cnica de Catalunya \u00b7 BarcelonaTech (UPC) i S\u00f3nar, se centrar\u00e0 a <strong>treballar amb la IA des de perspectives creatives i cient\u00edfiques<\/strong> i a promoure un di\u00e0leg obert amb el p\u00fablic sobre aquesta tecnologia, i els reptes i oportunitats que presenta, des d\u2019una perspectiva centrada en l\u2019\u00e9sser hum\u00e0. L\u2019objectiu \u00e9s analitzar com fem servir la m\u00fasica per explorar les capacitats de la Intel\u00b7lig\u00e8ncia Artificial, i com fem servir t\u00e8cniques d\u2019IA per expandir o imitar les nostres capacitats creatives. El workshop es desenvolupar\u00e0 en angl\u00e8s i s\u2019emetr\u00e0 <a href=\"https:\/\/sonar.es\/ca\/2022\/noticies\/livestream-sonar-i-upc-presenten-un-workshop-col-laboratiu-per-a-explorar-les-connexions-entre-ia-i-musica\" target=\"_blank\" rel=\"noopener noreferrer\" data-linktype=\"external\" data-val=\"https:\/\/sonar.es\/ca\/2022\/noticies\/livestream-sonar-i-upc-presenten-un-workshop-col-laboratiu-per-a-explorar-les-connexions-entre-ia-i-musica\"><strong>en directe<\/strong><\/a><strong> de forma gratu\u00efta el dijous 13 de maig, de 17 a 19 hores<\/strong>.<\/p>\n<p>A m\u00e9s, el taller buscar\u00e0 connectar escenes d\u2019intel\u00b7lig\u00e8ncia art\u00edstica i artificial per comen\u00e7ar a teixir xarxes que puguin crear sinergies. El debat comptar\u00e0 amb la participaci\u00f3 de tres artistes que han convertit la IA en una part integral del seu treball recent:<\/p>\n<ul>\n<li><strong>Claire L. Evans<\/strong>, cantant del grup YACHT, que en el seu LP &#8216;Chain Tripping&#8217; va utilitzar l\u2019aprenentatge autom\u00e0tic com a part del proc\u00e9s de composici\u00f3.<\/li>\n<li><strong>Jan St. Werner<\/strong>, que forma part del duet alemany Mouse on Mars, el projecte recent del qual, AII (<em>Anarchic Artificial Intelligence<\/em>), situa la IA a un pla central, pr\u00e0ctic i filos\u00f2fic.<\/li>\n<li><strong>Iv\u00e1n Paz<\/strong>, una figura central de l\u2019escena del Live Coding, el treball del qual preveu l\u2019\u00fas de <em>machine learning<\/em> en temps real i la composici\u00f3 des de zero.<\/li>\n<\/ul>\n<p>Aquests artistes estaran acompanyats per tres destacats especialistes en la mat\u00e8ria, seleccionats per la<strong> UPC,<\/strong> amb expertesa en la formaci\u00f3 de xarxes neuronals i la s\u00edntesi de veu, les aplicacions d\u2019IA de la climatologia i la composici\u00f3 algor\u00edtmica.<\/p>\n<ul>\n<li><strong>Michaela Milano, <\/strong>professora d&#8217;Intel\u00b7lig\u00e8ncia Artificial a la Universitat de Bolonya (It\u00e0lia). La seva recerca se centra en sistemes de suport i optimitzaci\u00f3 de decisions.<\/li>\n<li><strong>Jordi Pons<\/strong>, <em>alumni<\/em> de la UPC i investigador a Dolby Laboratories. Doctorat en tecnologia musical, col\u00b7leccions d\u2019\u00e0udio a gran escala i aprenentatge profund al Music Technology Group de la Universitat Pompeu Fabra (UPF).<\/li>\n<li><strong><a href=\"https:\/\/futur.upc.edu\/JavierRuizHidalgo\" target=\"_blank\" rel=\"noopener noreferrer\" data-linktype=\"external\" data-val=\"https:\/\/futur.upc.edu\/JavierRuizHidalgo\">Javier Ruiz<\/a><\/strong>, investigador del Departament de Teoria del Senyal i Comunicacions la UPC i del grup de recerca Intelligent Data Science and Artificial Intelligence Research Center (IDEAI-UPC). Doctorat en processament d\u2019imatges, la seva recerca se centra en la Visi\u00f3 per Computador.<\/li>\n<\/ul>\n<p>L\u2019esdeveniment \u00e9s l\u2019avantsala d\u2019una s\u00e8rie de xerrades, debats i intercanvis de coneixement del ThinkingLab de l\u2019AI and Music Festival. Liderat per la UPC, aquest laboratori, que operar\u00e0 des d&#8217;ara i fins a la celebraci\u00f3 del festival, \u00e9s un espai obert per al debat i l\u2019experimentaci\u00f3. L\u2019objectiu \u00e9s reunir <strong>experts internacionals en Intel\u00b7lig\u00e8ncia Artificial (m\u00fasics, compositors, historiadors culturals, tecn\u00f2legs, cient\u00edfics i desenvolupadors)<\/strong>, amb la finalitat d&#8217;identificar i conceptualitzar els principals reptes i les pr\u00e0ctiques m\u00e9s destacades de l&#8217;aplicaci\u00f3 de la IA en la creativitat musical i, en definitiva, d&#8217;explorar com avan\u00e7ar en la interacci\u00f3 entre les persones i les m\u00e0quines.<\/p>\n<p>Les conclusions, l\u00ednies de treball i nous reptes que sorgeixin d\u2019aquest laboratori nodriran en bona part el contingut de l\u2019AI and Music Festival, que tindr\u00e0 lloc el 27 i 28 d\u2019octubre i esdevindr\u00e0 un banc de proves per experimentar amb la IA en el context de l\u2019activitat musical. L\u2019AI and Music Festival \u00e9s una iniciativa del<strong> <a href=\"https:\/\/www.starts.eu\/\" target=\"_blank\" rel=\"noopener noreferrer\" data-linktype=\"external\" data-val=\"https:\/\/www.starts.eu\/\">programa S+T+ARTS<\/a><\/strong> de la Comissi\u00f3 Europea, organitzat per S\u00f3nar, la UPC i betev\u00e9. Per part de la Universitat, lideren el projecte l&#8217;IDEAI i el Centre de la Imatge i la Tecnologia Multim\u00e8dia (CITM).<\/p>\n<p><em>Font:<\/em> Universitat Polit\u00e8cnica de Catalunya \u00b7 BarcelonaTech (UPC)<\/p>\n","protected":false},"excerpt":{"rendered":"<p>Aquest dijous 13 de maig, un panell format per artistes innovadors i experts en Intel\u00b7lig\u00e8ncia Artificial (IA) exploraran les connexions entre la IA i la m\u00fasica en un workshop que ser\u00e0 transm\u00e8s en directe. Aquest taller \u00e9s la primera activitat del ThinkingLab, una iniciativa de la UPC i S\u00f3nar, i que \u00e9s la pr\u00e8via del &#8230; <a title=\"La UPC i S\u00f3nar donen el tret de sortida al ThinkingLab amb un workshop sobre les connexions entre IA i m\u00fasica\" class=\"read-more\" href=\"https:\/\/www.citm.upc.edu\/blog\/la-upc-i-sonar-donen-el-tret-de-sortida-al-thinkinglab-amb-un-workshop-sobre-les-connexions-entre-intel%c2%b7ligencia-artificial-i-musica\/?lang=ca\" aria-label=\"Read more about La UPC i S\u00f3nar donen el tret de sortida al ThinkingLab amb un workshop sobre les connexions entre IA i m\u00fasica\">Leer m\u00e1s<\/a><\/p>\n","protected":false},"author":2,"featured_media":5367,"comment_status":"closed","ping_status":"closed","sticky":false,"template":"","format":"standard","meta":{"footnotes":""},"categories":[104],"tags":[668,655,669,157,670],"class_list":["post-5359","post","type-post","status-publish","format-standard","has-post-thumbnail","hentry","category-institucional","tag-ai-music-festival","tag-artificial-intelligence","tag-machine-learning","tag-musica","tag-thinkinglab"],"aioseo_notices":[],"_links":{"self":[{"href":"https:\/\/www.citm.upc.edu\/blog\/wp-json\/wp\/v2\/posts\/5359","targetHints":{"allow":["GET"]}}],"collection":[{"href":"https:\/\/www.citm.upc.edu\/blog\/wp-json\/wp\/v2\/posts"}],"about":[{"href":"https:\/\/www.citm.upc.edu\/blog\/wp-json\/wp\/v2\/types\/post"}],"author":[{"embeddable":true,"href":"https:\/\/www.citm.upc.edu\/blog\/wp-json\/wp\/v2\/users\/2"}],"replies":[{"embeddable":true,"href":"https:\/\/www.citm.upc.edu\/blog\/wp-json\/wp\/v2\/comments?post=5359"}],"version-history":[{"count":5,"href":"https:\/\/www.citm.upc.edu\/blog\/wp-json\/wp\/v2\/posts\/5359\/revisions"}],"predecessor-version":[{"id":5369,"href":"https:\/\/www.citm.upc.edu\/blog\/wp-json\/wp\/v2\/posts\/5359\/revisions\/5369"}],"wp:featuredmedia":[{"embeddable":true,"href":"https:\/\/www.citm.upc.edu\/blog\/wp-json\/wp\/v2\/media\/5367"}],"wp:attachment":[{"href":"https:\/\/www.citm.upc.edu\/blog\/wp-json\/wp\/v2\/media?parent=5359"}],"wp:term":[{"taxonomy":"category","embeddable":true,"href":"https:\/\/www.citm.upc.edu\/blog\/wp-json\/wp\/v2\/categories?post=5359"},{"taxonomy":"post_tag","embeddable":true,"href":"https:\/\/www.citm.upc.edu\/blog\/wp-json\/wp\/v2\/tags?post=5359"}],"curies":[{"name":"wp","href":"https:\/\/api.w.org\/{rel}","templated":true}]}}