{"id":5618,"date":"2021-09-20T13:18:06","date_gmt":"2021-09-20T11:18:06","guid":{"rendered":"https:\/\/www.citm.upc.edu\/blog\/?p=5618"},"modified":"2021-10-19T11:13:19","modified_gmt":"2021-10-19T09:13:19","slug":"hello-world-hola-agora-citm","status":"publish","type":"post","link":"https:\/\/www.citm.upc.edu\/blog\/hello-world-hola-agora-citm\/","title":{"rendered":"Hello World, Hola \u00c1gora CITM"},"content":{"rendered":"<p>Bienvenid@s a un nuevo espacio. Quiz\u00e1s viste nuestra entrada en obras este verano o simplemente es la primera vez que entras por la puerta del centro. En cualquier caso, queremos compartir hoy con estudiantes, profesorado, personal de la casa y cualquiera que nos visite la metamorfosis de un<em> hall <\/em>en el \u00c1gora CITM. A continuaci\u00f3n, te explicamos c\u00f3mo surgi\u00f3 la idea de un proyecto colaborativo con el arte, la tecnolog\u00eda y la pedagog\u00eda en el punto de mira.<!--more--><\/p>\n<p><a href=\"https:\/\/www.citm.upc.edu\/blog\/wp-content\/uploads\/2021\/09\/017-scaled.jpg\" target=\"_blank\" rel=\"noopener noreferrer\"><img loading=\"lazy\" decoding=\"async\" class=\"alignleft wp-image-5622 size-medium\" src=\"https:\/\/www.citm.upc.edu\/blog\/wp-content\/uploads\/2021\/09\/017-300x190.jpg\" alt=\"\" width=\"300\" height=\"190\" srcset=\"https:\/\/www.citm.upc.edu\/blog\/wp-content\/uploads\/2021\/09\/017-300x190.jpg 300w, https:\/\/www.citm.upc.edu\/blog\/wp-content\/uploads\/2021\/09\/017-1024x650.jpg 1024w, https:\/\/www.citm.upc.edu\/blog\/wp-content\/uploads\/2021\/09\/017-768x487.jpg 768w, https:\/\/www.citm.upc.edu\/blog\/wp-content\/uploads\/2021\/09\/017-1536x975.jpg 1536w, https:\/\/www.citm.upc.edu\/blog\/wp-content\/uploads\/2021\/09\/017-2048x1300.jpg 2048w\" sizes=\"auto, (max-width: 300px) 100vw, 300px\" \/><\/a>Hace un a\u00f1o, por estas fechas, empez\u00f3 el proyecto <strong>\u00c1gora CITM<\/strong>, una apuesta del nuevo equipo directivo del CITM. La idea: reconvertir el <em>hall <\/em>del edificio TR12 de Terrassa, sede de los grados en Dise\u00f1o, Arte y Animaci\u00f3n Digital; Multimedia y Dise\u00f1o y Desarrollo de Videojuegos, en un lugar de encuentro de la comunidad CITM, adapt\u00e1ndolo a la muestra de trabajos generados principalmente por estudiantes de nuestros tres grados.<\/p>\n<p>Tambi\u00e9n nos planteamos un cambio de imagen que con una simple mirada te informase que aqu\u00ed nos gusta el <strong>arte<\/strong> y la <strong>tecnolog\u00eda<\/strong>. Decidimos que este proyecto, coordinado por el \u00e1rea de Comunidad y Trayectoria, se llevase a cabo colaborativamente, de manera que profesores, personal administrativo y, por supuesto, l@s propi@s estudiantes pudiesen aportar ideas y poner sobre la mesa necesidades y deseos. Siendo la entrada principal un lugar de paso, era todo un reto dotarlo de entidad propia y convertir la gran afluencia de alumnado en una potencialidad y no un problema.<\/p>\n<p>A inicios de a\u00f1o, se cre\u00f3 una comisi\u00f3n de alumn@s CITM, dentro de la reci\u00e9n nacida CITM Students Community. Se hicieron varios encuentros y sondeos con grupos globales y m\u00e1s espec\u00edficos, con el fin de ver cu\u00e1les eran las necesidades y as\u00ed poder elaborar un <em>briefing<\/em>, al que se iban a\u00f1adiendo ideas y matices seg\u00fan pasaban los meses.<\/p>\n<p><a href=\"https:\/\/www.citm.upc.edu\/blog\/wp-content\/uploads\/2021\/09\/005-scaled.jpg\" target=\"_blank\" rel=\"noopener noreferrer\"><img loading=\"lazy\" decoding=\"async\" class=\"alignleft wp-image-5625 size-medium\" src=\"https:\/\/www.citm.upc.edu\/blog\/wp-content\/uploads\/2021\/09\/005-300x197.jpg\" alt=\"\" width=\"300\" height=\"197\" srcset=\"https:\/\/www.citm.upc.edu\/blog\/wp-content\/uploads\/2021\/09\/005-300x197.jpg 300w, https:\/\/www.citm.upc.edu\/blog\/wp-content\/uploads\/2021\/09\/005-1024x672.jpg 1024w, https:\/\/www.citm.upc.edu\/blog\/wp-content\/uploads\/2021\/09\/005-768x504.jpg 768w, https:\/\/www.citm.upc.edu\/blog\/wp-content\/uploads\/2021\/09\/005-1536x1008.jpg 1536w, https:\/\/www.citm.upc.edu\/blog\/wp-content\/uploads\/2021\/09\/005-2048x1344.jpg 2048w\" sizes=\"auto, (max-width: 300px) 100vw, 300px\" \/><\/a>Desde el inicio surgi\u00f3 la idea de llevar este proyecto colaborativo m\u00e1s all\u00e1 de nuestra escuela. En paralelo, se iniciaron conversaciones con la Escuela T\u00e9cnica Superior de Arquitectura de Barcelona (<strong>ETSAB<\/strong>) de la UPC con el fin de proponerles sumarse al proyecto. Entramos en contacto con el arquitecto y profesor Sr. Joan Llu\u00eds Zamora i Mestre, tambi\u00e9n con su extraordinario grupo de alumnos del curso 2020-2021 de la asignatura <em>Tecnolog\u00eda Avanzada para la Construcci\u00f3n del Espacio Interior en la Arquitectura<\/em> del <strong>m\u00e1ster MBArch-ITA<\/strong>. A partir de ah\u00ed se inici\u00f3 un proceso en el cual los alumnos y alumnas, Izzy \u00c1ngel Mesquita Santos, Eugenio Rubido Suarez, Julio Andr\u00e9s Fuentes Armas, Maira Ariela Taborda, Manuel Camilo Munar y Nicol\u00e1s Lietti, coordinados por la tambi\u00e9n alumna Ghyslaine Romina Manzaba y bajo la supervisi\u00f3n de Zamora, iniciaron un estudio exhaustivo del espacio y de las necesidades recogidas en el <em>briefing<\/em>. Intercambiamos planos, se hicieron fotos, se tomaron medidas y se sucedieron encuentros presenciales, pero sobre todo virtuales (por el COVID y la internacionalidad de los estudiantes del m\u00e1ster) con el fin de sintonizar necesidades, soluciones, deseos, retos, creatividad y tecnolog\u00eda. A partir de ah\u00ed se inici\u00f3 un interesante y necesario di\u00e1logo entre ETSAB y CITM. Nuestras necesidades eran contestadas con las propuestas de los arquitectos, las cuales daban pie a nuevas discusiones y comentarios con la comunidad CITM.<\/p>\n<p><a href=\"https:\/\/www.citm.upc.edu\/blog\/wp-content\/uploads\/2021\/09\/001-scaled.jpg\" target=\"_blank\" rel=\"noopener noreferrer\"><img loading=\"lazy\" decoding=\"async\" class=\"alignleft wp-image-5626 size-medium\" src=\"https:\/\/www.citm.upc.edu\/blog\/wp-content\/uploads\/2021\/09\/001-300x186.jpg\" alt=\"\" width=\"300\" height=\"186\" srcset=\"https:\/\/www.citm.upc.edu\/blog\/wp-content\/uploads\/2021\/09\/001-300x186.jpg 300w, https:\/\/www.citm.upc.edu\/blog\/wp-content\/uploads\/2021\/09\/001-1024x634.jpg 1024w, https:\/\/www.citm.upc.edu\/blog\/wp-content\/uploads\/2021\/09\/001-768x476.jpg 768w, https:\/\/www.citm.upc.edu\/blog\/wp-content\/uploads\/2021\/09\/001-1536x951.jpg 1536w, https:\/\/www.citm.upc.edu\/blog\/wp-content\/uploads\/2021\/09\/001-2048x1268.jpg 2048w\" sizes=\"auto, (max-width: 300px) 100vw, 300px\" \/><\/a>Una vez acabado el m\u00e1ster y con el proyecto ejecutivo entregado, se decidi\u00f3 llevarlo a cabo en tres fases: la primera, la redecoraci\u00f3n del espacio e instalaci\u00f3n de una pantalla de bienvenida; la segunda, generar din\u00e1micas para la creaci\u00f3n de los contenidos por parte de los estudiantes para la gran pantalla, y la tercera, la adquisici\u00f3n de equipos con la tecnolog\u00eda necesaria para mostrar el trabajo de l@s alumn@s.<\/p>\n<p>En la adaptaci\u00f3n y ejecuci\u00f3n del proyecto arquitect\u00f3nico, hemos contado con la inestimable ayuda de la propia Central de Proyectos, del equipo de sistemas del CITM, as\u00ed como del <strong>dise\u00f1ador gr\u00e1fico David Torrents<\/strong> y su estudio, quienes han creado la \u2018piel\u2019 que cubre parte de las paredes del <em>hall <\/em>con un dise\u00f1o consistente en la abstracci\u00f3n de motivos ligados al arte y la tecnolog\u00eda. David Torrents es un premiado dise\u00f1ador, responsable del dise\u00f1o gr\u00e1fico de exposiciones como \u201cPantalla Global\u201d o \u201cGameplay. La Cultura del Videojuego\u201d, ambas en el CCCB, y tambi\u00e9n dise\u00f1ador del proyecto interactivo de luz y sonido Bruum Ruum situado en espacio p\u00fablico junto al Disseny Hub de Barcelona.<\/p>\n<p>Esperamos que pod\u00e1is disfrutar de este nuevo espacio a partir de este curso y sobre todo que juntas y juntos, estudiantes, profes y personal del Centro, creemos las din\u00e1micas necesarias para convertir este lugar que hemos creado entre tod@s en el lugar de muestra de trabajos, presentaciones y debates en torno a lo que amamos: la educaci\u00f3n, el arte y la tecnolog\u00eda.<\/p>\n<p><strong>Carolina L\u00f3pez<\/strong>. Profesora del CITM y coordinadora de Comunidad y Trayectoria<\/p>\n<p><a href=\"https:\/\/www.flickr.com\/photos\/citmupc\/sets\/72157719873034143\" target=\"_blank\" rel=\"noopener noreferrer\"><strong>Galer\u00eda de Flick \u00c1gora CITM<\/strong><\/a><\/p>\n","protected":false},"excerpt":{"rendered":"<p>Bienvenid@s a un nuevo espacio. Quiz\u00e1s viste nuestra entrada en obras este verano o simplemente es la primera vez que entras por la puerta del centro. En cualquier caso, queremos compartir hoy con estudiantes, profesorado, personal de la casa y cualquiera que nos visite la metamorfosis de un hall en el \u00c1gora CITM. A continuaci\u00f3n, &#8230; <a title=\"Hello World, Hola \u00c1gora CITM\" class=\"read-more\" href=\"https:\/\/www.citm.upc.edu\/blog\/hello-world-hola-agora-citm\/\" aria-label=\"Read more about Hello World, Hola \u00c1gora CITM\">Leer m\u00e1s<\/a><\/p>\n","protected":false},"author":2,"featured_media":5624,"comment_status":"closed","ping_status":"closed","sticky":false,"template":"","format":"standard","meta":{"footnotes":""},"categories":[23,108,17,24,19],"tags":[710,715,711,712,223,713,184,714],"class_list":["post-5618","post","type-post","status-publish","format-standard","has-post-thumbnail","hentry","category-animacion-digital","category-institucional-2","category-multimedia-2","category-trabajos-alumnos","category-videojuegos","tag-agora-citm","tag-edificio-tr12","tag-hall-citm","tag-nuevos-proyectos","tag-trabajos-alumnos-2","tag-trabajos-animacion","tag-trabajos-multimedia","tag-trabajos-videojuegos"],"aioseo_notices":[],"_links":{"self":[{"href":"https:\/\/www.citm.upc.edu\/blog\/wp-json\/wp\/v2\/posts\/5618","targetHints":{"allow":["GET"]}}],"collection":[{"href":"https:\/\/www.citm.upc.edu\/blog\/wp-json\/wp\/v2\/posts"}],"about":[{"href":"https:\/\/www.citm.upc.edu\/blog\/wp-json\/wp\/v2\/types\/post"}],"author":[{"embeddable":true,"href":"https:\/\/www.citm.upc.edu\/blog\/wp-json\/wp\/v2\/users\/2"}],"replies":[{"embeddable":true,"href":"https:\/\/www.citm.upc.edu\/blog\/wp-json\/wp\/v2\/comments?post=5618"}],"version-history":[{"count":6,"href":"https:\/\/www.citm.upc.edu\/blog\/wp-json\/wp\/v2\/posts\/5618\/revisions"}],"predecessor-version":[{"id":5654,"href":"https:\/\/www.citm.upc.edu\/blog\/wp-json\/wp\/v2\/posts\/5618\/revisions\/5654"}],"wp:featuredmedia":[{"embeddable":true,"href":"https:\/\/www.citm.upc.edu\/blog\/wp-json\/wp\/v2\/media\/5624"}],"wp:attachment":[{"href":"https:\/\/www.citm.upc.edu\/blog\/wp-json\/wp\/v2\/media?parent=5618"}],"wp:term":[{"taxonomy":"category","embeddable":true,"href":"https:\/\/www.citm.upc.edu\/blog\/wp-json\/wp\/v2\/categories?post=5618"},{"taxonomy":"post_tag","embeddable":true,"href":"https:\/\/www.citm.upc.edu\/blog\/wp-json\/wp\/v2\/tags?post=5618"}],"curies":[{"name":"wp","href":"https:\/\/api.w.org\/{rel}","templated":true}]}}