{"id":57,"date":"2008-03-11T00:00:00","date_gmt":"2008-03-10T23:00:00","guid":{"rendered":"http:\/\/www.citm.upc.edu\/blog\/?p=57"},"modified":"2008-03-11T00:00:00","modified_gmt":"2008-03-10T23:00:00","slug":"estudiantes-del-citm-galardonados-en-el-premio-de-fotografia-caixa-terrassa","status":"publish","type":"post","link":"https:\/\/www.citm.upc.edu\/blog\/estudiantes-del-citm-galardonados-en-el-premio-de-fotografia-caixa-terrassa\/","title":{"rendered":"Estudiantes del CITM galardonados en el Premio de Fotograf\u00eda Caixa Terrassa"},"content":{"rendered":"<p>En esta 7a edici\u00f3n del concurso se presentaron un total de 217 trabajos de tem\u00e1tica libre, y la ganadora del primer premio ha sido la autora Patr\u00edcia Bofill, con las fotograf\u00edas tituladas &#8216;Figuracions&#8217;.<\/p>\n<p>El Centro de la Imagen y la Tecnolog\u00eda Multimedia ha prestado su asesoramiento y colaboraci\u00f3n t\u00e9cnica en este proyecto, a trav\u00e9s de Toni Bover, profesor del Graduado en Fotograf\u00eda. <\/p>\n<p>El Premio de Fotograf\u00eda Caixa Terrassa, seg\u00fan sus organizadores, responde a un doble prop\u00f3sito: por un lado, contribuir al desarrollo y a la promoci\u00f3n de la fotograf\u00eda catalana, y por otro, constituir un testimonio gr\u00e1fico de la vida y la realidad m\u00e1s actuales, a lo largo de sucesivas ediciones bienales. <\/p>\n","protected":false},"excerpt":{"rendered":"<p>En esta 7a edici\u00f3n del concurso se presentaron un total de 217 trabajos de tem\u00e1tica libre, y la ganadora del primer premio ha sido la autora Patr\u00edcia Bofill, con las fotograf\u00edas tituladas &#8216;Figuracions&#8217;. El Centro de la Imagen y la Tecnolog\u00eda Multimedia ha prestado su asesoramiento y colaboraci\u00f3n t\u00e9cnica en este proyecto, a trav\u00e9s de &#8230; <a title=\"Estudiantes del CITM galardonados en el Premio de Fotograf\u00eda Caixa Terrassa\" class=\"read-more\" href=\"https:\/\/www.citm.upc.edu\/blog\/estudiantes-del-citm-galardonados-en-el-premio-de-fotografia-caixa-terrassa\/\" aria-label=\"Read more about Estudiantes del CITM galardonados en el Premio de Fotograf\u00eda Caixa Terrassa\">Leer m\u00e1s<\/a><\/p>\n","protected":false},"author":2,"featured_media":0,"comment_status":"open","ping_status":"open","sticky":false,"template":"","format":"standard","meta":{"footnotes":""},"categories":[1],"tags":[],"class_list":["post-57","post","type-post","status-publish","format-standard","hentry","category-uncategorized"],"aioseo_notices":[],"_links":{"self":[{"href":"https:\/\/www.citm.upc.edu\/blog\/wp-json\/wp\/v2\/posts\/57","targetHints":{"allow":["GET"]}}],"collection":[{"href":"https:\/\/www.citm.upc.edu\/blog\/wp-json\/wp\/v2\/posts"}],"about":[{"href":"https:\/\/www.citm.upc.edu\/blog\/wp-json\/wp\/v2\/types\/post"}],"author":[{"embeddable":true,"href":"https:\/\/www.citm.upc.edu\/blog\/wp-json\/wp\/v2\/users\/2"}],"replies":[{"embeddable":true,"href":"https:\/\/www.citm.upc.edu\/blog\/wp-json\/wp\/v2\/comments?post=57"}],"version-history":[{"count":0,"href":"https:\/\/www.citm.upc.edu\/blog\/wp-json\/wp\/v2\/posts\/57\/revisions"}],"wp:attachment":[{"href":"https:\/\/www.citm.upc.edu\/blog\/wp-json\/wp\/v2\/media?parent=57"}],"wp:term":[{"taxonomy":"category","embeddable":true,"href":"https:\/\/www.citm.upc.edu\/blog\/wp-json\/wp\/v2\/categories?post=57"},{"taxonomy":"post_tag","embeddable":true,"href":"https:\/\/www.citm.upc.edu\/blog\/wp-json\/wp\/v2\/tags?post=57"}],"curies":[{"name":"wp","href":"https:\/\/api.w.org\/{rel}","templated":true}]}}