{"id":5709,"date":"2021-10-20T13:21:04","date_gmt":"2021-10-20T11:21:04","guid":{"rendered":"https:\/\/www.citm.upc.edu\/blog\/?p=5709"},"modified":"2021-10-25T11:56:10","modified_gmt":"2021-10-25T09:56:10","slug":"conrad-roset-director-creativo-del-premiado-videojuego-gris-impartira-la-leccion-inaugural-del-curso-2021-2022","status":"publish","type":"post","link":"https:\/\/www.citm.upc.edu\/blog\/conrad-roset-director-creativo-del-premiado-videojuego-gris-impartira-la-leccion-inaugural-del-curso-2021-2022\/","title":{"rendered":"Conrad Roset, director creativo del premiado videojuego GRIS, impartir\u00e1 la lecci\u00f3n inaugural del curso 2021-2022"},"content":{"rendered":"<p>El mi\u00e9rcoles 27 de octubre, a las 17:30 h, tendr\u00e1 lugar en el Auditorio Municipal de Terrassa el acto de inauguraci\u00f3n oficial del curso 2021-2022 del Centro de la Imagen y la Tecnolog\u00eda Multimedia (CITM). El ilustrador Conrad Roset, director creativo del premiado videojuego GRIS, nos ofrecer\u00e1 la lecci\u00f3n inaugural de este a\u00f1o. \u00a1Os esperamos!<!--more--><\/p>\n<p>Roset nos hablar\u00e1 de su trayectoria profesional como ilustrador centr\u00e1ndose en el <strong>arte de GRIS<\/strong>, un videojuego <em>indie<\/em> de plataformas y puzzles que destaca sobre todo por su propuesta gr\u00e1fica, de gran belleza visual. GRIS es 1a creaci\u00f3n de <strong><a href=\"https:\/\/nomada.studio\/\" target=\"_blank\" rel=\"noopener noreferrer\">Nomada Studio<\/a><\/strong>, y ha supuesto un rotundo \u00e9xito internacional con m\u00e1s de un mill\u00f3n de copias y numerosos reconocimientos, entre los que destacan los 7 premios Gamelab, un Annie Award, un Game Award y tres nominaciones para los Bafta.<\/p>\n<p><strong><u><a href=\"https:\/\/www.citm.upc.edu\/blog\/wp-content\/uploads\/2021\/10\/Conrad-1.jpg\" target=\"_blank\" rel=\"noopener noreferrer\"><img loading=\"lazy\" decoding=\"async\" class=\"alignleft wp-image-5707 size-medium\" src=\"https:\/\/www.citm.upc.edu\/blog\/wp-content\/uploads\/2021\/10\/Conrad-1-300x275.jpg\" alt=\"\" width=\"300\" height=\"275\" srcset=\"https:\/\/www.citm.upc.edu\/blog\/wp-content\/uploads\/2021\/10\/Conrad-1-300x275.jpg 300w, https:\/\/www.citm.upc.edu\/blog\/wp-content\/uploads\/2021\/10\/Conrad-1-1024x938.jpg 1024w, https:\/\/www.citm.upc.edu\/blog\/wp-content\/uploads\/2021\/10\/Conrad-1-768x704.jpg 768w, https:\/\/www.citm.upc.edu\/blog\/wp-content\/uploads\/2021\/10\/Conrad-1.jpg 1425w\" sizes=\"auto, (max-width: 300px) 100vw, 300px\" \/><\/a>El ponente<\/u><\/strong><\/p>\n<p><strong>Conrad Roset<\/strong> (Terrassa 1984). Apasionado del dibujo desde muy peque\u00f1o. Tras formarse en la Escuela Joso, estudi\u00f3 en la Facultad de Bellas Artes de Barcelona. Gracias a la difusi\u00f3n de sus ilustraciones por internet comenz\u00f3 a trabajar para la firma de moda Zara. Un a\u00f1o m\u00e1s tarde, dio sus primeros pasos como ilustrador <em>freelance<\/em> y desde entonces colabora con varias marcas internacionales, agencias de publicidad y editoriales. Siempre ha combinado su trabajo de ilustrador con el desarrollo de diversos proyectos art\u00edsticos y personales. En los \u00faltimos a\u00f1os, su obra se ha expuesto en diversos museos y galer\u00edas nacionales e internacionales.<\/p>\n<p>El a\u00f1o 2017 Roset dio un giro a su carrera y cre\u00f3, junto con sus socios Roger Mendoza y Adri\u00e1n Cuevas, Nomada Studio, que a finales de 2018 lanz\u00f3 su primera y exitosa producci\u00f3n: GRIS.<\/p>\n<p><strong><a href=\"https:\/\/www.citm.upc.edu\/esp\/agenda\/2021\/10\/27\/leccion-inaugural-del-citm-el-arte-detras-de-gris\/2926\/assistir\/\" target=\"_blank\" rel=\"noopener noreferrer\">INSCRIPCIONES A LA LECCI\u00d3N INAUGURAL 2021-2022<\/a> <\/strong><\/p>\n","protected":false},"excerpt":{"rendered":"<p>El mi\u00e9rcoles 27 de octubre, a las 17:30 h, tendr\u00e1 lugar en el Auditorio Municipal de Terrassa el acto de inauguraci\u00f3n oficial del curso 2021-2022 del Centro de la Imagen y la Tecnolog\u00eda Multimedia (CITM). El ilustrador Conrad Roset, director creativo del premiado videojuego GRIS, nos ofrecer\u00e1 la lecci\u00f3n inaugural de este a\u00f1o. \u00a1Os esperamos!<\/p>\n","protected":false},"author":2,"featured_media":5705,"comment_status":"closed","ping_status":"closed","sticky":false,"template":"","format":"standard","meta":{"footnotes":""},"categories":[108,19],"tags":[537,722,205,723,592,31],"class_list":["post-5709","post","type-post","status-publish","format-standard","has-post-thumbnail","hentry","category-institucional-2","category-videojuegos","tag-arte-digital","tag-estudios-citm","tag-grados-citm","tag-inicio-curso","tag-leccion-inaugural","tag-videojuegos-2"],"aioseo_notices":[],"_links":{"self":[{"href":"https:\/\/www.citm.upc.edu\/blog\/wp-json\/wp\/v2\/posts\/5709","targetHints":{"allow":["GET"]}}],"collection":[{"href":"https:\/\/www.citm.upc.edu\/blog\/wp-json\/wp\/v2\/posts"}],"about":[{"href":"https:\/\/www.citm.upc.edu\/blog\/wp-json\/wp\/v2\/types\/post"}],"author":[{"embeddable":true,"href":"https:\/\/www.citm.upc.edu\/blog\/wp-json\/wp\/v2\/users\/2"}],"replies":[{"embeddable":true,"href":"https:\/\/www.citm.upc.edu\/blog\/wp-json\/wp\/v2\/comments?post=5709"}],"version-history":[{"count":2,"href":"https:\/\/www.citm.upc.edu\/blog\/wp-json\/wp\/v2\/posts\/5709\/revisions"}],"predecessor-version":[{"id":5742,"href":"https:\/\/www.citm.upc.edu\/blog\/wp-json\/wp\/v2\/posts\/5709\/revisions\/5742"}],"wp:featuredmedia":[{"embeddable":true,"href":"https:\/\/www.citm.upc.edu\/blog\/wp-json\/wp\/v2\/media\/5705"}],"wp:attachment":[{"href":"https:\/\/www.citm.upc.edu\/blog\/wp-json\/wp\/v2\/media?parent=5709"}],"wp:term":[{"taxonomy":"category","embeddable":true,"href":"https:\/\/www.citm.upc.edu\/blog\/wp-json\/wp\/v2\/categories?post=5709"},{"taxonomy":"post_tag","embeddable":true,"href":"https:\/\/www.citm.upc.edu\/blog\/wp-json\/wp\/v2\/tags?post=5709"}],"curies":[{"name":"wp","href":"https:\/\/api.w.org\/{rel}","templated":true}]}}